{"id":1103,"date":"2013-05-02T19:55:35","date_gmt":"2013-05-02T17:55:35","guid":{"rendered":"http:\/\/www.tvk-gaj.pl\/~gajonline\/?p=1103"},"modified":"2013-05-02T19:58:38","modified_gmt":"2013-05-02T17:58:38","slug":"majowa-promocja-w-ferio-gaj","status":"publish","type":"post","link":"https:\/\/online.tvk-gaj.pl\/?p=1103","title":{"rendered":"Majowa promocja w Ferio Gaj"},"content":{"rendered":"<p style=\"text-align: left;\" align=\"center\">Informacja prasowa Centrum Handlowego Ferio Gaj. Majowa promocja, w kt\u00f3rej mo\u017cna zdoby\u0107 piknikowe kosze. Wi\u0119cej w dalszej cz\u0119\u015bci notatki prasowej.\u00a0<strong><!--more--><\/strong><\/p>\n<p align=\"center\"><img loading=\"lazy\" decoding=\"async\" class=\"size-full wp-image-1104 alignleft\" alt=\"FGW_Piknik_b1\" src=\"http:\/\/www.tvk-gaj.pl\/~gajonline\/wp-content\/uploads\/2013\/05\/FGW_Piknik_b1.jpg\" width=\"700\" height=\"1000\" srcset=\"https:\/\/online.tvk-gaj.pl\/wp-content\/uploads\/2013\/05\/FGW_Piknik_b1.jpg 700w, https:\/\/online.tvk-gaj.pl\/wp-content\/uploads\/2013\/05\/FGW_Piknik_b1-210x300.jpg 210w\" sizes=\"auto, (max-width: 700px) 100vw, 700px\" \/><\/p>\n<p>&nbsp;<\/p>\n<p>Najpi\u0119kniejsze kosze piknikowe, jak g\u0142osi podawana z ust do ust informacja w tym roku dost\u0119pne b\u0119d\u0105 w FERIO Gaj we Wroc\u0142awiu. Zdoby\u0107 je b\u0119dzie mo\u017cna <b>w dniach od 6 do 18 maja.<\/b><\/p>\n<p>Czyni\u0105c zabiegi w staraniach o pi\u0119kny piknikowy kosz, ka\u017cda odwiedzaj\u0105ca FERIO Gaj i bior\u0105ca udzia\u0142 w zabawie osoba, zobowi\u0105zana b\u0119dzie do okazania paragon\u00f3w za wykonane w tych dniach zakupy, w dowolnych sklepach Galerii Handlowej <b>na \u0142\u0105czn\u0105 kwot\u0119 75 PLN.<\/b><\/p>\n<p>Paragony trzeba b\u0119dzie przedstawi\u0107 w Punkcie Wydawania Prezent\u00f3w w FERIO Gaj. Nagrod\u0119 w postaci kosza odebra\u0107 b\u0119dzie mo\u017cna wed\u0142ug zamieszczonego poni\u017cej harmonogramu.<\/p>\n<p>Warto doda\u0107, \u017ce:<\/p>\n<ul>\n<li>zakupy dokonane w dniach 6-11 maja umo\u017cliwiaj\u0105 odebranie nagrody\u00a0 w dniach\u00a0 10\/11 maja,<\/li>\n<li>zakupy dokonane dniach 12-18 maja\u00a0 umo\u017cliwiaj\u0105 odebranie\u00a0 nagrody\u00a0 w dniach\u00a0 17\/18 maja.<\/li>\n<\/ul>\n<p>&nbsp;<\/p>\n<p>Punkt Wydawania Prezent\u00f3w\u00a0 b\u0119dzie si\u0119 mie\u015bci\u0142 w FERIO Gaj we Wroc\u0142awiu \u00a0i czynny b\u0119dzie:<\/p>\n<ul>\n<li>10. maja 2013 r.\u00a0 w godz. 14:00-20:00,<\/li>\n<li>11. maja 2013 r. w godz. 12:00-18:00,<\/li>\n<li>17. maja 2013 r., w godz. 14:00-20:00,<\/li>\n<li>18. maja 2013 r, w godz. 12:00-18:00.<\/li>\n<\/ul>\n<p>&nbsp;<\/p>\n<p><b>Centrum handlowo \u2013 us\u0142ugowe\u00a0\u00a0 FERIO Gaj,<\/b><\/p>\n<p style=\"text-align: left;\" align=\"center\"><b>ul. \u015awieradowska 51\/57, 50-559 Wroc\u0142aw,<\/b><\/p>\n<p style=\"text-align: left;\" align=\"center\"><b>Godziny otwarcia Centrum pon. &#8211;\u00a0 sb. 10:00-21:00, ndz. 10:00-19:00.<\/b><\/p>\n<p style=\"text-align: left;\" align=\"center\"><b>Godziny otwarcia supermarketu Piotr i Pawe\u0142 pon. \u2013\u00a0 sb.\u00a0 8:00-22:30, ndz. 10:00-19:00.<\/b><\/p>\n","protected":false},"excerpt":{"rendered":"<p>Informacja prasowa Centrum Handlowego Ferio Gaj. Majowa promocja, w kt\u00f3rej mo\u017cna zdoby\u0107 piknikowe kosze. Wi\u0119cej w dalszej cz\u0119\u015bci notatki prasowej.\u00a0<\/p>\n","protected":false},"author":1,"featured_media":1104,"comment_status":"open","ping_status":"open","sticky":false,"template":"","format":"standard","meta":{"footnotes":""},"categories":[14],"tags":[71],"class_list":["post-1103","post","type-post","status-publish","format-standard","has-post-thumbnail","hentry","category-aktualnosci","tag-ferio-gaj-swieradowska-centrum-handlowe-gaj"],"_links":{"self":[{"href":"https:\/\/online.tvk-gaj.pl\/index.php?rest_route=\/wp\/v2\/posts\/1103","targetHints":{"allow":["GET"]}}],"collection":[{"href":"https:\/\/online.tvk-gaj.pl\/index.php?rest_route=\/wp\/v2\/posts"}],"about":[{"href":"https:\/\/online.tvk-gaj.pl\/index.php?rest_route=\/wp\/v2\/types\/post"}],"author":[{"embeddable":true,"href":"https:\/\/online.tvk-gaj.pl\/index.php?rest_route=\/wp\/v2\/users\/1"}],"replies":[{"embeddable":true,"href":"https:\/\/online.tvk-gaj.pl\/index.php?rest_route=%2Fwp%2Fv2%2Fcomments&post=1103"}],"version-history":[{"count":8,"href":"https:\/\/online.tvk-gaj.pl\/index.php?rest_route=\/wp\/v2\/posts\/1103\/revisions"}],"predecessor-version":[{"id":1648,"href":"https:\/\/online.tvk-gaj.pl\/index.php?rest_route=\/wp\/v2\/posts\/1103\/revisions\/1648"}],"wp:featuredmedia":[{"embeddable":true,"href":"https:\/\/online.tvk-gaj.pl\/index.php?rest_route=\/wp\/v2\/media\/1104"}],"wp:attachment":[{"href":"https:\/\/online.tvk-gaj.pl\/index.php?rest_route=%2Fwp%2Fv2%2Fmedia&parent=1103"}],"wp:term":[{"taxonomy":"category","embeddable":true,"href":"https:\/\/online.tvk-gaj.pl\/index.php?rest_route=%2Fwp%2Fv2%2Fcategories&post=1103"},{"taxonomy":"post_tag","embeddable":true,"href":"https:\/\/online.tvk-gaj.pl\/index.php?rest_route=%2Fwp%2Fv2%2Ftags&post=1103"}],"curies":[{"name":"wp","href":"https:\/\/api.w.org\/{rel}","templated":true}]}}