{"id":11102,"date":"2019-06-09T19:34:18","date_gmt":"2019-06-09T17:34:18","guid":{"rendered":"http:\/\/www.tvk-gaj.pl\/~gajonline\/?p=11102"},"modified":"2019-06-16T21:37:40","modified_gmt":"2019-06-16T19:37:40","slug":"zapraszamy-na-festyn-osiedlowy-3","status":"publish","type":"post","link":"https:\/\/online.tvk-gaj.pl\/?p=11102","title":{"rendered":"Zapraszamy na Festyn Osiedlowy"},"content":{"rendered":"\n<p>Rada Osiedla Gaj serdecznie zaprasza wszystkich mieszka\u0144c\u00f3w naszego osiedla na festyn osiedlowy, kt\u00f3ry odb\u0119dzie si\u0119 15 czerwca w Parku S\u0142onecznym na Gaju. Zdecydowanie warto przyj\u015b\u0107, by wsp\u00f3lnie przywita\u0107 tegoroczne lato. <\/p>\n\n\n\n<p><\/p>\n\n\n\n<figure class=\"wp-block-image\"><img loading=\"lazy\" decoding=\"async\" width=\"724\" height=\"1024\" src=\"http:\/\/www.tvk-gaj.pl\/~gajonline\/wp-content\/uploads\/2019\/06\/FESTYN-OSIEDLA-GAJ-724x1024.jpg\" alt=\"\" class=\"wp-image-11105\" srcset=\"https:\/\/online.tvk-gaj.pl\/wp-content\/uploads\/2019\/06\/FESTYN-OSIEDLA-GAJ-724x1024.jpg 724w, https:\/\/online.tvk-gaj.pl\/wp-content\/uploads\/2019\/06\/FESTYN-OSIEDLA-GAJ-212x300.jpg 212w, https:\/\/online.tvk-gaj.pl\/wp-content\/uploads\/2019\/06\/FESTYN-OSIEDLA-GAJ-768x1086.jpg 768w, https:\/\/online.tvk-gaj.pl\/wp-content\/uploads\/2019\/06\/FESTYN-OSIEDLA-GAJ.jpg 1588w\" sizes=\"auto, (max-width: 724px) 100vw, 724px\" \/><\/figure>\n\n\n\n<p><\/p>\n\n\n\n<p>W ramach festynu przewidziano liczne atrakcje, szczeg\u00f3lnie dla najm\u0142odszych mieszka\u0144c\u00f3w osiedla. Opr\u00f3cz muzyki na \u017cywo oraz grill baru pojawi\u0105 si\u0119 dmuchane zamki i zabawki, profesjonalne animacje dla dzieci, konkursy z nagrodami, fotobudka, stoiska partnerskie oraz wiele innych atrakcji!<\/p>\n\n\n\n<p><\/p>\n\n\n\n<p><strong>PROGRAM IMPREZY<\/strong><\/p>\n\n\n\n<figure class=\"wp-block-image\"><img loading=\"lazy\" decoding=\"async\" width=\"612\" height=\"758\" src=\"http:\/\/www.tvk-gaj.pl\/~gajonline\/wp-content\/uploads\/2019\/06\/scenariusz-festyn-2019.png\" alt=\"\" class=\"wp-image-11110\" srcset=\"https:\/\/online.tvk-gaj.pl\/wp-content\/uploads\/2019\/06\/scenariusz-festyn-2019.png 612w, https:\/\/online.tvk-gaj.pl\/wp-content\/uploads\/2019\/06\/scenariusz-festyn-2019-242x300.png 242w\" sizes=\"auto, (max-width: 612px) 100vw, 612px\" \/><\/figure>\n\n\n\n<p><\/p>\n\n\n\n<figure class=\"wp-block-image\"><img loading=\"lazy\" decoding=\"async\" width=\"590\" height=\"759\" src=\"http:\/\/www.tvk-gaj.pl\/~gajonline\/wp-content\/uploads\/2019\/06\/scenariusz-festynu-2019-2.png\" alt=\"\" class=\"wp-image-11112\" srcset=\"https:\/\/online.tvk-gaj.pl\/wp-content\/uploads\/2019\/06\/scenariusz-festynu-2019-2.png 590w, https:\/\/online.tvk-gaj.pl\/wp-content\/uploads\/2019\/06\/scenariusz-festynu-2019-2-233x300.png 233w\" sizes=\"auto, (max-width: 590px) 100vw, 590px\" \/><\/figure>\n\n\n\n<p><\/p>\n\n\n\n<p><\/p>\n\n\n\n<p>Serdecznie zapraszamy!<\/p>\n\n\n\n<p><\/p>\n","protected":false},"excerpt":{"rendered":"<p>Rada Osiedla Gaj serdecznie zaprasza wszystkich mieszka\u0144c\u00f3w naszego osiedla na festyn osiedlowy, kt\u00f3ry odb\u0119dzie si\u0119 15 czerwca w Parku S\u0142onecznym na Gaju. Zdecydowanie warto przyj\u015b\u0107, by wsp\u00f3lnie przywita\u0107 tegoroczne lato. W ramach festynu przewidziano liczne atrakcje, szczeg\u00f3lnie dla najm\u0142odszych mieszka\u0144c\u00f3w osiedla. Opr\u00f3cz muzyki na \u017cywo oraz grill baru pojawi\u0105 si\u0119 dmuchane zamki i zabawki, profesjonalne [&hellip;]<\/p>\n","protected":false},"author":1,"featured_media":11103,"comment_status":"open","ping_status":"open","sticky":false,"template":"","format":"standard","meta":{"footnotes":""},"categories":[14],"tags":[270,279,283,285,128,271,135],"class_list":["post-11102","post","type-post","status-publish","format-standard","has-post-thumbnail","hentry","category-aktualnosci","tag-festyn","tag-festyn-osiedla-gaj","tag-festyn-osiedlowy","tag-impreza","tag-park-sloneczny","tag-piknik","tag-rada-osiedla-gaj"],"_links":{"self":[{"href":"https:\/\/online.tvk-gaj.pl\/index.php?rest_route=\/wp\/v2\/posts\/11102","targetHints":{"allow":["GET"]}}],"collection":[{"href":"https:\/\/online.tvk-gaj.pl\/index.php?rest_route=\/wp\/v2\/posts"}],"about":[{"href":"https:\/\/online.tvk-gaj.pl\/index.php?rest_route=\/wp\/v2\/types\/post"}],"author":[{"embeddable":true,"href":"https:\/\/online.tvk-gaj.pl\/index.php?rest_route=\/wp\/v2\/users\/1"}],"replies":[{"embeddable":true,"href":"https:\/\/online.tvk-gaj.pl\/index.php?rest_route=%2Fwp%2Fv2%2Fcomments&post=11102"}],"version-history":[{"count":4,"href":"https:\/\/online.tvk-gaj.pl\/index.php?rest_route=\/wp\/v2\/posts\/11102\/revisions"}],"predecessor-version":[{"id":11113,"href":"https:\/\/online.tvk-gaj.pl\/index.php?rest_route=\/wp\/v2\/posts\/11102\/revisions\/11113"}],"wp:featuredmedia":[{"embeddable":true,"href":"https:\/\/online.tvk-gaj.pl\/index.php?rest_route=\/wp\/v2\/media\/11103"}],"wp:attachment":[{"href":"https:\/\/online.tvk-gaj.pl\/index.php?rest_route=%2Fwp%2Fv2%2Fmedia&parent=11102"}],"wp:term":[{"taxonomy":"category","embeddable":true,"href":"https:\/\/online.tvk-gaj.pl\/index.php?rest_route=%2Fwp%2Fv2%2Fcategories&post=11102"},{"taxonomy":"post_tag","embeddable":true,"href":"https:\/\/online.tvk-gaj.pl\/index.php?rest_route=%2Fwp%2Fv2%2Ftags&post=11102"}],"curies":[{"name":"wp","href":"https:\/\/api.w.org\/{rel}","templated":true}]}}