{"id":11130,"date":"2019-06-16T21:54:20","date_gmt":"2019-06-16T19:54:20","guid":{"rendered":"http:\/\/www.tvk-gaj.pl\/~gajonline\/?p=11130"},"modified":"2019-06-25T21:31:24","modified_gmt":"2019-06-25T19:31:24","slug":"fotorelacja-z-festynu-osiedla-gaj","status":"publish","type":"post","link":"https:\/\/online.tvk-gaj.pl\/?p=11130","title":{"rendered":"Foto (i wideo) relacja z Festynu Osiedla Gaj"},"content":{"rendered":"\n<p>Zapraszamy do naszej fotorelacji z festynu osiedlowego na Gaju, kt\u00f3ry odby\u0142 si\u0119 w sobot\u0119, 15 czerwca na terenie Parku S\u0142onecznego. <\/p>\n\n\n\n<!--more-->\n\n\n\n<p>Relacj\u0119 z tegoroczne festynu osiedla Gaj mo\u017cna stre\u015bci\u0107 w nast\u0119puj\u0105cych s\u0142owach: s\u0142o\u0144ce, u\u015bmiech i dobra zabawa.<\/p>\n\n\n\n<p><\/p>\n\n\n\n<p><strong>Kr\u00f3tka wideorelacja (teledysk) z festynu:<\/strong><\/p>\n\n\n\n<iframe loading=\"lazy\" width=\"560\" height=\"315\" src=\"https:\/\/www.youtube.com\/embed\/3QgtbuqUJnM\" frameborder=\"0\" allow=\"accelerometer; autoplay; encrypted-media; gyroscope; picture-in-picture\" allowfullscreen><\/iframe>\n\n\n\n\n<p><\/p>\n\n\n\n\n\n<p><\/p>\n\n\n\n<p><strong>R\u00f3wnie\u017c kr\u00f3tka (foto)relacja z imprezy: <\/strong><\/p>\n\n\n\n<figure class=\"wp-block-image\"><img loading=\"lazy\" decoding=\"async\" width=\"1024\" height=\"768\" src=\"http:\/\/www.tvk-gaj.pl\/~gajonline\/wp-content\/uploads\/2019\/06\/IMG_20190615_175054-2-1024x768.jpg\" alt=\"\" class=\"wp-image-11178\" srcset=\"https:\/\/online.tvk-gaj.pl\/wp-content\/uploads\/2019\/06\/IMG_20190615_175054-2-1024x768.jpg 1024w, https:\/\/online.tvk-gaj.pl\/wp-content\/uploads\/2019\/06\/IMG_20190615_175054-2-300x225.jpg 300w, https:\/\/online.tvk-gaj.pl\/wp-content\/uploads\/2019\/06\/IMG_20190615_175054-2-768x576.jpg 768w\" sizes=\"auto, (max-width: 1024px) 100vw, 1024px\" \/><\/figure>\n\n\n\n<p><\/p>\n\n\n\n<p>Aura oraz frekwencja zdecydowanie dopisa\u0142y. Tak samo jak zaproszeni go\u015bcie oraz nasi wspaniali mieszka\u0144cy.<\/p>\n\n\n\n<p><\/p>\n\n\n\n<figure class=\"wp-block-image\"><img loading=\"lazy\" decoding=\"async\" width=\"1024\" height=\"768\" src=\"http:\/\/www.tvk-gaj.pl\/~gajonline\/wp-content\/uploads\/2019\/06\/IMG_20190615_142749-1024x768.jpg\" alt=\"\" class=\"wp-image-11184\" srcset=\"https:\/\/online.tvk-gaj.pl\/wp-content\/uploads\/2019\/06\/IMG_20190615_142749-1024x768.jpg 1024w, https:\/\/online.tvk-gaj.pl\/wp-content\/uploads\/2019\/06\/IMG_20190615_142749-300x225.jpg 300w, https:\/\/online.tvk-gaj.pl\/wp-content\/uploads\/2019\/06\/IMG_20190615_142749-768x576.jpg 768w\" sizes=\"auto, (max-width: 1024px) 100vw, 1024px\" \/><\/figure>\n\n\n\n<p><\/p>\n\n\n\n<p>Festyn obfitowa\u0142 w atrakcje dla najm\u0142odszych (za zabawy dla dzieci odpowiadali profesjonalni animatorzy) oraz koncerty (m.in. ch\u00f3ru osiedlowego i zespo\u0142u muzycznego TrioBand).&nbsp; <\/p>\n\n\n\n<p><\/p>\n\n\n\n<figure class=\"wp-block-image\"><img loading=\"lazy\" decoding=\"async\" width=\"1024\" height=\"768\" src=\"http:\/\/www.tvk-gaj.pl\/~gajonline\/wp-content\/uploads\/2019\/06\/IMG_20190615_172604-1024x768.jpg\" alt=\"\" class=\"wp-image-11201\" srcset=\"https:\/\/online.tvk-gaj.pl\/wp-content\/uploads\/2019\/06\/IMG_20190615_172604-1024x768.jpg 1024w, https:\/\/online.tvk-gaj.pl\/wp-content\/uploads\/2019\/06\/IMG_20190615_172604-300x225.jpg 300w, https:\/\/online.tvk-gaj.pl\/wp-content\/uploads\/2019\/06\/IMG_20190615_172604-768x576.jpg 768w\" sizes=\"auto, (max-width: 1024px) 100vw, 1024px\" \/><\/figure>\n\n\n\n<p><\/p>\n\n\n\n<p>Oczywi\u015bcie nie oby\u0142o si\u0119 bez grilla, waty cukrowej, dmuchanych zamk\u00f3w czy stoisk z zabawkami i s\u0142odyczami.&nbsp; <\/p>\n\n\n\n<p><\/p>\n\n\n\n<figure class=\"wp-block-image\"><img decoding=\"async\" src=\"blob:http:\/\/www.tvk-gaj.pl\/0f3e83ce-3eda-4d41-b691-5bebc663c081\" alt=\"\"\/><\/figure>\n\n\n\n<p><\/p>\n\n\n\n<p>Festyn odwiedzi\u0142y r\u00f3wnie\u017c konie, a tak\u017ce w\u00f3z bojowy stra\u017cy po\u017carnej, MOPS, Osiedlowy Klub Seniora oraz przedstawiciele Rady Osiedla Gaj.<\/p>\n\n\n\n<p><\/p>\n\n\n\n<figure class=\"wp-block-image\"><img loading=\"lazy\" decoding=\"async\" width=\"1024\" height=\"768\" src=\"http:\/\/www.tvk-gaj.pl\/~gajonline\/wp-content\/uploads\/2019\/06\/IMG_20190615_144005-1024x768.jpg\" alt=\"\" class=\"wp-image-11182\" srcset=\"https:\/\/online.tvk-gaj.pl\/wp-content\/uploads\/2019\/06\/IMG_20190615_144005-1024x768.jpg 1024w, https:\/\/online.tvk-gaj.pl\/wp-content\/uploads\/2019\/06\/IMG_20190615_144005-300x225.jpg 300w, https:\/\/online.tvk-gaj.pl\/wp-content\/uploads\/2019\/06\/IMG_20190615_144005-768x576.jpg 768w\" sizes=\"auto, (max-width: 1024px) 100vw, 1024px\" \/><\/figure>\n\n\n\n<p><\/p>\n\n\n\n<p><\/p>\n\n\n\n<p>Podczas festynu odby\u0142y si\u0119 zawody pi\u0142karskie pod patronatem Rady Osiedla. W zawodach wzi\u0119li udzia\u0142 m.in. zawodnicy z Uczniowskiego Osiedlowego Klubu Pi\u0142karskiego Silesia Gaj Wroc\u0142aw. <\/p>\n\n\n\n<p><\/p>\n\n\n\n<figure class=\"wp-block-image\"><img loading=\"lazy\" decoding=\"async\" width=\"1024\" height=\"768\" src=\"http:\/\/www.tvk-gaj.pl\/~gajonline\/wp-content\/uploads\/2019\/06\/IMG_20190615_165303-1024x768.jpg\" alt=\"\" class=\"wp-image-11185\" srcset=\"https:\/\/online.tvk-gaj.pl\/wp-content\/uploads\/2019\/06\/IMG_20190615_165303-1024x768.jpg 1024w, https:\/\/online.tvk-gaj.pl\/wp-content\/uploads\/2019\/06\/IMG_20190615_165303-300x225.jpg 300w, https:\/\/online.tvk-gaj.pl\/wp-content\/uploads\/2019\/06\/IMG_20190615_165303-768x576.jpg 768w\" sizes=\"auto, (max-width: 1024px) 100vw, 1024px\" \/><\/figure>\n\n\n\n<p><\/p>\n\n\n\n<p><\/p>\n\n\n\n<p>Na imprezie pojawi\u0142 si\u0119 r\u00f3wnie\u017c Prezydent Wroc\u0142awia &#8211; Pan Jacek Sutryk oraz Pan Artur Iwan &#8211; z Wroc\u0142awskiego Centrum Rozwoju Spo\u0142ecznego. <\/p>\n\n\n\n<p><\/p>\n\n\n\n<figure class=\"wp-block-image\"><img loading=\"lazy\" decoding=\"async\" width=\"1024\" height=\"768\" src=\"http:\/\/www.tvk-gaj.pl\/~gajonline\/wp-content\/uploads\/2019\/06\/IMG_20190615_172452-1024x768.jpg\" alt=\"\" class=\"wp-image-11192\" srcset=\"https:\/\/online.tvk-gaj.pl\/wp-content\/uploads\/2019\/06\/IMG_20190615_172452-1024x768.jpg 1024w, https:\/\/online.tvk-gaj.pl\/wp-content\/uploads\/2019\/06\/IMG_20190615_172452-300x225.jpg 300w, https:\/\/online.tvk-gaj.pl\/wp-content\/uploads\/2019\/06\/IMG_20190615_172452-768x576.jpg 768w\" sizes=\"auto, (max-width: 1024px) 100vw, 1024px\" \/><\/figure>\n\n\n\n<p><\/p>\n\n\n\n<p><\/p>\n\n\n\n<p>Ca\u0142o\u015b\u0107 poprowadzi\u0142 Miros\u0142aw Majcherek &#8211; aktor oraz mieszkaniec naszego osiedla.&nbsp;&nbsp;<\/p>\n\n\n\n<p><\/p>\n\n\n\n<p><\/p>\n\n\n\n<p><strong>GALERIA ZDJ\u0118\u0106:&nbsp;<\/strong><\/p>\n\n\n\n<p><\/p>\n\n\n\n[ngg src=&#8221;galleries&#8221; ids=&#8221;105&#8243; display=&#8221;basic_thumbnail&#8221;]\n\n\n\n<p><\/p>\n\n\n\n<p>Wszystkim mieszka\u0144com i go\u015bciom dzi\u0119kujemy za wsp\u00f3ln\u0105 zabaw\u0119:)&nbsp;<\/p>\n\n\n\n<p><\/p>\n","protected":false},"excerpt":{"rendered":"<p>Zapraszamy do naszej fotorelacji z festynu osiedlowego na Gaju, kt\u00f3ry odby\u0142 si\u0119 w sobot\u0119, 15 czerwca na terenie Parku S\u0142onecznego.<\/p>\n","protected":false},"author":1,"featured_media":11155,"comment_status":"open","ping_status":"open","sticky":false,"template":"","format":"standard","meta":{"footnotes":""},"categories":[14,12],"tags":[270,282,279,1000,112],"class_list":["post-11130","post","type-post","status-publish","format-standard","has-post-thumbnail","hentry","category-aktualnosci","category-artykuly","tag-festyn","tag-festyn-na-gaju","tag-festyn-osiedla-gaj","tag-festyn-osiedlowy-na-gaju","tag-gaj"],"_links":{"self":[{"href":"https:\/\/online.tvk-gaj.pl\/index.php?rest_route=\/wp\/v2\/posts\/11130","targetHints":{"allow":["GET"]}}],"collection":[{"href":"https:\/\/online.tvk-gaj.pl\/index.php?rest_route=\/wp\/v2\/posts"}],"about":[{"href":"https:\/\/online.tvk-gaj.pl\/index.php?rest_route=\/wp\/v2\/types\/post"}],"author":[{"embeddable":true,"href":"https:\/\/online.tvk-gaj.pl\/index.php?rest_route=\/wp\/v2\/users\/1"}],"replies":[{"embeddable":true,"href":"https:\/\/online.tvk-gaj.pl\/index.php?rest_route=%2Fwp%2Fv2%2Fcomments&post=11130"}],"version-history":[{"count":9,"href":"https:\/\/online.tvk-gaj.pl\/index.php?rest_route=\/wp\/v2\/posts\/11130\/revisions"}],"predecessor-version":[{"id":11263,"href":"https:\/\/online.tvk-gaj.pl\/index.php?rest_route=\/wp\/v2\/posts\/11130\/revisions\/11263"}],"wp:featuredmedia":[{"embeddable":true,"href":"https:\/\/online.tvk-gaj.pl\/index.php?rest_route=\/wp\/v2\/media\/11155"}],"wp:attachment":[{"href":"https:\/\/online.tvk-gaj.pl\/index.php?rest_route=%2Fwp%2Fv2%2Fmedia&parent=11130"}],"wp:term":[{"taxonomy":"category","embeddable":true,"href":"https:\/\/online.tvk-gaj.pl\/index.php?rest_route=%2Fwp%2Fv2%2Fcategories&post=11130"},{"taxonomy":"post_tag","embeddable":true,"href":"https:\/\/online.tvk-gaj.pl\/index.php?rest_route=%2Fwp%2Fv2%2Ftags&post=11130"}],"curies":[{"name":"wp","href":"https:\/\/api.w.org\/{rel}","templated":true}]}}