{"id":11228,"date":"2019-06-21T08:26:23","date_gmt":"2019-06-21T06:26:23","guid":{"rendered":"http:\/\/www.tvk-gaj.pl\/~gajonline\/?p=11228"},"modified":"2019-07-01T20:13:19","modified_gmt":"2019-07-01T18:13:19","slug":"konkurs-moj-gaj-moje-miejsce-we-wroclawiu","status":"publish","type":"post","link":"https:\/\/online.tvk-gaj.pl\/?p=11228","title":{"rendered":"Konkurs &#8222;M\u00f3j Gaj &#8211; moje miejsce we Wroc\u0142awiu&#8221; [Aktualizacja: wyniki]"},"content":{"rendered":"\n<p>Serdecznie zapraszamy do g\u0142osowania w konkursie &#8222;M\u00f3j Gaj &#8211; moje miejsce we Wroc\u0142awiu&#8221;.<\/p>\n\n\n\n<p><\/p>\n\n\n\n<figure class=\"wp-block-image\"><img loading=\"lazy\" decoding=\"async\" width=\"800\" height=\"533\" src=\"http:\/\/www.tvk-gaj.pl\/~gajonline\/wp-content\/uploads\/2019\/06\/konkurs-1.jpg\" alt=\"\" class=\"wp-image-11245\" srcset=\"https:\/\/online.tvk-gaj.pl\/wp-content\/uploads\/2019\/06\/konkurs-1.jpg 800w, https:\/\/online.tvk-gaj.pl\/wp-content\/uploads\/2019\/06\/konkurs-1-300x200.jpg 300w, https:\/\/online.tvk-gaj.pl\/wp-content\/uploads\/2019\/06\/konkurs-1-768x512.jpg 768w, https:\/\/online.tvk-gaj.pl\/wp-content\/uploads\/2019\/06\/konkurs-1-321x214.jpg 321w, https:\/\/online.tvk-gaj.pl\/wp-content\/uploads\/2019\/06\/konkurs-1-140x94.jpg 140w\" sizes=\"auto, (max-width: 800px) 100vw, 800px\" \/><\/figure>\n\n\n\n<p><\/p>\n\n\n\n<p><\/p>\n\n\n\n<p><strong>[Aktualizacja z dnia 1 lipca 2019r.]<\/strong><\/p>\n\n\n\n<p>Publikujemy oficjalne wyniki konkursu &#8222;M\u00f3j Gaj &#8211; moje miejsce we Wroc\u0142awiu&#8221;. <\/p>\n\n\n\n<p><\/p>\n\n\n\n<figure class=\"wp-block-image\"><img loading=\"lazy\" decoding=\"async\" width=\"1024\" height=\"662\" src=\"http:\/\/www.tvk-gaj.pl\/~gajonline\/wp-content\/uploads\/2019\/07\/wynikikonkursugol2019-1024x662.png\" alt=\"\" class=\"wp-image-11266\" srcset=\"https:\/\/online.tvk-gaj.pl\/wp-content\/uploads\/2019\/07\/wynikikonkursugol2019-1024x662.png 1024w, https:\/\/online.tvk-gaj.pl\/wp-content\/uploads\/2019\/07\/wynikikonkursugol2019-300x194.png 300w, https:\/\/online.tvk-gaj.pl\/wp-content\/uploads\/2019\/07\/wynikikonkursugol2019-768x496.png 768w, https:\/\/online.tvk-gaj.pl\/wp-content\/uploads\/2019\/07\/wynikikonkursugol2019.png 1393w\" sizes=\"auto, (max-width: 1024px) 100vw, 1024px\" \/><\/figure>\n\n\n\n<p><\/p>\n\n\n\n<p><\/p>\n\n\n\n<p>G\u0142osowanie zako\u0144czono 30 czerwca o p\u00f3\u0142nocy. Udzia\u0142 w nim wzi\u0119\u0142o 4000 4226 naszych Czytelnik\u00f3w. <\/p>\n\n\n\n<p>Pierwsze miejsce z wynikiem 39% &#8211; 1657 g\u0142os\u00f3w zaj\u0119\u0142a praca dzieci z grupy 5 Przedszkola Nr 49 przy ul. Borowskiej. <\/p>\n\n\n\n<p>Drugie miejsce zaj\u0119\u0142a grupa 6 z Przedszkola Nr 32 przy ul. K\u0142odzkiej z wynikiem 27%, tj. 1131 g\u0142os\u00f3w.<\/p>\n\n\n\n<p>Trzecie miejsce zaj\u0119\u0142a grupa 1 z Przedszkola Nr 32 przy ul. K\u0142odzkiej z wynikiem 20%, tj. 825 g\u0142os\u00f3w.<\/p>\n\n\n\n<p>Nagrodami w konkursie s\u0105 dofinansowania na zakup materia\u0142\u00f3w dydaktycznych dla zwyci\u0119skich grup ufundowane przez Rad\u0119 Osiedla Gaj. I miejsce w wysoko\u015bci 500z\u0142, 2 miejsce 300z\u0142, 3 miejsce 200z\u0142. Nagrody wraz z dyplomami wr\u0119czone zostan\u0105 przez Zarz\u0105d Rady Osiedla Gaj we wrze\u015bniu. <\/p>\n\n\n\n<p><\/p>\n\n\n\n<p><strong>Wszystkim zwyci\u0119zc\u0105 gratulujemy, a naszym Czytelnikom dzi\u0119kujemy za aktywny udzia\u0142 w konkursie!\u00a0<\/strong><\/p>\n\n\n\n<p><\/p>\n\n\n\n<p><\/p>\n\n\n\n<p><\/p>\n\n\n\n<p><strong>Konkurs &#8222;M\u00f3j Gaj &#8211; moje miejsce we Wroc\u0142awiu&#8221;<\/strong><\/p>\n\n\n\n<p>Projekt \u201eM\u00f3j Gaj \u2013 moje miejsce we Wroc\u0142awiu\u201d to inicjatywa&nbsp;Rady Osiedla Gaj z okazji 115. rocznicy w\u0142\u0105czenia osiedla Gaj w granice administracyjne miasta Wroc\u0142awia. Konkurs odbywa si\u0119 pod patronatem Przewodnicz\u0105cego Rady Osiedla Gaj.<\/p>\n\n\n\n<blockquote class=\"wp-block-quote is-layout-flow wp-block-quote-is-layout-flow\"><p>Pragniemy da\u0107 najm\u0142odszym mieszka\u0144com naszego osiedla p\u0142aszczyzn\u0119 do wyra\u017cania sympatii dla \u201eswojego\u201d Gaju, a starszych mieszka\u0144c\u00f3w osiedla zach\u0119ci\u0107 do wsp\u00f3lnej zabawy, czyli g\u0142osowania na najpi\u0119kniejsze prace wykonane przez dzieci.&nbsp;<br><br><\/p><cite>Micha\u0142 Bartoszko, Radny Gaju<\/cite><\/blockquote>\n\n\n\n<p>G\u0142osowanie odbywa si\u0119 w internecie i potrwa do 30 czerwca. Jedna osoba mo\u017ce odda\u0107 jeden g\u0142os na jedn\u0105 prac\u0119. W ten spos\u00f3b ze wszystkich prac konkursowych zostanie wy\u0142oniona zwyci\u0119ska tr\u00f3jka. Nagrody (w wysoko\u015bci 500, 300 i 200z\u0142) otrzymaj\u0105 zwyci\u0119skie grupy przedszkolne, kt\u00f3rych opiekunowie (dyrektorzy przedszkoli) w ramach kwoty nagrody b\u0119d\u0105 mogli wybra\u0107 cele zakupowe, kt\u00f3re zrealizuje ze swoich \u015brodk\u00f3w Rada Osiedla Gaj.<br><\/p>\n\n\n\n<p><\/p>\n\n\n\n<p><strong>Przegl\u0105d nades\u0142anych prac konkursowych:<\/strong><\/p>\n\n\n\n<p><\/p>\n\n\n\n<figure class=\"wp-block-image\"><img loading=\"lazy\" decoding=\"async\" width=\"1024\" height=\"683\" src=\"http:\/\/www.tvk-gaj.pl\/~gajonline\/wp-content\/uploads\/2019\/06\/batch_p92grupa5-1024x683.jpg\" alt=\"\" class=\"wp-image-11232\" srcset=\"https:\/\/online.tvk-gaj.pl\/wp-content\/uploads\/2019\/06\/batch_p92grupa5-1024x683.jpg 1024w, https:\/\/online.tvk-gaj.pl\/wp-content\/uploads\/2019\/06\/batch_p92grupa5-300x200.jpg 300w, https:\/\/online.tvk-gaj.pl\/wp-content\/uploads\/2019\/06\/batch_p92grupa5-768x512.jpg 768w, https:\/\/online.tvk-gaj.pl\/wp-content\/uploads\/2019\/06\/batch_p92grupa5-321x214.jpg 321w, https:\/\/online.tvk-gaj.pl\/wp-content\/uploads\/2019\/06\/batch_p92grupa5-140x94.jpg 140w, https:\/\/online.tvk-gaj.pl\/wp-content\/uploads\/2019\/06\/batch_p92grupa5.jpg 1824w\" sizes=\"auto, (max-width: 1024px) 100vw, 1024px\" \/><figcaption>Tytu\u0142 pracy: We Wroc\u0142awiu, na naszym Gaju jest zawsze pi\u0119knie- jak w maju!<br>Przedszkole Nr 92 &#8211; 5-latki<br>Wychowawca: Krystyna Szarafi\u0144ska&nbsp;<br>Opis: Tu mo\u017cna zobaczy\u0107 ciekawe miejsca w otoczeniu naszego przedszkola przy ul.Bardzkiej.Wa\u017cne dla nas jest  Wzg\u00f3rze gajowe, kt\u00f3re nazywamy G\u00f3r\u0105 GAJ.To miejsce naszych ulubionych spacer\u00f3w i wycieczek .Znamy kolorowe ulice osiedla, na kt\u00f3rym mieszkamy i weso\u0142o bawi\u0105ce si\u0119 dzieci. Przy trasie tramwaj\u00f3w 31 i 32 s\u0105 \u015bcie\u017cki dla rower\u00f3w i znaki drogowe , kt\u00f3re ju\u017c znamy. Jest te\u017c  szko\u0142a przy ul.Orzechowej i  du\u017co zieleni .Kolorowe , wysokie wie\u017cowce i te ni\u017csze bloki &#8211; to pi\u0119kne  miejsca  w naszym Wroc\u0142awiu. Na G\u00f3rze Gaj umie\u015bcili z czerwono-\u017c\u00f3\u0142t\u0105 flag\u0105 naszego miasta\u2026<\/figcaption><\/figure>\n\n\n\n<p><\/p>\n\n\n\n<figure class=\"wp-block-image\"><img loading=\"lazy\" decoding=\"async\" width=\"1024\" height=\"765\" src=\"http:\/\/www.tvk-gaj.pl\/~gajonline\/wp-content\/uploads\/2019\/06\/batch_p49grupa5-1024x765.jpeg\" alt=\"\" class=\"wp-image-11233\" srcset=\"https:\/\/online.tvk-gaj.pl\/wp-content\/uploads\/2019\/06\/batch_p49grupa5-1024x765.jpeg 1024w, https:\/\/online.tvk-gaj.pl\/wp-content\/uploads\/2019\/06\/batch_p49grupa5-300x224.jpeg 300w, https:\/\/online.tvk-gaj.pl\/wp-content\/uploads\/2019\/06\/batch_p49grupa5-768x574.jpeg 768w, https:\/\/online.tvk-gaj.pl\/wp-content\/uploads\/2019\/06\/batch_p49grupa5.jpeg 1820w\" sizes=\"auto, (max-width: 1024px) 100vw, 1024px\" \/><figcaption>Tytu\u0142 pracy: brak<br>Przedszkole Nr 49, grupa 5<br>Wychowawca: Pazdur Katarzyna&nbsp;<br>Opis: brak<\/figcaption><\/figure>\n\n\n\n<p><\/p>\n\n\n\n<div class=\"wp-block-image\"><figure class=\"aligncenter\"><img loading=\"lazy\" decoding=\"async\" width=\"1024\" height=\"768\" src=\"http:\/\/www.tvk-gaj.pl\/~gajonline\/wp-content\/uploads\/2019\/06\/batch_p32grupa6-1024x768.jpg\" alt=\"\" class=\"wp-image-11234\" srcset=\"https:\/\/online.tvk-gaj.pl\/wp-content\/uploads\/2019\/06\/batch_p32grupa6-1024x768.jpg 1024w, https:\/\/online.tvk-gaj.pl\/wp-content\/uploads\/2019\/06\/batch_p32grupa6-300x225.jpg 300w, https:\/\/online.tvk-gaj.pl\/wp-content\/uploads\/2019\/06\/batch_p32grupa6-768x576.jpg 768w\" sizes=\"auto, (max-width: 1024px) 100vw, 1024px\" \/><figcaption>Tytu\u0142 pracy: &#8222;Nasze Ferio Gaj, nasze miejsce&#8221;<br>Przedszkole: Przedszkole nr 32, w Zespole Szkolno-Przedszkolnym nr 21, grupa 6<br>Wychowawca: Judyta Zaj\u0105c<br>Opis: Nasza praca przedstawia Centrum Ferio Gaj. To miejsce, w kt\u00f3rym uwielbiamy sp\u0119dza\u0107 czas! Razem z rodzicami chodzimy tam na lody, robimy zakupy do domu. Bardzo lubimy zaprasza\u0107 tam kole\u017canki i koleg\u00f3w na nasze Urodziny.&nbsp;Prac\u0119 wykonali\u015bmy wsp\u00f3lnie, ka\u017cdy mia\u0142 jakie\u015b zadanie. Narysowali\u015bmy nasze samochody, zrobili\u015bmy makaronowe drzewa&#8230;.<\/figcaption><\/figure><\/div>\n\n\n\n<p><\/p>\n\n\n\n<figure class=\"wp-block-image\"><img loading=\"lazy\" decoding=\"async\" width=\"1024\" height=\"576\" src=\"http:\/\/www.tvk-gaj.pl\/~gajonline\/wp-content\/uploads\/2019\/06\/batch_p23grupa5-1024x576.jpg\" alt=\"\" class=\"wp-image-11237\" srcset=\"https:\/\/online.tvk-gaj.pl\/wp-content\/uploads\/2019\/06\/batch_p23grupa5-1024x576.jpg 1024w, https:\/\/online.tvk-gaj.pl\/wp-content\/uploads\/2019\/06\/batch_p23grupa5-300x169.jpg 300w, https:\/\/online.tvk-gaj.pl\/wp-content\/uploads\/2019\/06\/batch_p23grupa5-768x432.jpg 768w, https:\/\/online.tvk-gaj.pl\/wp-content\/uploads\/2019\/06\/batch_p23grupa5.jpg 1920w\" sizes=\"auto, (max-width: 1024px) 100vw, 1024px\" \/><figcaption>Tytu\u0142 pracy: &#8222;Zielone p\u0142uca wie\u017cowc\u00f3w&#8221;<br>Przedszkole Nr 23, grupa 5<br>Wychowawca: Justyna Figlarowicz&nbsp;<br>Opis: Przesy\u0142am w za\u0142\u0105czeniu zdj\u0119cia zrobionego przez dzieci i przeze mnie kola\u017cu przedstawiaj\u0105cego chyba najbardziej popularne budynki na Osiedlu Gaj. Chcemy jednak wraz z dzie\u0107mi pokaza\u0107, \u017ce opr\u00f3cz betonu i szaro\u015bci miejsce to obfituje w wiele pi\u0119knych, zielonych teren\u00f3w, kt\u00f3re mog\u0105 by\u0107 swoist\u0105 enklaw\u0105 dla ludzi szukaj\u0105cych odpoczynku                i spokoju. Gaj to nie tylko mury wie\u017cowc\u00f3w, ale te\u017c zielone, pe\u0142ne radosnych u\u015bmiech\u00f3w dzieci trawniki, parki i place zabaw.<\/figcaption><\/figure>\n\n\n\n<p><\/p>\n\n\n\n<figure class=\"wp-block-image\"><img loading=\"lazy\" decoding=\"async\" width=\"1024\" height=\"783\" src=\"http:\/\/www.tvk-gaj.pl\/~gajonline\/wp-content\/uploads\/2019\/06\/p49grupa3-1024x783.jpg\" alt=\"\" class=\"wp-image-11238\" srcset=\"https:\/\/online.tvk-gaj.pl\/wp-content\/uploads\/2019\/06\/p49grupa3-1024x783.jpg 1024w, https:\/\/online.tvk-gaj.pl\/wp-content\/uploads\/2019\/06\/p49grupa3-300x229.jpg 300w, https:\/\/online.tvk-gaj.pl\/wp-content\/uploads\/2019\/06\/p49grupa3-768x587.jpg 768w, https:\/\/online.tvk-gaj.pl\/wp-content\/uploads\/2019\/06\/p49grupa3.jpg 1066w\" sizes=\"auto, (max-width: 1024px) 100vw, 1024px\" \/><figcaption>Tytu\u0142 pracy: Praca konkursowa P-49<br>Przedszkole Nr 49, grupa 3<br>Wychowawca: Magdalena Naw\u00f3j i Sybilla Micha\u0142ek&nbsp;<br>Opis: &#8222;Gajowymi uliczkami<br>Id\u0105 dzieci z rodzicami.<br>Poprzez blok\u00f3w las wysoki<br>Spogladaj\u0105 na ob\u0142oki.<br>Ju\u017c od lat 115-stu<br>Gaj nadaje uroku miastu.<br>Dzieci te\u017c to miejsce znan\u0105&nbsp;<br>I je bardzo uwielbiaj\u0105.&#8221;<\/figcaption><\/figure>\n\n\n\n<p><\/p>\n\n\n\n<figure class=\"wp-block-image\"><img loading=\"lazy\" decoding=\"async\" width=\"1024\" height=\"728\" src=\"http:\/\/www.tvk-gaj.pl\/~gajonline\/wp-content\/uploads\/2019\/06\/batch_p32grupa13latki-1024x728.jpg\" alt=\"\" class=\"wp-image-11235\" srcset=\"https:\/\/online.tvk-gaj.pl\/wp-content\/uploads\/2019\/06\/batch_p32grupa13latki-1024x728.jpg 1024w, https:\/\/online.tvk-gaj.pl\/wp-content\/uploads\/2019\/06\/batch_p32grupa13latki-300x213.jpg 300w, https:\/\/online.tvk-gaj.pl\/wp-content\/uploads\/2019\/06\/batch_p32grupa13latki-768x546.jpg 768w, https:\/\/online.tvk-gaj.pl\/wp-content\/uploads\/2019\/06\/batch_p32grupa13latki.jpg 1625w\" sizes=\"auto, (max-width: 1024px) 100vw, 1024px\" \/><figcaption>Tytu\u0142 pracy: Gaj oczami przedszkolaka.<br>Przedszkole nr 32, grupa 1, 3-latki.<br>Wychowawca: Lewi\u0144ska Kinga&nbsp;<br>Opis: Wykonanie naszej pracy by\u0142o d\u0142ugoterminowe i podzielone na 3 etapy. Pierwszy z nich, to zrobienie zdj\u0119\u0107 na naszym osiedlu. Drugi, to wybranie najbardziej charakterystycznych i wywo\u0142anie ich. Ostatnim etapem by\u0142o rysowanie mapy naszego Gaju, rozmieszczenie na niej zdj\u0119\u0107 oraz dopracowanie szczeg\u00f3l\u00f3w. Dzieci by\u0142y bardzo zaanga\u017cowane a wsp\u00f3lna praca sprawi\u0142a im wiele rado\u015bci.<\/figcaption><\/figure>\n\n\n\n<p><\/p>\n\n\n\n<p><strong>Jak g\u0142osowa\u0107<\/strong><\/p>\n\n\n\n<p><\/p>\n\n\n\n<p>Aby odda\u0107 g\u0142os w konkursie nale\u017cy wej\u015b\u0107 w formularz g\u0142osowania (link poni\u017cej) i wybra\u0107&nbsp;jedn\u0105, wybran\u0105 przez siebie prac\u0119. Jedna osoba mo\u017ce jeden raz odda\u0107 jeden g\u0142os. G\u0142osowa\u0107 potrwa do 30 czerwca. <\/p>\n\n\n\n<p><\/p>\n\n\n\n<p><br><\/p>\n\n\n\n<a href=\"https:\/\/www.interankiety.pl\/i\/V0Nn3Aq0\" style=\"display:inline-block;text-decoration:none;background-color:#7ED321;color:white;cursor:pointer;font-family:Helvetica,Arial,sans-serif;font-size:21px;line-height: 52.5px;text-align:center;margin:0 0 20px 0;padding:0px 35px;border-radius: 52.5px;max-width:100%;white-space:nowrap;overflow:hidden;text-overflow:ellipsis;font-weight:bold;-webkit-font-smoothing:antialiased;-moz-osx-font-smoothing:grayscale;\" target=\"_blank\" rel=\"noopener noreferrer\">Wype\u0142nij ankiet\u0119<\/a>\n\n\n\n<p><\/p>\n\n\n\n<p><br><\/p>\n\n\n\n<p><strong>Serdecznie zapraszamy do g\u0142osowania!<\/strong><\/p>\n\n\n\n<p><\/p>\n","protected":false},"excerpt":{"rendered":"<p>Serdecznie zapraszamy do g\u0142osowania w konkursie &#8222;M\u00f3j Gaj &#8211; moje miejsce we Wroc\u0142awiu&#8221;. [Aktualizacja z dnia 1 lipca 2019r.] Publikujemy oficjalne wyniki konkursu &#8222;M\u00f3j Gaj &#8211; moje miejsce we Wroc\u0142awiu&#8221;. G\u0142osowanie zako\u0144czono 30 czerwca o p\u00f3\u0142nocy. Udzia\u0142 w nim wzi\u0119\u0142o 4000 4226 naszych Czytelnik\u00f3w. Pierwsze miejsce z wynikiem 39% &#8211; 1657 g\u0142os\u00f3w zaj\u0119\u0142a praca dzieci [&hellip;]<\/p>\n","protected":false},"author":1,"featured_media":11249,"comment_status":"open","ping_status":"open","sticky":false,"template":"","format":"standard","meta":{"footnotes":""},"categories":[14,12],"tags":[112,626,176,135],"class_list":["post-11228","post","type-post","status-publish","format-standard","has-post-thumbnail","hentry","category-aktualnosci","category-artykuly","tag-gaj","tag-konkurs","tag-przedszkole","tag-rada-osiedla-gaj"],"_links":{"self":[{"href":"https:\/\/online.tvk-gaj.pl\/index.php?rest_route=\/wp\/v2\/posts\/11228","targetHints":{"allow":["GET"]}}],"collection":[{"href":"https:\/\/online.tvk-gaj.pl\/index.php?rest_route=\/wp\/v2\/posts"}],"about":[{"href":"https:\/\/online.tvk-gaj.pl\/index.php?rest_route=\/wp\/v2\/types\/post"}],"author":[{"embeddable":true,"href":"https:\/\/online.tvk-gaj.pl\/index.php?rest_route=\/wp\/v2\/users\/1"}],"replies":[{"embeddable":true,"href":"https:\/\/online.tvk-gaj.pl\/index.php?rest_route=%2Fwp%2Fv2%2Fcomments&post=11228"}],"version-history":[{"count":15,"href":"https:\/\/online.tvk-gaj.pl\/index.php?rest_route=\/wp\/v2\/posts\/11228\/revisions"}],"predecessor-version":[{"id":11270,"href":"https:\/\/online.tvk-gaj.pl\/index.php?rest_route=\/wp\/v2\/posts\/11228\/revisions\/11270"}],"wp:featuredmedia":[{"embeddable":true,"href":"https:\/\/online.tvk-gaj.pl\/index.php?rest_route=\/wp\/v2\/media\/11249"}],"wp:attachment":[{"href":"https:\/\/online.tvk-gaj.pl\/index.php?rest_route=%2Fwp%2Fv2%2Fmedia&parent=11228"}],"wp:term":[{"taxonomy":"category","embeddable":true,"href":"https:\/\/online.tvk-gaj.pl\/index.php?rest_route=%2Fwp%2Fv2%2Fcategories&post=11228"},{"taxonomy":"post_tag","embeddable":true,"href":"https:\/\/online.tvk-gaj.pl\/index.php?rest_route=%2Fwp%2Fv2%2Ftags&post=11228"}],"curies":[{"name":"wp","href":"https:\/\/api.w.org\/{rel}","templated":true}]}}