{"id":11276,"date":"2019-07-13T11:56:06","date_gmt":"2019-07-13T09:56:06","guid":{"rendered":"http:\/\/www.tvk-gaj.pl\/~gajonline\/?p=11276"},"modified":"2019-07-13T11:56:13","modified_gmt":"2019-07-13T09:56:13","slug":"weekendy-w-parku-esk-na-gaju","status":"publish","type":"post","link":"https:\/\/online.tvk-gaj.pl\/?p=11276","title":{"rendered":"Weekendy w Parku ESK na Gaju"},"content":{"rendered":"\n<p>Przypominamy, \u017ce w ka\u017cdy weekend wakacji w Parku S\u0142onecznym na Gaju odbywaj\u0105 si\u0119 weekendy Emocje-Sport-Kultura, czyli wsp\u00f3\u0142organizowanych przez Miasto Wroc\u0142aw aktywno\u015bci na \u015bwie\u017cym powietrzu integruj\u0105cych lokaln\u0105 spo\u0142eczno\u015b\u0107. <\/p>\n\n\n\n<p><\/p>\n\n\n\n<blockquote class=\"wp-block-quote is-layout-flow wp-block-quote-is-layout-flow\"><p><strong>Parki ESK Emocje-Sport-Kultura (skr\u00f3t zast\u0105pi\u0142 Europejsk\u0105 Stolic\u0119 Kultury, czyli wroc\u0142awskie przedsi\u0119wzi\u0119cie kulturalne z 2016r.) to odbywaj\u0105ce si\u0119 w wiosenno-letnie weekendy bezp\u0142atne wydarzenia kulturalne, sportowe i spo\u0142eczne we wsp\u00f3lnej przestrzeni wroc\u0142awskich park\u00f3w. Autorami wydarze\u0144 odbywaj\u0105cych si\u0119 w Parkach ESK s\u0105 sami wroc\u0142awianie, a tak\u017ce organizacje pozarz\u0105dowe, rady osiedli.\u00a0<\/strong><\/p><\/blockquote>\n\n\n\n<p><\/p>\n\n\n\n<figure class=\"wp-block-image\"><img loading=\"lazy\" decoding=\"async\" width=\"1024\" height=\"768\" src=\"http:\/\/www.tvk-gaj.pl\/~gajonline\/wp-content\/uploads\/2019\/07\/IMG_20190629_163800-1024x768.jpg\" alt=\"\" class=\"wp-image-11278\" srcset=\"https:\/\/online.tvk-gaj.pl\/wp-content\/uploads\/2019\/07\/IMG_20190629_163800-1024x768.jpg 1024w, https:\/\/online.tvk-gaj.pl\/wp-content\/uploads\/2019\/07\/IMG_20190629_163800-300x225.jpg 300w, https:\/\/online.tvk-gaj.pl\/wp-content\/uploads\/2019\/07\/IMG_20190629_163800-768x576.jpg 768w\" sizes=\"auto, (max-width: 1024px) 100vw, 1024px\" \/><figcaption>bty<\/figcaption><\/figure>\n\n\n\n<p><\/p>\n\n\n\n<p>Na terenie naszego osiedla park ESK znajduje si\u0119 w centrum Parku S\u0142onecznego. Znajduje si\u0119 on w samym centrum Gaju, pomi\u0119dzy ulicami Orzechow\u0105, Krynick\u0105 a Armii Krajowej. <\/p>\n\n\n\n<p><\/p>\n\n\n\n<p><strong>Has\u0142o tegorocznej edycji projektu to: Nie sied\u017a w domu. Przyjd\u017a do parku!<\/strong><\/p>\n\n\n\n<p><\/p>\n\n\n\n<p><\/p>\n\n\n\n<figure class=\"wp-block-image\"><img loading=\"lazy\" decoding=\"async\" width=\"768\" height=\"1024\" src=\"http:\/\/www.tvk-gaj.pl\/~gajonline\/wp-content\/uploads\/2019\/07\/IMG_20190629_144851-768x1024.jpg\" alt=\"\" class=\"wp-image-11280\" srcset=\"https:\/\/online.tvk-gaj.pl\/wp-content\/uploads\/2019\/07\/IMG_20190629_144851-768x1024.jpg 768w, https:\/\/online.tvk-gaj.pl\/wp-content\/uploads\/2019\/07\/IMG_20190629_144851-225x300.jpg 225w\" sizes=\"auto, (max-width: 768px) 100vw, 768px\" \/><figcaption>bty<\/figcaption><\/figure>\n\n\n\n<p><\/p>\n\n\n\n<p><\/p>\n\n\n\n<p><strong>Relacja z weekendu ESK w dniu 29 czerwca:<\/strong><\/p>\n\n\n\n<p><\/p>\n\n\n\n<p><em>By\u0142a Joga na Gaju prowadzona przez p. Joann\u0119 \u0141agoda &#8211; nauczycielk\u0119 jogi w YOGA Rocks. Uczestniczka\u00a0 warsztat\u00f3w\u00a0<\/em><a href=\"http:\/\/m.in\/\"><em>m.in<\/em><\/a><em>. z takimi nauczycielami jak: Christan Pisano, Eyal Shifroni, Katarzyna Pilorz, Ewa Wardza\u0142a, Natasza Moszkowicz, Paulina Str\u00f3\u017c, Marek Bednarski. Uko\u0144czy\u0142a kurs instruktora jogi dla dzieci u Agnieszki Lasoty. Na co dzie\u0144 prowadzi zaj\u0119cia na Brochowie w Klubie Dzieci\u0119cym Krasnale Brochowskie przy ul. Cedrowej 2. Bardzo gor\u0105co dziekujemy p. Joannie za przeprowadzenie zaj\u0119\u0107 jogi z dzieciakami z osiedla Gaj. Frekwencja by\u0142a spora,\u00a0nawet do 70-100 os\u00f3b jednocze\u015bnie w danej godzinie. By\u0142o rownie\u017c bardzo gor\u0105co i to dos\u0142ownie.<\/em><\/p>\n\n\n\n<p><\/p>\n\n\n\n<figure class=\"wp-block-image\"><img loading=\"lazy\" decoding=\"async\" width=\"1024\" height=\"768\" src=\"http:\/\/www.tvk-gaj.pl\/~gajonline\/wp-content\/uploads\/2019\/07\/IMG_20190629_163810-1024x768.jpg\" alt=\"\" class=\"wp-image-11277\" srcset=\"https:\/\/online.tvk-gaj.pl\/wp-content\/uploads\/2019\/07\/IMG_20190629_163810-1024x768.jpg 1024w, https:\/\/online.tvk-gaj.pl\/wp-content\/uploads\/2019\/07\/IMG_20190629_163810-300x225.jpg 300w, https:\/\/online.tvk-gaj.pl\/wp-content\/uploads\/2019\/07\/IMG_20190629_163810-768x576.jpg 768w\" sizes=\"auto, (max-width: 1024px) 100vw, 1024px\" \/><figcaption>bty<\/figcaption><\/figure>\n\n\n\n<p><\/p>\n\n\n\n<p><\/p>\n\n\n\n<p><strong>Wszystkich zainteresowanych poprowadzeniem projektu na osiedlu Gaj prosimy o osobiste zg\u0142aszanie si\u0119 do siedziby Rady Osiedla Gaj przy ul. Krynickiej 80 w ka\u017cdy poniedzia\u0142ek i czwartek w godzinach 18-20.<\/strong><\/p>\n\n\n\n<p><\/p>\n\n\n\n<p><\/p>\n","protected":false},"excerpt":{"rendered":"<p>Przypominamy, \u017ce w ka\u017cdy weekend wakacji w Parku S\u0142onecznym na Gaju odbywaj\u0105 si\u0119 weekendy Emocje-Sport-Kultura, czyli wsp\u00f3\u0142organizowanych przez Miasto Wroc\u0142aw aktywno\u015bci na \u015bwie\u017cym powietrzu integruj\u0105cych lokaln\u0105 spo\u0142eczno\u015b\u0107. Parki ESK Emocje-Sport-Kultura (skr\u00f3t zast\u0105pi\u0142 Europejsk\u0105 Stolic\u0119 Kultury, czyli wroc\u0142awskie przedsi\u0119wzi\u0119cie kulturalne z 2016r.) to odbywaj\u0105ce si\u0119 w wiosenno-letnie weekendy bezp\u0142atne wydarzenia kulturalne, sportowe i spo\u0142eczne we wsp\u00f3lnej [&hellip;]<\/p>\n","protected":false},"author":1,"featured_media":6787,"comment_status":"open","ping_status":"open","sticky":false,"template":"","format":"standard","meta":{"footnotes":""},"categories":[14,12],"tags":[112,323,716,128,957,135],"class_list":["post-11276","post","type-post","status-publish","format-standard","has-post-thumbnail","hentry","category-aktualnosci","category-artykuly","tag-gaj","tag-na-gaju","tag-park-esk","tag-park-sloneczny","tag-parki-esk","tag-rada-osiedla-gaj"],"_links":{"self":[{"href":"https:\/\/online.tvk-gaj.pl\/index.php?rest_route=\/wp\/v2\/posts\/11276","targetHints":{"allow":["GET"]}}],"collection":[{"href":"https:\/\/online.tvk-gaj.pl\/index.php?rest_route=\/wp\/v2\/posts"}],"about":[{"href":"https:\/\/online.tvk-gaj.pl\/index.php?rest_route=\/wp\/v2\/types\/post"}],"author":[{"embeddable":true,"href":"https:\/\/online.tvk-gaj.pl\/index.php?rest_route=\/wp\/v2\/users\/1"}],"replies":[{"embeddable":true,"href":"https:\/\/online.tvk-gaj.pl\/index.php?rest_route=%2Fwp%2Fv2%2Fcomments&post=11276"}],"version-history":[{"count":3,"href":"https:\/\/online.tvk-gaj.pl\/index.php?rest_route=\/wp\/v2\/posts\/11276\/revisions"}],"predecessor-version":[{"id":11282,"href":"https:\/\/online.tvk-gaj.pl\/index.php?rest_route=\/wp\/v2\/posts\/11276\/revisions\/11282"}],"wp:featuredmedia":[{"embeddable":true,"href":"https:\/\/online.tvk-gaj.pl\/index.php?rest_route=\/wp\/v2\/media\/6787"}],"wp:attachment":[{"href":"https:\/\/online.tvk-gaj.pl\/index.php?rest_route=%2Fwp%2Fv2%2Fmedia&parent=11276"}],"wp:term":[{"taxonomy":"category","embeddable":true,"href":"https:\/\/online.tvk-gaj.pl\/index.php?rest_route=%2Fwp%2Fv2%2Fcategories&post=11276"},{"taxonomy":"post_tag","embeddable":true,"href":"https:\/\/online.tvk-gaj.pl\/index.php?rest_route=%2Fwp%2Fv2%2Ftags&post=11276"}],"curies":[{"name":"wp","href":"https:\/\/api.w.org\/{rel}","templated":true}]}}