{"id":11301,"date":"2019-10-21T10:43:58","date_gmt":"2019-10-21T08:43:58","guid":{"rendered":"http:\/\/www.tvk-gaj.pl\/~gajonline\/?p=11301"},"modified":"2019-10-21T21:42:34","modified_gmt":"2019-10-21T19:42:34","slug":"zielona-sciana-na-gaju-miasto-szuka-wykonawcy","status":"publish","type":"post","link":"https:\/\/online.tvk-gaj.pl\/?p=11301","title":{"rendered":"Zielona \u015bciana na Gaju &#8211; miasto szuka(\u0142o) wykonawcy"},"content":{"rendered":"\n<p>[AKTUALIZACJA] Rozstrzygni\u0119to <s>Zamkni\u0119to<\/s> przetarg na wykonawc\u0119 projektu Wroc\u0142awskiego Bud\u017cetu Obywatelskiego z 2017r. &#8211; &#8222;Zielona \u015bciana na Gaju&#8221;. Projekt ten zak\u0142ada utworzenie ma\u0142ej enklawy zieleni wzd\u0142u\u017c cz\u0119\u015bci ulicy \u015awieradowskiej. <\/p>\n\n\n\n<p><\/p>\n\n\n\n<p><strong>[AKTUALIZACJA z dnia 21.10.2019r.]<\/strong><\/p>\n\n\n\n<p>Do ko\u0144ca bie\u017c\u0105cego roku zako\u0144czona ma zosta\u0107 realizacja zwyci\u0119skiego projektu Wroc\u0142awskiego Bud\u017cetu Obywatelskiego z 2017r. &#8222;Zielona \u015bciana osiedla Gaj&#8221;.\u00a0Miasto wybra\u0142o w przetargu wykonawc\u0119 inwestycji.<\/p>\n\n\n\n<p><\/p>\n\n\n\n<figure class=\"wp-block-image\"><img loading=\"lazy\" decoding=\"async\" width=\"753\" height=\"698\" src=\"http:\/\/www.tvk-gaj.pl\/~gajonline\/wp-content\/uploads\/2019\/10\/74216747_2689145204449657_7353846234026606592_n.jpg\" alt=\"\" class=\"wp-image-11637\" srcset=\"https:\/\/online.tvk-gaj.pl\/wp-content\/uploads\/2019\/10\/74216747_2689145204449657_7353846234026606592_n.jpg 753w, https:\/\/online.tvk-gaj.pl\/wp-content\/uploads\/2019\/10\/74216747_2689145204449657_7353846234026606592_n-300x278.jpg 300w\" sizes=\"auto, (max-width: 753px) 100vw, 753px\" \/><\/figure>\n\n\n\n<p><\/p>\n\n\n\n<p>Na Gaju przyb\u0119dzie zieleni. Tak miasto na swojej stronie internetowej opisuje zamkni\u0119cie przetargu na budow\u0119 tzw. &#8222;zielonej \u015bciany&#8221; wzd\u0142u\u017c cz\u0119\u015bci ulicy \u015awieradowskiej.<\/p>\n\n\n\n<p><\/p>\n\n\n\n<figure class=\"wp-block-image\"><img loading=\"lazy\" decoding=\"async\" width=\"1024\" height=\"817\" src=\"http:\/\/www.tvk-gaj.pl\/~gajonline\/wp-content\/uploads\/2019\/08\/Scelta-delle-piante-per-il-giardino-verticale-1-1024x817.jpg\" alt=\"\" class=\"wp-image-11307\" srcset=\"https:\/\/online.tvk-gaj.pl\/wp-content\/uploads\/2019\/08\/Scelta-delle-piante-per-il-giardino-verticale-1-1024x817.jpg 1024w, https:\/\/online.tvk-gaj.pl\/wp-content\/uploads\/2019\/08\/Scelta-delle-piante-per-il-giardino-verticale-1-300x239.jpg 300w, https:\/\/online.tvk-gaj.pl\/wp-content\/uploads\/2019\/08\/Scelta-delle-piante-per-il-giardino-verticale-1-768x613.jpg 768w, https:\/\/online.tvk-gaj.pl\/wp-content\/uploads\/2019\/08\/Scelta-delle-piante-per-il-giardino-verticale-1.jpg 1499w\" sizes=\"auto, (max-width: 1024px) 100vw, 1024px\" \/><\/figure>\n\n\n\n<p><\/p>\n\n\n\n<p>Dok\u0142adnie chodzi o ok 174 metrowy fragment ulicy nieopodal skrzy\u017cowania z ulic\u0105 Krynick\u0105. Od p\u00f3\u0142nocy bowiem teren graniczy\u0107 ma z gara\u017cami, natomiast od wschodu z Centrum Handlowym Gaj. Szeroko\u015b\u0107 pasa zieleni to natomiast ok 20-30m.<\/p>\n\n\n\n<p><\/p>\n\n\n\n<figure class=\"wp-block-image\"><img decoding=\"async\" src=\"http:\/\/www.tvk-gaj.pl\/~gajonline\/wp-content\/uploads\/2019\/08\/zielona-sciana.jpg\" alt=\"Obrazek posiada pusty atrybut alt; plik o nazwie zielona-sciana.jpg\"\/><\/figure>\n\n\n\n<p><\/p>\n\n\n\n<p>Wybrany w przetargu wykonawca ma w pierwszej kolejno\u015bci wykona\u0107 roboty budowlane: budow\u0119 \u015bcie\u017cek \u017cwirowych, zw\u0119\u017cenie drogi do gara\u017cy, monta\u017c \u0142awek, koszy na \u015bmieci oraz element\u00f3w przyrodniczych &#8211; m.in. domk\u00f3w dla je\u017cy, hotelu dla owad\u00f3w i karmnik\u00f3w dla ptak\u00f3w. <\/p>\n\n\n\n<p><\/p>\n\n\n\n<p>Drugi etap prac to wykonanie prac ogrodniczych &#8211; przygotowanie trawnik\u00f3w oraz nasadzenie drzew i krzew\u00f3w. Gwarancja na te prace to 3 lata. <\/p>\n\n\n\n<p><\/p>\n\n\n\n<figure class=\"wp-block-image\"><img loading=\"lazy\" decoding=\"async\" width=\"1024\" height=\"421\" src=\"http:\/\/www.tvk-gaj.pl\/~gajonline\/wp-content\/uploads\/2019\/08\/zielonasciana2-1024x421.png\" alt=\"\" class=\"wp-image-11309\" srcset=\"https:\/\/online.tvk-gaj.pl\/wp-content\/uploads\/2019\/08\/zielonasciana2-1024x421.png 1024w, https:\/\/online.tvk-gaj.pl\/wp-content\/uploads\/2019\/08\/zielonasciana2-300x123.png 300w, https:\/\/online.tvk-gaj.pl\/wp-content\/uploads\/2019\/08\/zielonasciana2-768x316.png 768w, https:\/\/online.tvk-gaj.pl\/wp-content\/uploads\/2019\/08\/zielonasciana2.png 1082w\" sizes=\"auto, (max-width: 1024px) 100vw, 1024px\" \/><\/figure>\n\n\n\n<p><\/p>\n\n\n\n<p>Planowana ziele\u0144 obejmuje r\u00f3\u017cnorodne gatunki ro\u015blin &#8211; m.in. per\u0142owca japo\u0144skiego, tulipanowca ameryka\u0144skiego, a tak\u017ce utworzenie rosarium i \u0142\u0105ki kwietnej. <\/p>\n\n\n\n<p><\/p>\n\n\n\n<p>Ide\u0105 projektu jest rewitalizacja terenu oraz funkcja naturalnego poch\u0142aniacza ha\u0142asu i zanieczyszcze\u0144 powietrza. Ponadto ro\u015blinno\u015b\u0107 zapewnia odrobin\u0119 ch\u0142odu w upalne dni, natomiast przy intensywnych opadach absorbuje nadmiar wody. <\/p>\n\n\n\n<p><\/p>\n\n\n\n<p>Pozostaje czeka\u0107 na wyb\u00f3r wykonawcy projektu oraz jak najszybsze rozpocz\u0119cie prac budowlanych. O dalszych etapach inwestycji b\u0119dziemy Was na bie\u017c\u0105co informowa\u0107. <\/p>\n\n\n\n<p><\/p>\n\n\n\n<p><\/p>\n","protected":false},"excerpt":{"rendered":"<p>[AKTUALIZACJA] Rozstrzygni\u0119to Zamkni\u0119to przetarg na wykonawc\u0119 projektu Wroc\u0142awskiego Bud\u017cetu Obywatelskiego z 2017r. &#8211; &#8222;Zielona \u015bciana na Gaju&#8221;. Projekt ten zak\u0142ada utworzenie ma\u0142ej enklawy zieleni wzd\u0142u\u017c cz\u0119\u015bci ulicy \u015awieradowskiej. [AKTUALIZACJA z dnia 21.10.2019r.] Do ko\u0144ca bie\u017c\u0105cego roku zako\u0144czona ma zosta\u0107 realizacja zwyci\u0119skiego projektu Wroc\u0142awskiego Bud\u017cetu Obywatelskiego z 2017r. &#8222;Zielona \u015bciana osiedla Gaj&#8221;.\u00a0Miasto wybra\u0142o w przetargu wykonawc\u0119 [&hellip;]<\/p>\n","protected":false},"author":1,"featured_media":11308,"comment_status":"open","ping_status":"open","sticky":false,"template":"","format":"standard","meta":{"footnotes":""},"categories":[14,12],"tags":[443,117,275,902,512,1191,1192],"class_list":["post-11301","post","type-post","status-publish","format-standard","has-post-thumbnail","hentry","category-aktualnosci","category-artykuly","tag-park","tag-swieradowska","tag-wbo","tag-wbo-2017","tag-zielen","tag-zielona-sciana","tag-zielona-sciana-na-gaju"],"_links":{"self":[{"href":"https:\/\/online.tvk-gaj.pl\/index.php?rest_route=\/wp\/v2\/posts\/11301","targetHints":{"allow":["GET"]}}],"collection":[{"href":"https:\/\/online.tvk-gaj.pl\/index.php?rest_route=\/wp\/v2\/posts"}],"about":[{"href":"https:\/\/online.tvk-gaj.pl\/index.php?rest_route=\/wp\/v2\/types\/post"}],"author":[{"embeddable":true,"href":"https:\/\/online.tvk-gaj.pl\/index.php?rest_route=\/wp\/v2\/users\/1"}],"replies":[{"embeddable":true,"href":"https:\/\/online.tvk-gaj.pl\/index.php?rest_route=%2Fwp%2Fv2%2Fcomments&post=11301"}],"version-history":[{"count":4,"href":"https:\/\/online.tvk-gaj.pl\/index.php?rest_route=\/wp\/v2\/posts\/11301\/revisions"}],"predecessor-version":[{"id":11638,"href":"https:\/\/online.tvk-gaj.pl\/index.php?rest_route=\/wp\/v2\/posts\/11301\/revisions\/11638"}],"wp:featuredmedia":[{"embeddable":true,"href":"https:\/\/online.tvk-gaj.pl\/index.php?rest_route=\/wp\/v2\/media\/11308"}],"wp:attachment":[{"href":"https:\/\/online.tvk-gaj.pl\/index.php?rest_route=%2Fwp%2Fv2%2Fmedia&parent=11301"}],"wp:term":[{"taxonomy":"category","embeddable":true,"href":"https:\/\/online.tvk-gaj.pl\/index.php?rest_route=%2Fwp%2Fv2%2Fcategories&post=11301"},{"taxonomy":"post_tag","embeddable":true,"href":"https:\/\/online.tvk-gaj.pl\/index.php?rest_route=%2Fwp%2Fv2%2Ftags&post=11301"}],"curies":[{"name":"wp","href":"https:\/\/api.w.org\/{rel}","templated":true}]}}