{"id":11313,"date":"2019-09-01T17:40:14","date_gmt":"2019-09-01T15:40:14","guid":{"rendered":"http:\/\/www.tvk-gaj.pl\/~gajonline\/?p=11313"},"modified":"2019-09-01T17:55:12","modified_gmt":"2019-09-01T15:55:12","slug":"nowe-przedszkole-na-gaju-rusza-budowa","status":"publish","type":"post","link":"https:\/\/online.tvk-gaj.pl\/?p=11313","title":{"rendered":"Nowe przedszkole na Gaju. Rusza budowa."},"content":{"rendered":"\n<p>Ruszy\u0142a budowa nowego publicznego \u017c\u0142obka oraz przedszkola na Gaju! Obiekt maj\u0105cy pomie\u015bci\u0107 blisko 300 dzieci powstaje w okolicy skrzy\u017cowania ul. Radkowskiej i Dzier\u017coniowskiej.<\/p>\n\n\n\n<p><\/p>\n\n\n\n<figure class=\"wp-block-image\"><img loading=\"lazy\" decoding=\"async\" width=\"1024\" height=\"768\" src=\"http:\/\/www.tvk-gaj.pl\/~gajonline\/wp-content\/uploads\/2019\/09\/IMG_20190827_173737-1-1024x768.jpg\" alt=\"\" class=\"wp-image-11315\" srcset=\"https:\/\/online.tvk-gaj.pl\/wp-content\/uploads\/2019\/09\/IMG_20190827_173737-1-1024x768.jpg 1024w, https:\/\/online.tvk-gaj.pl\/wp-content\/uploads\/2019\/09\/IMG_20190827_173737-1-300x225.jpg 300w, https:\/\/online.tvk-gaj.pl\/wp-content\/uploads\/2019\/09\/IMG_20190827_173737-1-768x576.jpg 768w, https:\/\/online.tvk-gaj.pl\/wp-content\/uploads\/2019\/09\/IMG_20190827_173737-1.jpg 1600w\" sizes=\"auto, (max-width: 1024px) 100vw, 1024px\" \/><\/figure>\n\n\n\n<p><\/p>\n\n\n\n<p>W ci\u0105gu trzech lat na Gaju, tu\u017c obok Zespo\u0142u Szkolno-Przedszkolnego Nr 21 przy ul. K\u0142odzkiej, powstanie publiczne przedszkole i \u017c\u0142obek na 300 dzieci. Obecnie do ZSP Nr 21 ucz\u0119szcza&nbsp;ponad 700 uczni\u00f3w i&nbsp;200 dzieci w wieku przedszkolnym.&nbsp;Mimo tak du\u017cej plac\u00f3wki nadal brakuje miejsc dla dzieci z osiedla. Przede wszystkim do ZSP Nr 21 ucz\u0119szczaj\u0105 dzieci nie tylko z terenu osiedla Gaj, ale tak\u017ce z Jagodna i Wojszyc. Ponadto to r\u00f3wnie\u017c rejon miasta, kt\u00f3ry ca\u0142y czas bardzo dynamicznie si\u0119 rozwija.<\/p>\n\n\n\n<p><\/p>\n\n\n\n<figure class=\"wp-block-image\"><img loading=\"lazy\" decoding=\"async\" width=\"840\" height=\"473\" src=\"http:\/\/www.tvk-gaj.pl\/~gajonline\/wp-content\/uploads\/2019\/09\/398168_840x.jpg\" alt=\"\" class=\"wp-image-11316\" srcset=\"https:\/\/online.tvk-gaj.pl\/wp-content\/uploads\/2019\/09\/398168_840x.jpg 840w, https:\/\/online.tvk-gaj.pl\/wp-content\/uploads\/2019\/09\/398168_840x-300x169.jpg 300w, https:\/\/online.tvk-gaj.pl\/wp-content\/uploads\/2019\/09\/398168_840x-768x432.jpg 768w\" sizes=\"auto, (max-width: 840px) 100vw, 840px\" \/><\/figure>\n\n\n\n<p><\/p>\n\n\n\n<p>Nowa plac\u00f3wka powsta\u0107 ma na dzia\u0142ce o powierzchni ok. 3542m2 zlokalizowanej przy skrzy\u017cowaniu ulic Radkowskiej i Dzier\u017coniowskiej. Sk\u0142ada\u0107 si\u0119 ma z 12 oddzia\u0142\u00f3w przedszkolnych oraz 2 przeznaczonych na \u017c\u0142obek. Ponadto miasto planuje utworzenie Centrum Dodatkowego Nauczania. <\/p>\n\n\n\n<p><\/p>\n\n\n\n<figure class=\"wp-block-image\"><img loading=\"lazy\" decoding=\"async\" width=\"768\" height=\"1024\" src=\"http:\/\/www.tvk-gaj.pl\/~gajonline\/wp-content\/uploads\/2019\/09\/IMG_20190827_173843-768x1024.jpg\" alt=\"\" class=\"wp-image-11317\" srcset=\"https:\/\/online.tvk-gaj.pl\/wp-content\/uploads\/2019\/09\/IMG_20190827_173843-768x1024.jpg 768w, https:\/\/online.tvk-gaj.pl\/wp-content\/uploads\/2019\/09\/IMG_20190827_173843-225x300.jpg 225w, https:\/\/online.tvk-gaj.pl\/wp-content\/uploads\/2019\/09\/IMG_20190827_173843.jpg 1200w\" sizes=\"auto, (max-width: 768px) 100vw, 768px\" \/><\/figure>\n\n\n\n<p><\/p>\n\n\n\n<p>Samo przedszkole ma mie\u0107 profil skautowski i promowa\u0107 idee harcerstwa. Budynek ma by\u0107 r\u00f3wnie\u017c przystosowany do nowoczesnych form nauczania. Zleceniodawca chce by w plac\u00f3wce znajdowa\u0142y si\u0119 m.in. multifunkcyjne sale do nauki j\u0119zyk\u00f3w obcych.<\/p>\n\n\n\n<p><\/p>\n\n\n\n<figure class=\"wp-block-image\"><img loading=\"lazy\" decoding=\"async\" width=\"768\" height=\"1024\" src=\"http:\/\/www.tvk-gaj.pl\/~gajonline\/wp-content\/uploads\/2019\/09\/IMG_20190827_173759-768x1024.jpg\" alt=\"\" class=\"wp-image-11318\" srcset=\"https:\/\/online.tvk-gaj.pl\/wp-content\/uploads\/2019\/09\/IMG_20190827_173759-768x1024.jpg 768w, https:\/\/online.tvk-gaj.pl\/wp-content\/uploads\/2019\/09\/IMG_20190827_173759-225x300.jpg 225w, https:\/\/online.tvk-gaj.pl\/wp-content\/uploads\/2019\/09\/IMG_20190827_173759.jpg 1200w\" sizes=\"auto, (max-width: 768px) 100vw, 768px\" \/><\/figure>\n\n\n\n<p><\/p>\n\n\n\n<p>Najkorzystniejsz\u0105 dla miasta ofert\u0119 przetargow\u0105 z\u0142o\u017cy\u0142 DR Developer. Oferta przetargowa obejmowa\u0142a wieczyste u\u017cytkowanie terenu na okres 99 lat z cen\u0105 min. ustalon\u0105 na 850 tys. z\u0142. Ponadto zwyci\u0119zca ma 3 lata na oddanie obiektu do u\u017cytku. DR Developer zaoferowa\u0142&nbsp;1 mln 235 tys. z\u0142 netto.<\/p>\n\n\n\n<p><\/p>\n\n\n\n<p>O post\u0119pach w budowie b\u0119dziemy na bie\u017c\u0105co informowa\u0107 zar\u00f3wno na stronie jak i na naszym <a href=\"http:\/\/www.facebook.com\/osiedlegaj\">facebookowym profilu<\/a>.<\/p>\n\n\n\n<p><\/p>\n\n\n\n<p><\/p>\n\n\n\n<p><\/p>\n","protected":false},"excerpt":{"rendered":"<p>Ruszy\u0142a budowa nowego publicznego \u017c\u0142obka oraz przedszkola na Gaju! Obiekt maj\u0105cy pomie\u015bci\u0107 blisko 300 dzieci powstaje w okolicy skrzy\u017cowania ul. Radkowskiej i Dzier\u017coniowskiej. W ci\u0105gu trzech lat na Gaju, tu\u017c obok Zespo\u0142u Szkolno-Przedszkolnego Nr 21 przy ul. K\u0142odzkiej, powstanie publiczne przedszkole i \u017c\u0142obek na 300 dzieci. Obecnie do ZSP Nr 21 ucz\u0119szcza&nbsp;ponad 700 uczni\u00f3w i&nbsp;200 [&hellip;]<\/p>\n","protected":false},"author":1,"featured_media":11326,"comment_status":"open","ping_status":"open","sticky":false,"template":"","format":"standard","meta":{"footnotes":""},"categories":[14,12],"tags":[112,176,1195],"class_list":["post-11313","post","type-post","status-publish","format-standard","has-post-thumbnail","hentry","category-aktualnosci","category-artykuly","tag-gaj","tag-przedszkole","tag-zlobek"],"_links":{"self":[{"href":"https:\/\/online.tvk-gaj.pl\/index.php?rest_route=\/wp\/v2\/posts\/11313","targetHints":{"allow":["GET"]}}],"collection":[{"href":"https:\/\/online.tvk-gaj.pl\/index.php?rest_route=\/wp\/v2\/posts"}],"about":[{"href":"https:\/\/online.tvk-gaj.pl\/index.php?rest_route=\/wp\/v2\/types\/post"}],"author":[{"embeddable":true,"href":"https:\/\/online.tvk-gaj.pl\/index.php?rest_route=\/wp\/v2\/users\/1"}],"replies":[{"embeddable":true,"href":"https:\/\/online.tvk-gaj.pl\/index.php?rest_route=%2Fwp%2Fv2%2Fcomments&post=11313"}],"version-history":[{"count":3,"href":"https:\/\/online.tvk-gaj.pl\/index.php?rest_route=\/wp\/v2\/posts\/11313\/revisions"}],"predecessor-version":[{"id":11324,"href":"https:\/\/online.tvk-gaj.pl\/index.php?rest_route=\/wp\/v2\/posts\/11313\/revisions\/11324"}],"wp:featuredmedia":[{"embeddable":true,"href":"https:\/\/online.tvk-gaj.pl\/index.php?rest_route=\/wp\/v2\/media\/11326"}],"wp:attachment":[{"href":"https:\/\/online.tvk-gaj.pl\/index.php?rest_route=%2Fwp%2Fv2%2Fmedia&parent=11313"}],"wp:term":[{"taxonomy":"category","embeddable":true,"href":"https:\/\/online.tvk-gaj.pl\/index.php?rest_route=%2Fwp%2Fv2%2Fcategories&post=11313"},{"taxonomy":"post_tag","embeddable":true,"href":"https:\/\/online.tvk-gaj.pl\/index.php?rest_route=%2Fwp%2Fv2%2Ftags&post=11313"}],"curies":[{"name":"wp","href":"https:\/\/api.w.org\/{rel}","templated":true}]}}