{"id":1132,"date":"2013-05-30T12:50:59","date_gmt":"2013-05-30T10:50:59","guid":{"rendered":"http:\/\/www.tvk-gaj.pl\/~gajonline\/?p=1132"},"modified":"2013-05-10T12:56:53","modified_gmt":"2013-05-10T10:56:53","slug":"spotkanie-mops-w-radzie-osiedla-gaj","status":"publish","type":"post","link":"https:\/\/online.tvk-gaj.pl\/?p=1132","title":{"rendered":"Spotkanie MOPS w Radzie Osiedla Gaj"},"content":{"rendered":"<p>Miejski O\u015brodek Pomocy Spo\u0142ecznej, Zesp\u00f3\u0142 Terenowej Pracy Socjalnej Nr 5 zaprasza na spotkanie w Radzie Osiedla Gaj dotycz\u0105ce bezpiecze\u0144stwa na osiedlu.<!--more--><\/p>\n<p>W dniu 5 czerwca, w \u015brod\u0119, o godz. 16:30 w siedzibie Rady Osiedla Gaj przy ul. Krynickiej 80 odb\u0119dzie si\u0119 spotkanie &#8211; prelekcja na temat &#8222;Bezpiecze\u0144stwo na Osiedlu Gaj&#8221;. Spotkanie ma dotyczy\u0107 u\u015bwiadomienia zagro\u017ce\u0144, sposob\u00f3w ich unikania oraz informacji, gdzie mo\u017cna uzyska\u0107 pomoc.<\/p>\n<p>Prelegent &#8211; Dzielnicowy Komisariatu Policji Wroc\u0142aw-Krzyki.<\/p>\n<p>Serdecznie zapraszamy na spotkanie wszystkich zainteresowanych mieszka\u0144c\u00f3w osiedla!<\/p>\n<p>&nbsp;<\/p>\n<p>&nbsp;<\/p>\n","protected":false},"excerpt":{"rendered":"<p>Miejski O\u015brodek Pomocy Spo\u0142ecznej, Zesp\u00f3\u0142 Terenowej Pracy Socjalnej Nr 5 zaprasza na spotkanie w Radzie Osiedla Gaj dotycz\u0105ce bezpiecze\u0144stwa na osiedlu.<\/p>\n","protected":false},"author":1,"featured_media":491,"comment_status":"open","ping_status":"open","sticky":false,"template":"","format":"standard","meta":{"footnotes":""},"categories":[14],"tags":[72],"class_list":["post-1132","post","type-post","status-publish","format-standard","has-post-thumbnail","hentry","category-aktualnosci","tag-mops-rada-osiedla-gaj-spotkanie"],"_links":{"self":[{"href":"https:\/\/online.tvk-gaj.pl\/index.php?rest_route=\/wp\/v2\/posts\/1132","targetHints":{"allow":["GET"]}}],"collection":[{"href":"https:\/\/online.tvk-gaj.pl\/index.php?rest_route=\/wp\/v2\/posts"}],"about":[{"href":"https:\/\/online.tvk-gaj.pl\/index.php?rest_route=\/wp\/v2\/types\/post"}],"author":[{"embeddable":true,"href":"https:\/\/online.tvk-gaj.pl\/index.php?rest_route=\/wp\/v2\/users\/1"}],"replies":[{"embeddable":true,"href":"https:\/\/online.tvk-gaj.pl\/index.php?rest_route=%2Fwp%2Fv2%2Fcomments&post=1132"}],"version-history":[{"count":3,"href":"https:\/\/online.tvk-gaj.pl\/index.php?rest_route=\/wp\/v2\/posts\/1132\/revisions"}],"predecessor-version":[{"id":1134,"href":"https:\/\/online.tvk-gaj.pl\/index.php?rest_route=\/wp\/v2\/posts\/1132\/revisions\/1134"}],"wp:featuredmedia":[{"embeddable":true,"href":"https:\/\/online.tvk-gaj.pl\/index.php?rest_route=\/wp\/v2\/media\/491"}],"wp:attachment":[{"href":"https:\/\/online.tvk-gaj.pl\/index.php?rest_route=%2Fwp%2Fv2%2Fmedia&parent=1132"}],"wp:term":[{"taxonomy":"category","embeddable":true,"href":"https:\/\/online.tvk-gaj.pl\/index.php?rest_route=%2Fwp%2Fv2%2Fcategories&post=1132"},{"taxonomy":"post_tag","embeddable":true,"href":"https:\/\/online.tvk-gaj.pl\/index.php?rest_route=%2Fwp%2Fv2%2Ftags&post=1132"}],"curies":[{"name":"wp","href":"https:\/\/api.w.org\/{rel}","templated":true}]}}