{"id":1146,"date":"2013-05-15T13:59:54","date_gmt":"2013-05-15T11:59:54","guid":{"rendered":"http:\/\/www.tvk-gaj.pl\/~gajonline\/?p=1146"},"modified":"2013-05-18T08:47:41","modified_gmt":"2013-05-18T06:47:41","slug":"fotorelacja-z-festynu-dla-dzieci-w-parku-slonecznym","status":"publish","type":"post","link":"https:\/\/online.tvk-gaj.pl\/?p=1146","title":{"rendered":"Fotorelacja z Festynu dla Dzieci w BimBamBom"},"content":{"rendered":"<p>Zapraszamy do fotorelacji z Festynu dla Dzieci, kt\u00f3ry odby\u0142 si\u0119 w Niepublicznym Przedszkolu BimBamBom przy ul. Krynickiej oraz na terenie Parku S\u0142onecznego, 11 maja b.r.<!--more--><\/p>\n<p>Festyn zorganizowany zosta\u0142 przed Niepubliczne Przedszkole BimBamBom, znajduj\u0105ce si\u0119 przy ul .Krynickiej 27-29. Imprez\u0119 wsp\u00f3\u0142prowadzi\u0142 Pan Andrzej Nawrot, znany osiedlowy DJ;)<\/p>\n<p>[nggallery id=22]<\/p>\n<p>&nbsp;<\/p>\n<div class='et-learn-more clearfix'>\n\t\t\t\t\t<h3 class='heading-more'>Zdj\u0119cia<span class='et_learnmore_arrow'><span><\/span><\/span><\/h3>\n\t\t\t\t\t<div class='learn-more-content'>Zdj\u0119cia autorstwa Pana Andrzeja Nawrota, Radnego RO Gaj.<\/div>\n\t\t\t\t<\/div>\n<p>&nbsp;<\/p>\n<p>&nbsp;<\/p>\n","protected":false},"excerpt":{"rendered":"<p>Zapraszamy do fotorelacji z Festynu dla Dzieci, kt\u00f3ry odby\u0142 si\u0119 w Niepublicznym Przedszkolu BimBamBom przy ul. Krynickiej oraz na terenie Parku S\u0142onecznego, 11 maja b.r.<\/p>\n","protected":false},"author":1,"featured_media":1152,"comment_status":"open","ping_status":"open","sticky":false,"template":"","format":"standard","meta":{"footnotes":""},"categories":[14,12],"tags":[74],"class_list":["post-1146","post","type-post","status-publish","format-standard","has-post-thumbnail","hentry","category-aktualnosci","category-artykuly","tag-festyn-dla-dzieci-park-sloneczny"],"_links":{"self":[{"href":"https:\/\/online.tvk-gaj.pl\/index.php?rest_route=\/wp\/v2\/posts\/1146","targetHints":{"allow":["GET"]}}],"collection":[{"href":"https:\/\/online.tvk-gaj.pl\/index.php?rest_route=\/wp\/v2\/posts"}],"about":[{"href":"https:\/\/online.tvk-gaj.pl\/index.php?rest_route=\/wp\/v2\/types\/post"}],"author":[{"embeddable":true,"href":"https:\/\/online.tvk-gaj.pl\/index.php?rest_route=\/wp\/v2\/users\/1"}],"replies":[{"embeddable":true,"href":"https:\/\/online.tvk-gaj.pl\/index.php?rest_route=%2Fwp%2Fv2%2Fcomments&post=1146"}],"version-history":[{"count":6,"href":"https:\/\/online.tvk-gaj.pl\/index.php?rest_route=\/wp\/v2\/posts\/1146\/revisions"}],"predecessor-version":[{"id":1155,"href":"https:\/\/online.tvk-gaj.pl\/index.php?rest_route=\/wp\/v2\/posts\/1146\/revisions\/1155"}],"wp:featuredmedia":[{"embeddable":true,"href":"https:\/\/online.tvk-gaj.pl\/index.php?rest_route=\/wp\/v2\/media\/1152"}],"wp:attachment":[{"href":"https:\/\/online.tvk-gaj.pl\/index.php?rest_route=%2Fwp%2Fv2%2Fmedia&parent=1146"}],"wp:term":[{"taxonomy":"category","embeddable":true,"href":"https:\/\/online.tvk-gaj.pl\/index.php?rest_route=%2Fwp%2Fv2%2Fcategories&post=1146"},{"taxonomy":"post_tag","embeddable":true,"href":"https:\/\/online.tvk-gaj.pl\/index.php?rest_route=%2Fwp%2Fv2%2Ftags&post=1146"}],"curies":[{"name":"wp","href":"https:\/\/api.w.org\/{rel}","templated":true}]}}