{"id":11518,"date":"2019-09-21T20:08:17","date_gmt":"2019-09-21T18:08:17","guid":{"rendered":"http:\/\/www.tvk-gaj.pl\/~gajonline\/?p=11518"},"modified":"2019-09-22T17:18:54","modified_gmt":"2019-09-22T15:18:54","slug":"wycieczka-seniorow-osiedla-gaj-kierunek-lubuskie","status":"publish","type":"post","link":"https:\/\/online.tvk-gaj.pl\/?p=11518","title":{"rendered":"Wycieczka Senior\u00f3w Osiedla Gaj &#8211; kierunek Lubuskie!"},"content":{"rendered":"\n<p>W dniach 13-14 wrze\u015bnia odby\u0142a si\u0119 dwudniowa wycieczka senior\u00f3w Osiedla Gaj do pojezierza lubuskiego. Wyjazd odby\u0142 si\u0119 z \u015brodk\u00f3w miejskiego Funduszu Czasu Wolnego, a organizatorem by\u0142a Rada Osiedla Gaj. Zapraszamy do fotorelacji oraz galerii zdj\u0119\u0107 z wyjazdu!<\/p>\n\n\n\n<p><\/p>\n\n\n\n<figure class=\"wp-block-image\"><img loading=\"lazy\" decoding=\"async\" width=\"724\" height=\"1024\" src=\"http:\/\/www.tvk-gaj.pl\/~gajonline\/wp-content\/uploads\/2019\/09\/Kopia-WYCIECZKA-SENIORO\u0301W-Z-GAJU-724x1024.jpg\" alt=\"\" class=\"wp-image-11547\" srcset=\"https:\/\/online.tvk-gaj.pl\/wp-content\/uploads\/2019\/09\/Kopia-WYCIECZKA-SENIORO\u0301W-Z-GAJU-724x1024.jpg 724w, https:\/\/online.tvk-gaj.pl\/wp-content\/uploads\/2019\/09\/Kopia-WYCIECZKA-SENIORO\u0301W-Z-GAJU-212x300.jpg 212w, https:\/\/online.tvk-gaj.pl\/wp-content\/uploads\/2019\/09\/Kopia-WYCIECZKA-SENIORO\u0301W-Z-GAJU-768x1086.jpg 768w, https:\/\/online.tvk-gaj.pl\/wp-content\/uploads\/2019\/09\/Kopia-WYCIECZKA-SENIORO\u0301W-Z-GAJU.jpg 1588w\" sizes=\"auto, (max-width: 724px) 100vw, 724px\" \/><\/figure>\n\n\n\n<p><\/p>\n\n\n\n<p><\/p>\n\n\n\n<p><strong>Relacja z wycieczki Senior\u00f3w z Gaju 13-14 wrze\u015bnia 2019r.<\/strong><\/p>\n\n\n\n<p><\/p>\n\n\n\n<figure class=\"wp-block-image\"><img loading=\"lazy\" decoding=\"async\" width=\"1024\" height=\"680\" src=\"http:\/\/www.tvk-gaj.pl\/~gajonline\/wp-content\/uploads\/2019\/09\/DSC_1064-20.59.58-1024x680.jpg\" alt=\"\" class=\"wp-image-11524\" srcset=\"https:\/\/online.tvk-gaj.pl\/wp-content\/uploads\/2019\/09\/DSC_1064-20.59.58-1024x680.jpg 1024w, https:\/\/online.tvk-gaj.pl\/wp-content\/uploads\/2019\/09\/DSC_1064-20.59.58-300x199.jpg 300w, https:\/\/online.tvk-gaj.pl\/wp-content\/uploads\/2019\/09\/DSC_1064-20.59.58-768x510.jpg 768w, https:\/\/online.tvk-gaj.pl\/wp-content\/uploads\/2019\/09\/DSC_1064-20.59.58-321x214.jpg 321w, https:\/\/online.tvk-gaj.pl\/wp-content\/uploads\/2019\/09\/DSC_1064-20.59.58-207x136.jpg 207w, https:\/\/online.tvk-gaj.pl\/wp-content\/uploads\/2019\/09\/DSC_1064-20.59.58-140x94.jpg 140w\" sizes=\"auto, (max-width: 1024px) 100vw, 1024px\" \/><\/figure>\n\n\n\n<p><\/p>\n\n\n\n<p>Wszystko jak zawsze zacz\u0119\u0142o si\u0119 na Gaju. A konkretnie o godzinie 7 rano na parkingu przy ul. Orzechowej. Tutaj mia\u0142a miejsce zbi\u00f3rka oraz wyjazd.<\/p>\n\n\n\n<p><\/p>\n\n\n\n<figure class=\"wp-block-image\"><img loading=\"lazy\" decoding=\"async\" width=\"1024\" height=\"680\" src=\"http:\/\/www.tvk-gaj.pl\/~gajonline\/wp-content\/uploads\/2019\/09\/DSC_1087-21.00.00-1024x680.jpg\" alt=\"\" class=\"wp-image-11525\" srcset=\"https:\/\/online.tvk-gaj.pl\/wp-content\/uploads\/2019\/09\/DSC_1087-21.00.00-1024x680.jpg 1024w, https:\/\/online.tvk-gaj.pl\/wp-content\/uploads\/2019\/09\/DSC_1087-21.00.00-300x199.jpg 300w, https:\/\/online.tvk-gaj.pl\/wp-content\/uploads\/2019\/09\/DSC_1087-21.00.00-768x510.jpg 768w, https:\/\/online.tvk-gaj.pl\/wp-content\/uploads\/2019\/09\/DSC_1087-21.00.00-321x214.jpg 321w, https:\/\/online.tvk-gaj.pl\/wp-content\/uploads\/2019\/09\/DSC_1087-21.00.00-207x136.jpg 207w, https:\/\/online.tvk-gaj.pl\/wp-content\/uploads\/2019\/09\/DSC_1087-21.00.00-140x94.jpg 140w\" sizes=\"auto, (max-width: 1024px) 100vw, 1024px\" \/><\/figure>\n\n\n\n<p><\/p>\n\n\n\n<p>Pierwszym punktem programu by\u0142 przejazd do Mi\u0119dzyrzeckiego Rejonu Umocnionego. <\/p>\n\n\n\n<p><\/p>\n\n\n\n<figure class=\"wp-block-image\"><img loading=\"lazy\" decoding=\"async\" width=\"1024\" height=\"680\" src=\"http:\/\/www.tvk-gaj.pl\/~gajonline\/wp-content\/uploads\/2019\/09\/DSC_1123-1024x680.jpg\" alt=\"\" class=\"wp-image-11523\" srcset=\"https:\/\/online.tvk-gaj.pl\/wp-content\/uploads\/2019\/09\/DSC_1123-1024x680.jpg 1024w, https:\/\/online.tvk-gaj.pl\/wp-content\/uploads\/2019\/09\/DSC_1123-300x199.jpg 300w, https:\/\/online.tvk-gaj.pl\/wp-content\/uploads\/2019\/09\/DSC_1123-768x510.jpg 768w, https:\/\/online.tvk-gaj.pl\/wp-content\/uploads\/2019\/09\/DSC_1123-321x214.jpg 321w, https:\/\/online.tvk-gaj.pl\/wp-content\/uploads\/2019\/09\/DSC_1123-207x136.jpg 207w, https:\/\/online.tvk-gaj.pl\/wp-content\/uploads\/2019\/09\/DSC_1123-140x94.jpg 140w\" sizes=\"auto, (max-width: 1024px) 100vw, 1024px\" \/><\/figure>\n\n\n\n<p><\/p>\n\n\n\n<p>Tutaj wraz z przewodnikiem ca\u0142a grupa zwiedza\u0142a obiekty naziemne  i podziemne niesamowitego obiektu militarnego z czas\u00f3w II Wojny \u015awiatowej. <\/p>\n\n\n\n<p><\/p>\n\n\n\n<figure class=\"wp-block-image\"><img loading=\"lazy\" decoding=\"async\" width=\"1024\" height=\"680\" src=\"http:\/\/www.tvk-gaj.pl\/~gajonline\/wp-content\/uploads\/2019\/09\/DSC_1153-1024x680.jpg\" alt=\"\" class=\"wp-image-11526\" srcset=\"https:\/\/online.tvk-gaj.pl\/wp-content\/uploads\/2019\/09\/DSC_1153-1024x680.jpg 1024w, https:\/\/online.tvk-gaj.pl\/wp-content\/uploads\/2019\/09\/DSC_1153-300x199.jpg 300w, https:\/\/online.tvk-gaj.pl\/wp-content\/uploads\/2019\/09\/DSC_1153-768x510.jpg 768w, https:\/\/online.tvk-gaj.pl\/wp-content\/uploads\/2019\/09\/DSC_1153-321x214.jpg 321w, https:\/\/online.tvk-gaj.pl\/wp-content\/uploads\/2019\/09\/DSC_1153-207x136.jpg 207w, https:\/\/online.tvk-gaj.pl\/wp-content\/uploads\/2019\/09\/DSC_1153-140x94.jpg 140w\" sizes=\"auto, (max-width: 1024px) 100vw, 1024px\" \/><\/figure>\n\n\n\n<p><\/p>\n\n\n\n<p>Samo zwiedzenie obiektu trwa\u0142o blisko 3 godziny. <\/p>\n\n\n\n<p><\/p>\n\n\n\n<figure class=\"wp-block-image\"><img loading=\"lazy\" decoding=\"async\" width=\"1024\" height=\"680\" src=\"http:\/\/www.tvk-gaj.pl\/~gajonline\/wp-content\/uploads\/2019\/09\/DSC_1241-kopia-1024x680.jpg\" alt=\"\" class=\"wp-image-11527\" srcset=\"https:\/\/online.tvk-gaj.pl\/wp-content\/uploads\/2019\/09\/DSC_1241-kopia-1024x680.jpg 1024w, https:\/\/online.tvk-gaj.pl\/wp-content\/uploads\/2019\/09\/DSC_1241-kopia-300x199.jpg 300w, https:\/\/online.tvk-gaj.pl\/wp-content\/uploads\/2019\/09\/DSC_1241-kopia-768x510.jpg 768w, https:\/\/online.tvk-gaj.pl\/wp-content\/uploads\/2019\/09\/DSC_1241-kopia-321x214.jpg 321w, https:\/\/online.tvk-gaj.pl\/wp-content\/uploads\/2019\/09\/DSC_1241-kopia-207x136.jpg 207w, https:\/\/online.tvk-gaj.pl\/wp-content\/uploads\/2019\/09\/DSC_1241-kopia-140x94.jpg 140w\" sizes=\"auto, (max-width: 1024px) 100vw, 1024px\" \/><\/figure>\n\n\n\n<p><\/p>\n\n\n\n<p>Nie mog\u0142o zabrakn\u0105\u0107 grupowe zdj\u0119cia z ciekawym t\u0142em. <\/p>\n\n\n\n<p><\/p>\n\n\n\n<figure class=\"wp-block-image\"><img loading=\"lazy\" decoding=\"async\" width=\"1024\" height=\"680\" src=\"http:\/\/www.tvk-gaj.pl\/~gajonline\/wp-content\/uploads\/2019\/09\/DSC_1279-1024x680.jpg\" alt=\"\" class=\"wp-image-11528\" srcset=\"https:\/\/online.tvk-gaj.pl\/wp-content\/uploads\/2019\/09\/DSC_1279-1024x680.jpg 1024w, https:\/\/online.tvk-gaj.pl\/wp-content\/uploads\/2019\/09\/DSC_1279-300x199.jpg 300w, https:\/\/online.tvk-gaj.pl\/wp-content\/uploads\/2019\/09\/DSC_1279-768x510.jpg 768w, https:\/\/online.tvk-gaj.pl\/wp-content\/uploads\/2019\/09\/DSC_1279-321x214.jpg 321w, https:\/\/online.tvk-gaj.pl\/wp-content\/uploads\/2019\/09\/DSC_1279-207x136.jpg 207w, https:\/\/online.tvk-gaj.pl\/wp-content\/uploads\/2019\/09\/DSC_1279-140x94.jpg 140w\" sizes=\"auto, (max-width: 1024px) 100vw, 1024px\" \/><\/figure>\n\n\n\n<p><\/p>\n\n\n\n<p>Z Mi\u0119dzyrzecza wycieczka pojecha\u0142a na spotkanie z le\u015bniczym w Sul\u0119cinie.<\/p>\n\n\n\n<p><\/p>\n\n\n\n<figure class=\"wp-block-image\"><img loading=\"lazy\" decoding=\"async\" width=\"680\" height=\"1024\" src=\"http:\/\/www.tvk-gaj.pl\/~gajonline\/wp-content\/uploads\/2019\/09\/DSC_1276-680x1024.jpg\" alt=\"\" class=\"wp-image-11529\" srcset=\"https:\/\/online.tvk-gaj.pl\/wp-content\/uploads\/2019\/09\/DSC_1276-680x1024.jpg 680w, https:\/\/online.tvk-gaj.pl\/wp-content\/uploads\/2019\/09\/DSC_1276-199x300.jpg 199w, https:\/\/online.tvk-gaj.pl\/wp-content\/uploads\/2019\/09\/DSC_1276-768x1156.jpg 768w, https:\/\/online.tvk-gaj.pl\/wp-content\/uploads\/2019\/09\/DSC_1276.jpg 1424w\" sizes=\"auto, (max-width: 680px) 100vw, 680px\" \/><\/figure>\n\n\n\n<p><\/p>\n\n\n\n<p>Tam odby\u0142o si\u0119 zwiedzanie szk\u00f3\u0142ki le\u015bnej wraz z pe\u0142nym pasji przewodnikiem &#8211; czyli tamtejszym le\u015bniczym.<\/p>\n\n\n\n<p><\/p>\n\n\n\n<figure class=\"wp-block-image\"><img loading=\"lazy\" decoding=\"async\" width=\"1024\" height=\"680\" src=\"http:\/\/www.tvk-gaj.pl\/~gajonline\/wp-content\/uploads\/2019\/09\/DSC_1443-1024x680.jpg\" alt=\"\" class=\"wp-image-11541\" srcset=\"https:\/\/online.tvk-gaj.pl\/wp-content\/uploads\/2019\/09\/DSC_1443-1024x680.jpg 1024w, https:\/\/online.tvk-gaj.pl\/wp-content\/uploads\/2019\/09\/DSC_1443-300x199.jpg 300w, https:\/\/online.tvk-gaj.pl\/wp-content\/uploads\/2019\/09\/DSC_1443-768x510.jpg 768w, https:\/\/online.tvk-gaj.pl\/wp-content\/uploads\/2019\/09\/DSC_1443-321x214.jpg 321w, https:\/\/online.tvk-gaj.pl\/wp-content\/uploads\/2019\/09\/DSC_1443-207x136.jpg 207w, https:\/\/online.tvk-gaj.pl\/wp-content\/uploads\/2019\/09\/DSC_1443-140x94.jpg 140w\" sizes=\"auto, (max-width: 1024px) 100vw, 1024px\" \/><\/figure>\n\n\n\n<p><\/p>\n\n\n\n<p>Po zwiedzaniu kompleksu le\u015bnego wycieczka pojecha\u0142a do miejsca noclegowego, czyli o\u015brodka Kormoran w Sul\u0119cinie. <\/p>\n\n\n\n<p><\/p>\n\n\n\n<figure class=\"wp-block-image\"><img loading=\"lazy\" decoding=\"async\" width=\"1024\" height=\"680\" src=\"http:\/\/www.tvk-gaj.pl\/~gajonline\/wp-content\/uploads\/2019\/09\/DSC_1335-1024x680.jpg\" alt=\"\" class=\"wp-image-11531\" srcset=\"https:\/\/online.tvk-gaj.pl\/wp-content\/uploads\/2019\/09\/DSC_1335-1024x680.jpg 1024w, https:\/\/online.tvk-gaj.pl\/wp-content\/uploads\/2019\/09\/DSC_1335-300x199.jpg 300w, https:\/\/online.tvk-gaj.pl\/wp-content\/uploads\/2019\/09\/DSC_1335-768x510.jpg 768w, https:\/\/online.tvk-gaj.pl\/wp-content\/uploads\/2019\/09\/DSC_1335-321x214.jpg 321w, https:\/\/online.tvk-gaj.pl\/wp-content\/uploads\/2019\/09\/DSC_1335-207x136.jpg 207w, https:\/\/online.tvk-gaj.pl\/wp-content\/uploads\/2019\/09\/DSC_1335-140x94.jpg 140w\" sizes=\"auto, (max-width: 1024px) 100vw, 1024px\" \/><\/figure>\n\n\n\n<p><\/p>\n\n\n\n<p>G\u0142\u00f3wnym punktem wieczornego programu by\u0142o wsp\u00f3lne ognisko.<\/p>\n\n\n\n<p><\/p>\n\n\n\n<figure class=\"wp-block-image\"><img loading=\"lazy\" decoding=\"async\" width=\"1024\" height=\"680\" src=\"http:\/\/www.tvk-gaj.pl\/~gajonline\/wp-content\/uploads\/2019\/09\/DSC_1314-1024x680.jpg\" alt=\"\" class=\"wp-image-11530\" srcset=\"https:\/\/online.tvk-gaj.pl\/wp-content\/uploads\/2019\/09\/DSC_1314-1024x680.jpg 1024w, https:\/\/online.tvk-gaj.pl\/wp-content\/uploads\/2019\/09\/DSC_1314-300x199.jpg 300w, https:\/\/online.tvk-gaj.pl\/wp-content\/uploads\/2019\/09\/DSC_1314-768x510.jpg 768w, https:\/\/online.tvk-gaj.pl\/wp-content\/uploads\/2019\/09\/DSC_1314-321x214.jpg 321w, https:\/\/online.tvk-gaj.pl\/wp-content\/uploads\/2019\/09\/DSC_1314-207x136.jpg 207w, https:\/\/online.tvk-gaj.pl\/wp-content\/uploads\/2019\/09\/DSC_1314-140x94.jpg 140w\" sizes=\"auto, (max-width: 1024px) 100vw, 1024px\" \/><\/figure>\n\n\n\n<p><\/p>\n\n\n\n<p>W menu pojawi\u0142a si\u0119 m.in. kark\u00f3wka z rusztu oraz kie\u0142baski opiekane ogniem.<\/p>\n\n\n\n<p><\/p>\n\n\n\n<figure class=\"wp-block-image\"><img loading=\"lazy\" decoding=\"async\" width=\"1024\" height=\"680\" src=\"http:\/\/www.tvk-gaj.pl\/~gajonline\/wp-content\/uploads\/2019\/09\/DSC_1385-1024x680.jpg\" alt=\"\" class=\"wp-image-11532\" srcset=\"https:\/\/online.tvk-gaj.pl\/wp-content\/uploads\/2019\/09\/DSC_1385-1024x680.jpg 1024w, https:\/\/online.tvk-gaj.pl\/wp-content\/uploads\/2019\/09\/DSC_1385-300x199.jpg 300w, https:\/\/online.tvk-gaj.pl\/wp-content\/uploads\/2019\/09\/DSC_1385-768x510.jpg 768w, https:\/\/online.tvk-gaj.pl\/wp-content\/uploads\/2019\/09\/DSC_1385-321x214.jpg 321w, https:\/\/online.tvk-gaj.pl\/wp-content\/uploads\/2019\/09\/DSC_1385-207x136.jpg 207w, https:\/\/online.tvk-gaj.pl\/wp-content\/uploads\/2019\/09\/DSC_1385-140x94.jpg 140w\" sizes=\"auto, (max-width: 1024px) 100vw, 1024px\" \/><\/figure>\n\n\n\n<p><\/p>\n\n\n\n<p>Nast\u0119pny dzie\u0144 rozpocz\u0105\u0142 si\u0119 dobrym \u015bniadaniem w hotelowej restauracji.<\/p>\n\n\n\n<figure class=\"wp-block-image\"><img loading=\"lazy\" decoding=\"async\" width=\"1024\" height=\"680\" src=\"http:\/\/www.tvk-gaj.pl\/~gajonline\/wp-content\/uploads\/2019\/09\/DSC_1396-1024x680.jpg\" alt=\"\" class=\"wp-image-11533\" srcset=\"https:\/\/online.tvk-gaj.pl\/wp-content\/uploads\/2019\/09\/DSC_1396-1024x680.jpg 1024w, https:\/\/online.tvk-gaj.pl\/wp-content\/uploads\/2019\/09\/DSC_1396-300x199.jpg 300w, https:\/\/online.tvk-gaj.pl\/wp-content\/uploads\/2019\/09\/DSC_1396-768x510.jpg 768w, https:\/\/online.tvk-gaj.pl\/wp-content\/uploads\/2019\/09\/DSC_1396-321x214.jpg 321w, https:\/\/online.tvk-gaj.pl\/wp-content\/uploads\/2019\/09\/DSC_1396-207x136.jpg 207w, https:\/\/online.tvk-gaj.pl\/wp-content\/uploads\/2019\/09\/DSC_1396-140x94.jpg 140w\" sizes=\"auto, (max-width: 1024px) 100vw, 1024px\" \/><\/figure>\n\n\n\n<p><\/p>\n\n\n\n<p>Oczywi\u015bcie nie mog\u0142o jeszcze zabrakn\u0105\u0107 po\u017cegnalnego spaceru po pi\u0119knym kompleksie o\u015brodka.<\/p>\n\n\n\n<p><\/p>\n\n\n\n<figure class=\"wp-block-image\"><img loading=\"lazy\" decoding=\"async\" width=\"1024\" height=\"680\" src=\"http:\/\/www.tvk-gaj.pl\/~gajonline\/wp-content\/uploads\/2019\/09\/DSC_1427-1024x680.jpg\" alt=\"\" class=\"wp-image-11534\" srcset=\"https:\/\/online.tvk-gaj.pl\/wp-content\/uploads\/2019\/09\/DSC_1427-1024x680.jpg 1024w, https:\/\/online.tvk-gaj.pl\/wp-content\/uploads\/2019\/09\/DSC_1427-300x199.jpg 300w, https:\/\/online.tvk-gaj.pl\/wp-content\/uploads\/2019\/09\/DSC_1427-768x510.jpg 768w, https:\/\/online.tvk-gaj.pl\/wp-content\/uploads\/2019\/09\/DSC_1427-321x214.jpg 321w, https:\/\/online.tvk-gaj.pl\/wp-content\/uploads\/2019\/09\/DSC_1427-207x136.jpg 207w, https:\/\/online.tvk-gaj.pl\/wp-content\/uploads\/2019\/09\/DSC_1427-140x94.jpg 140w\" sizes=\"auto, (max-width: 1024px) 100vw, 1024px\" \/><\/figure>\n\n\n\n<p><\/p>\n\n\n\n<p>Sul\u0119cin po\u017cegnano grupowym zdj\u0119ciem i pi\u0119kn\u0105&nbsp;pogod\u0105 drugiego dnia wycieczki.<\/p>\n\n\n\n<p><\/p>\n\n\n\n<figure class=\"wp-block-image\"><img loading=\"lazy\" decoding=\"async\" width=\"1024\" height=\"680\" src=\"http:\/\/www.tvk-gaj.pl\/~gajonline\/wp-content\/uploads\/2019\/09\/DSC_1433-1024x680.jpg\" alt=\"\" class=\"wp-image-11535\" srcset=\"https:\/\/online.tvk-gaj.pl\/wp-content\/uploads\/2019\/09\/DSC_1433-1024x680.jpg 1024w, https:\/\/online.tvk-gaj.pl\/wp-content\/uploads\/2019\/09\/DSC_1433-300x199.jpg 300w, https:\/\/online.tvk-gaj.pl\/wp-content\/uploads\/2019\/09\/DSC_1433-768x510.jpg 768w, https:\/\/online.tvk-gaj.pl\/wp-content\/uploads\/2019\/09\/DSC_1433-321x214.jpg 321w, https:\/\/online.tvk-gaj.pl\/wp-content\/uploads\/2019\/09\/DSC_1433-207x136.jpg 207w, https:\/\/online.tvk-gaj.pl\/wp-content\/uploads\/2019\/09\/DSC_1433-140x94.jpg 140w\" sizes=\"auto, (max-width: 1024px) 100vw, 1024px\" \/><\/figure>\n\n\n\n<p><\/p>\n\n\n\n<p>Z O\u015brodka Kormoran seniorzy udali si\u0119 nad jezioro Buszno &#8211; na terenie poligonu wojskowego, gdzie uda\u0142o si\u0119 wej\u015b\u0107 za specjalnym pozwoleniem. <\/p>\n\n\n\n<p><\/p>\n\n\n\n<figure class=\"wp-block-image\"><img loading=\"lazy\" decoding=\"async\" width=\"1024\" height=\"680\" src=\"http:\/\/www.tvk-gaj.pl\/~gajonline\/wp-content\/uploads\/2019\/09\/DSC_1459-1024x680.jpg\" alt=\"\" class=\"wp-image-11542\" srcset=\"https:\/\/online.tvk-gaj.pl\/wp-content\/uploads\/2019\/09\/DSC_1459-1024x680.jpg 1024w, https:\/\/online.tvk-gaj.pl\/wp-content\/uploads\/2019\/09\/DSC_1459-300x199.jpg 300w, https:\/\/online.tvk-gaj.pl\/wp-content\/uploads\/2019\/09\/DSC_1459-768x510.jpg 768w, https:\/\/online.tvk-gaj.pl\/wp-content\/uploads\/2019\/09\/DSC_1459-321x214.jpg 321w, https:\/\/online.tvk-gaj.pl\/wp-content\/uploads\/2019\/09\/DSC_1459-207x136.jpg 207w, https:\/\/online.tvk-gaj.pl\/wp-content\/uploads\/2019\/09\/DSC_1459-140x94.jpg 140w\" sizes=\"auto, (max-width: 1024px) 100vw, 1024px\" \/><\/figure>\n\n\n\n<p><\/p>\n\n\n\n<p>Tutaj nast\u0105pi\u0142a kr\u00f3tka przerwa na opalanie i relaks na \u0142onie przyrody.<\/p>\n\n\n\n<p><\/p>\n\n\n\n<figure class=\"wp-block-image\"><img loading=\"lazy\" decoding=\"async\" width=\"1024\" height=\"680\" src=\"http:\/\/www.tvk-gaj.pl\/~gajonline\/wp-content\/uploads\/2019\/09\/DSC_1454-1024x680.jpg\" alt=\"\" class=\"wp-image-11536\" srcset=\"https:\/\/online.tvk-gaj.pl\/wp-content\/uploads\/2019\/09\/DSC_1454-1024x680.jpg 1024w, https:\/\/online.tvk-gaj.pl\/wp-content\/uploads\/2019\/09\/DSC_1454-300x199.jpg 300w, https:\/\/online.tvk-gaj.pl\/wp-content\/uploads\/2019\/09\/DSC_1454-768x510.jpg 768w, https:\/\/online.tvk-gaj.pl\/wp-content\/uploads\/2019\/09\/DSC_1454-321x214.jpg 321w, https:\/\/online.tvk-gaj.pl\/wp-content\/uploads\/2019\/09\/DSC_1454-207x136.jpg 207w, https:\/\/online.tvk-gaj.pl\/wp-content\/uploads\/2019\/09\/DSC_1454-140x94.jpg 140w\" sizes=\"auto, (max-width: 1024px) 100vw, 1024px\" \/><\/figure>\n\n\n\n<p><\/p>\n\n\n\n<p>Ostatnim punktem programu by\u0142a miejscowo\u015b\u0107 \u0141ag\u00f3w.<\/p>\n\n\n\n<p><\/p>\n\n\n\n<figure class=\"wp-block-image\"><img loading=\"lazy\" decoding=\"async\" width=\"1024\" height=\"680\" src=\"http:\/\/www.tvk-gaj.pl\/~gajonline\/wp-content\/uploads\/2019\/09\/DSC_1489-1024x680.jpg\" alt=\"\" class=\"wp-image-11538\" srcset=\"https:\/\/online.tvk-gaj.pl\/wp-content\/uploads\/2019\/09\/DSC_1489-1024x680.jpg 1024w, https:\/\/online.tvk-gaj.pl\/wp-content\/uploads\/2019\/09\/DSC_1489-300x199.jpg 300w, https:\/\/online.tvk-gaj.pl\/wp-content\/uploads\/2019\/09\/DSC_1489-768x510.jpg 768w, https:\/\/online.tvk-gaj.pl\/wp-content\/uploads\/2019\/09\/DSC_1489-321x214.jpg 321w, https:\/\/online.tvk-gaj.pl\/wp-content\/uploads\/2019\/09\/DSC_1489-207x136.jpg 207w, https:\/\/online.tvk-gaj.pl\/wp-content\/uploads\/2019\/09\/DSC_1489-140x94.jpg 140w\" sizes=\"auto, (max-width: 1024px) 100vw, 1024px\" \/><\/figure>\n\n\n\n<p><\/p>\n\n\n\n<p>Opr\u00f3cz spaceru po miasteczku mo\u017cna by\u0142o wej\u015b\u0107 na baszt\u0119 zamku Joanit\u00f3w. <\/p>\n\n\n\n<figure class=\"wp-block-image\"><img loading=\"lazy\" decoding=\"async\" width=\"1024\" height=\"680\" src=\"http:\/\/www.tvk-gaj.pl\/~gajonline\/wp-content\/uploads\/2019\/09\/DSC_1497-1024x680.jpg\" alt=\"\" class=\"wp-image-11539\" srcset=\"https:\/\/online.tvk-gaj.pl\/wp-content\/uploads\/2019\/09\/DSC_1497-1024x680.jpg 1024w, https:\/\/online.tvk-gaj.pl\/wp-content\/uploads\/2019\/09\/DSC_1497-300x199.jpg 300w, https:\/\/online.tvk-gaj.pl\/wp-content\/uploads\/2019\/09\/DSC_1497-768x510.jpg 768w, https:\/\/online.tvk-gaj.pl\/wp-content\/uploads\/2019\/09\/DSC_1497-321x214.jpg 321w, https:\/\/online.tvk-gaj.pl\/wp-content\/uploads\/2019\/09\/DSC_1497-207x136.jpg 207w, https:\/\/online.tvk-gaj.pl\/wp-content\/uploads\/2019\/09\/DSC_1497-140x94.jpg 140w\" sizes=\"auto, (max-width: 1024px) 100vw, 1024px\" \/><\/figure>\n\n\n\n<p><\/p>\n\n\n\n<p>Nast\u0119pnie w atmosferze radosnego wspominania sp\u0119dzonego w lubuskim czasu autokar zmierza\u0142 z powrotem do Wroc\u0142awia, gdzie dotar\u0142 wczesnym wieczorem.<\/p>\n\n\n\n<p>Wycieczka, kt\u00f3ra odby\u0142a si\u0119 dzi\u0119ki miejskiemu dofinansowaniu oraz dzia\u0142aniom Rady Osiedla Gaj by\u0142a wspania\u0142\u0105 okazj\u0105 do integracji senior\u00f3w osiedla oraz wsp\u00f3lnego prze\u017cycia pi\u0119knego weekendu na \u0142onie przyrody. Nie zabrak\u0142o te\u017c edukacji proekologicznej oraz historycznej.<\/p>\n\n\n\n<p><\/p>\n\n\n\n<p><\/p>\n\n\n\n<p><strong>Wi\u0119cej zdj\u0119\u0107 z wyjazdu w naszej galerii:<\/strong><\/p>\n\n\n\n[ngg src=&#8221;galleries&#8221; ids=&#8221;106&#8243; display=&#8221;basic_thumbnail&#8221; thumbnail_crop=&#8221;0&#8243;]\n\n\n\n<p><\/p>\n\n\n\n<p><em>Za wyjazd i organizacj\u0119 dzi\u0119kujemy szczeg\u00f3lnie organizatorowi atrakcji czyli Przewodnicz\u0105cemu Zarz\u0105du RO Gaj Panu Stefanowi Zydorowiczowi.<\/em><\/p>\n\n\n\n<p><\/p>\n","protected":false},"excerpt":{"rendered":"<p>W dniach 13-14 wrze\u015bnia odby\u0142a si\u0119 dwudniowa wycieczka senior\u00f3w Osiedla Gaj do pojezierza lubuskiego. Wyjazd odby\u0142 si\u0119 z \u015brodk\u00f3w miejskiego Funduszu Czasu Wolnego, a organizatorem by\u0142a Rada Osiedla Gaj. Zapraszamy do fotorelacji oraz galerii zdj\u0119\u0107 z wyjazdu! Relacja z wycieczki Senior\u00f3w z Gaju 13-14 wrze\u015bnia 2019r. Wszystko jak zawsze zacz\u0119\u0142o si\u0119 na Gaju. A konkretnie [&hellip;]<\/p>\n","protected":false},"author":1,"featured_media":11522,"comment_status":"open","ping_status":"open","sticky":false,"template":"","format":"standard","meta":{"footnotes":""},"categories":[14,12,441],"tags":[112,1202,135,152,810,1172],"class_list":["post-11518","post","type-post","status-publish","format-standard","has-post-thumbnail","hentry","category-aktualnosci","category-artykuly","category-klub","tag-gaj","tag-kormoran","tag-rada-osiedla-gaj","tag-seniorzy","tag-seniorzy-z-gaju","tag-wycieczka-seniorow-z-osiedla-gaj"],"_links":{"self":[{"href":"https:\/\/online.tvk-gaj.pl\/index.php?rest_route=\/wp\/v2\/posts\/11518","targetHints":{"allow":["GET"]}}],"collection":[{"href":"https:\/\/online.tvk-gaj.pl\/index.php?rest_route=\/wp\/v2\/posts"}],"about":[{"href":"https:\/\/online.tvk-gaj.pl\/index.php?rest_route=\/wp\/v2\/types\/post"}],"author":[{"embeddable":true,"href":"https:\/\/online.tvk-gaj.pl\/index.php?rest_route=\/wp\/v2\/users\/1"}],"replies":[{"embeddable":true,"href":"https:\/\/online.tvk-gaj.pl\/index.php?rest_route=%2Fwp%2Fv2%2Fcomments&post=11518"}],"version-history":[{"count":9,"href":"https:\/\/online.tvk-gaj.pl\/index.php?rest_route=\/wp\/v2\/posts\/11518\/revisions"}],"predecessor-version":[{"id":12974,"href":"https:\/\/online.tvk-gaj.pl\/index.php?rest_route=\/wp\/v2\/posts\/11518\/revisions\/12974"}],"wp:featuredmedia":[{"embeddable":true,"href":"https:\/\/online.tvk-gaj.pl\/index.php?rest_route=\/wp\/v2\/media\/11522"}],"wp:attachment":[{"href":"https:\/\/online.tvk-gaj.pl\/index.php?rest_route=%2Fwp%2Fv2%2Fmedia&parent=11518"}],"wp:term":[{"taxonomy":"category","embeddable":true,"href":"https:\/\/online.tvk-gaj.pl\/index.php?rest_route=%2Fwp%2Fv2%2Fcategories&post=11518"},{"taxonomy":"post_tag","embeddable":true,"href":"https:\/\/online.tvk-gaj.pl\/index.php?rest_route=%2Fwp%2Fv2%2Ftags&post=11518"}],"curies":[{"name":"wp","href":"https:\/\/api.w.org\/{rel}","templated":true}]}}