{"id":1157,"date":"2013-05-19T10:36:54","date_gmt":"2013-05-19T08:36:54","guid":{"rendered":"http:\/\/www.tvk-gaj.pl\/~gajonline\/?p=1157"},"modified":"2013-05-31T11:49:16","modified_gmt":"2013-05-31T09:49:16","slug":"dzis-wybory-do-rady-osiedla-gaj","status":"publish","type":"post","link":"https:\/\/online.tvk-gaj.pl\/?p=1157","title":{"rendered":"Dzi\u015b wybory do Rady Osiedla Gaj"},"content":{"rendered":"<p>Dzi\u015b, tj. 19 maja, od godziny 8 rano mo\u017cna g\u0142osowa\u0107 na radnych osiedlowych w ramach wybor\u00f3w do rad osiedli we Wroc\u0142awiu.<!--more--><\/p>\n<p>G\u0142osowa\u0107 mog\u0105 mieszka\u0144cy osiedla zamieszkuj\u0105cy obszar okr\u0119gu wyborczego Nr 1 (spis ulic w grafice poni\u017cej). G\u0142osy oddawa\u0107 mo\u017cna w Komisji Wyborczej mieszcz\u0105cej si\u0119 w O\u015brodku Postaw Tw\u00f3rczych przy ul. Dzia\u0142kowej 15 (tu\u017c obok ko\u015bcio\u0142a \u015aw. Franciszka z Asy\u017cu). Komisja pracuje w godzinach 08:00-20:00. G\u0142osowa\u0107 mog\u0105 osoby pe\u0142noletnie posiadaj\u0105ce prawo wyborcze.<\/p>\n<p>Zach\u0119camy do g\u0142osowania i decydowania o tym, kto b\u0119dzie odpowiada\u0142 za nasze osiedle w nast\u0119pnych czterech latach.<\/p>\n<p>&nbsp;<\/p>\n<p><img loading=\"lazy\" decoding=\"async\" class=\"alignnone size-full wp-image-1138\" alt=\"afiszwyboryro\" src=\"http:\/\/www.tvk-gaj.pl\/~gajonline\/wp-content\/uploads\/2013\/05\/afiszwyboryro.jpg\" width=\"670\" height=\"790\" srcset=\"https:\/\/online.tvk-gaj.pl\/wp-content\/uploads\/2013\/05\/afiszwyboryro.jpg 670w, https:\/\/online.tvk-gaj.pl\/wp-content\/uploads\/2013\/05\/afiszwyboryro-254x300.jpg 254w\" sizes=\"auto, (max-width: 670px) 100vw, 670px\" \/><\/p>\n<p>&nbsp;<\/p>\n<p>&nbsp;<\/p>\n","protected":false},"excerpt":{"rendered":"<p>Dzi\u015b, tj. 19 maja, od godziny 8 rano mo\u017cna g\u0142osowa\u0107 na radnych osiedlowych w ramach wybor\u00f3w do rad osiedli we Wroc\u0142awiu.<\/p>\n","protected":false},"author":1,"featured_media":1138,"comment_status":"open","ping_status":"open","sticky":false,"template":"","format":"standard","meta":{"footnotes":""},"categories":[14],"tags":[75],"class_list":["post-1157","post","type-post","status-publish","format-standard","has-post-thumbnail","hentry","category-aktualnosci","tag-wybory-rada-osiedla-gaj"],"_links":{"self":[{"href":"https:\/\/online.tvk-gaj.pl\/index.php?rest_route=\/wp\/v2\/posts\/1157","targetHints":{"allow":["GET"]}}],"collection":[{"href":"https:\/\/online.tvk-gaj.pl\/index.php?rest_route=\/wp\/v2\/posts"}],"about":[{"href":"https:\/\/online.tvk-gaj.pl\/index.php?rest_route=\/wp\/v2\/types\/post"}],"author":[{"embeddable":true,"href":"https:\/\/online.tvk-gaj.pl\/index.php?rest_route=\/wp\/v2\/users\/1"}],"replies":[{"embeddable":true,"href":"https:\/\/online.tvk-gaj.pl\/index.php?rest_route=%2Fwp%2Fv2%2Fcomments&post=1157"}],"version-history":[{"count":4,"href":"https:\/\/online.tvk-gaj.pl\/index.php?rest_route=\/wp\/v2\/posts\/1157\/revisions"}],"predecessor-version":[{"id":1273,"href":"https:\/\/online.tvk-gaj.pl\/index.php?rest_route=\/wp\/v2\/posts\/1157\/revisions\/1273"}],"wp:featuredmedia":[{"embeddable":true,"href":"https:\/\/online.tvk-gaj.pl\/index.php?rest_route=\/wp\/v2\/media\/1138"}],"wp:attachment":[{"href":"https:\/\/online.tvk-gaj.pl\/index.php?rest_route=%2Fwp%2Fv2%2Fmedia&parent=1157"}],"wp:term":[{"taxonomy":"category","embeddable":true,"href":"https:\/\/online.tvk-gaj.pl\/index.php?rest_route=%2Fwp%2Fv2%2Fcategories&post=1157"},{"taxonomy":"post_tag","embeddable":true,"href":"https:\/\/online.tvk-gaj.pl\/index.php?rest_route=%2Fwp%2Fv2%2Ftags&post=1157"}],"curies":[{"name":"wp","href":"https:\/\/api.w.org\/{rel}","templated":true}]}}