{"id":11612,"date":"2019-10-01T20:29:35","date_gmt":"2019-10-01T18:29:35","guid":{"rendered":"http:\/\/www.tvk-gaj.pl\/~gajonline\/?p=11612"},"modified":"2019-10-01T20:30:11","modified_gmt":"2019-10-01T18:30:11","slug":"finaly-konkursow-plastycznego-i-filmowego-galeria-zdjec","status":"publish","type":"post","link":"https:\/\/online.tvk-gaj.pl\/?p=11612","title":{"rendered":"Fina\u0142y konkurs\u00f3w plastycznego i filmowego &#8211; galeria zdje\u0107"},"content":{"rendered":"\n<p>Zapraszamy do fotorelacji z wr\u0119czenia nagr\u00f3d w konkursach: plastycznym &#8222;M\u00f3j Gaj &#8211; moje miejsce we Wroc\u0142awiu&#8221; oraz filmowym &#8222;Ja i m\u00f3j Gaj&#8221;. <\/p>\n\n\n\n<p><\/p>\n\n\n\n<figure class=\"wp-block-image\"><img loading=\"lazy\" decoding=\"async\" width=\"1024\" height=\"630\" src=\"http:\/\/www.tvk-gaj.pl\/~gajonline\/wp-content\/uploads\/2019\/10\/20190920_1815252-1024x630.jpg\" alt=\"\" class=\"wp-image-11613\" srcset=\"https:\/\/online.tvk-gaj.pl\/wp-content\/uploads\/2019\/10\/20190920_1815252-1024x630.jpg 1024w, https:\/\/online.tvk-gaj.pl\/wp-content\/uploads\/2019\/10\/20190920_1815252-300x185.jpg 300w, https:\/\/online.tvk-gaj.pl\/wp-content\/uploads\/2019\/10\/20190920_1815252-768x473.jpg 768w, https:\/\/online.tvk-gaj.pl\/wp-content\/uploads\/2019\/10\/20190920_1815252.jpg 1626w\" sizes=\"auto, (max-width: 1024px) 100vw, 1024px\" \/><\/figure>\n\n\n\n<p><\/p>\n\n\n\n<p>W pi\u0105tek, 20 wrze\u015bnia, na terenie Wroc\u0142awskiego Centrum Opieki i Wychowania przy ul. Borowskiej odby\u0142o si\u0119 uroczyste wr\u0119czenie nagr\u00f3d laureatom dw\u00f3ch konkurs\u00f3w zorganizowanych przez Rad\u0119 Osiedla Gaj: plastycznego (skierowanego dla przedszkoli z osiedla) o nazwie &#8222;M\u00f3j Gaj &#8211; moje miejsce we Wroc\u0142awiu&#8221; oraz filmowego (skierowanego dla dzieci i m\u0142odzie\u017cy) &#8222;Ja i m\u00f3j Gaj&#8221;. <\/p>\n\n\n\n<p><\/p>\n\n\n\n<p>Konkursy zosta\u0142y zorganizowane przez Rad\u0119\u00a0Osiedla Gaj oraz partner\u00f3w &#8222;Partnerstwo dla Gaju&#8221; oraz wsp\u00f3\u0142finansowane z Funduszu Czasu Wolnego. <\/p>\n\n\n\n<p><\/p>\n\n\n\n<p>Uczestnikom i laureatom konkurs\u00f3w serdecznie dzi\u0119kujemy za czas, zaanga\u017cowanie i niezwyk\u0142e prace filmowe i plastyczne. <\/p>\n\n\n\n<p><\/p>\n\n\n\n<p><\/p>\n\n\n\n<p><strong>Galeria zdje\u0107 z wydarzenia:<\/strong><\/p>\n\n\n\n[ngg src=&#8221;galleries&#8221; ids=&#8221;107&#8243; display=&#8221;basic_thumbnail&#8221; thumbnail_crop=&#8221;0&#8243;]\n\n\n\n<p><\/p>\n\n\n\n<p><\/p>\n","protected":false},"excerpt":{"rendered":"<p>Zapraszamy do fotorelacji z wr\u0119czenia nagr\u00f3d w konkursach: plastycznym &#8222;M\u00f3j Gaj &#8211; moje miejsce we Wroc\u0142awiu&#8221; oraz filmowym &#8222;Ja i m\u00f3j Gaj&#8221;. W pi\u0105tek, 20 wrze\u015bnia, na terenie Wroc\u0142awskiego Centrum Opieki i Wychowania przy ul. Borowskiej odby\u0142o si\u0119 uroczyste wr\u0119czenie nagr\u00f3d laureatom dw\u00f3ch konkurs\u00f3w zorganizowanych przez Rad\u0119 Osiedla Gaj: plastycznego (skierowanego dla przedszkoli z osiedla) [&hellip;]<\/p>\n","protected":false},"author":1,"featured_media":11613,"comment_status":"open","ping_status":"open","sticky":false,"template":"","format":"standard","meta":{"footnotes":""},"categories":[14,12],"tags":[295,1212,650],"class_list":["post-11612","post","type-post","status-publish","format-standard","has-post-thumbnail","hentry","category-aktualnosci","category-artykuly","tag-galeria-zdjec","tag-konkurs-plastyczny","tag-zdjecia"],"_links":{"self":[{"href":"https:\/\/online.tvk-gaj.pl\/index.php?rest_route=\/wp\/v2\/posts\/11612","targetHints":{"allow":["GET"]}}],"collection":[{"href":"https:\/\/online.tvk-gaj.pl\/index.php?rest_route=\/wp\/v2\/posts"}],"about":[{"href":"https:\/\/online.tvk-gaj.pl\/index.php?rest_route=\/wp\/v2\/types\/post"}],"author":[{"embeddable":true,"href":"https:\/\/online.tvk-gaj.pl\/index.php?rest_route=\/wp\/v2\/users\/1"}],"replies":[{"embeddable":true,"href":"https:\/\/online.tvk-gaj.pl\/index.php?rest_route=%2Fwp%2Fv2%2Fcomments&post=11612"}],"version-history":[{"count":2,"href":"https:\/\/online.tvk-gaj.pl\/index.php?rest_route=\/wp\/v2\/posts\/11612\/revisions"}],"predecessor-version":[{"id":11615,"href":"https:\/\/online.tvk-gaj.pl\/index.php?rest_route=\/wp\/v2\/posts\/11612\/revisions\/11615"}],"wp:featuredmedia":[{"embeddable":true,"href":"https:\/\/online.tvk-gaj.pl\/index.php?rest_route=\/wp\/v2\/media\/11613"}],"wp:attachment":[{"href":"https:\/\/online.tvk-gaj.pl\/index.php?rest_route=%2Fwp%2Fv2%2Fmedia&parent=11612"}],"wp:term":[{"taxonomy":"category","embeddable":true,"href":"https:\/\/online.tvk-gaj.pl\/index.php?rest_route=%2Fwp%2Fv2%2Fcategories&post=11612"},{"taxonomy":"post_tag","embeddable":true,"href":"https:\/\/online.tvk-gaj.pl\/index.php?rest_route=%2Fwp%2Fv2%2Ftags&post=11612"}],"curies":[{"name":"wp","href":"https:\/\/api.w.org\/{rel}","templated":true}]}}