{"id":11617,"date":"2019-10-06T11:51:45","date_gmt":"2019-10-06T09:51:45","guid":{"rendered":"http:\/\/www.tvk-gaj.pl\/~gajonline\/?p=11617"},"modified":"2019-10-06T11:52:48","modified_gmt":"2019-10-06T09:52:48","slug":"autobusy-linii-145-powroca-na-armii-krajowej","status":"publish","type":"post","link":"https:\/\/online.tvk-gaj.pl\/?p=11617","title":{"rendered":"Autobusy linii 145 powr\u00f3c\u0105 na Armii Krajowej?"},"content":{"rendered":"\n<p>Odpowied\u017a Rady Osiedla Gaj odno\u015bnie licznych pr\u00f3\u015bb mieszka\u0144c\u00f3w dotycz\u0105cych przywr\u00f3cenia kurowania linii autobusowej 145 przez al. Armii Krajowej.\u00a0<\/p>\n\n\n\n<p><\/p>\n\n\n\n<figure class=\"wp-block-image\"><img loading=\"lazy\" decoding=\"async\" width=\"778\" height=\"460\" src=\"http:\/\/www.tvk-gaj.pl\/~gajonline\/wp-content\/uploads\/2016\/08\/10923656_894920663872129_7379843874199014339_n.png\" alt=\"\" class=\"wp-image-7667\" srcset=\"https:\/\/online.tvk-gaj.pl\/wp-content\/uploads\/2016\/08\/10923656_894920663872129_7379843874199014339_n.png 778w, https:\/\/online.tvk-gaj.pl\/wp-content\/uploads\/2016\/08\/10923656_894920663872129_7379843874199014339_n-300x177.png 300w, https:\/\/online.tvk-gaj.pl\/wp-content\/uploads\/2016\/08\/10923656_894920663872129_7379843874199014339_n-768x454.png 768w\" sizes=\"auto, (max-width: 778px) 100vw, 778px\" \/><\/figure>\n\n\n\n<p><\/p>\n\n\n\n<p><\/p>\n\n\n\n<p>Podczas ostatniej Sesji RO Gaj rada przyj\u0119\u0142a uchwa\u0142\u0119, w kt\u00f3rej wyra\u017ca potrzeb\u0119 przywr\u00f3cenia kursowania jednej z linii autobusowych kursuj\u0105cych przez osiedle na w\/w Al. Armii Krajowej przy jednoczesnym zapewnieniu odpowiedniej przepustowo\u015bci komunikacji miejskiej na ul. \u015awieradowskiej oraz pozostawieniu bezpo\u015bredniego po\u0142\u0105czenia Gaju z Jagodnem. <\/p>\n\n\n\n<p><\/p>\n\n\n\n<div class=\"wp-block-image\"><figure class=\"aligncenter\"><img loading=\"lazy\" decoding=\"async\" width=\"605\" height=\"830\" src=\"http:\/\/www.tvk-gaj.pl\/~gajonline\/wp-content\/uploads\/2019\/10\/uchwalaautobusy145.png\" alt=\"\" class=\"wp-image-11618\" srcset=\"https:\/\/online.tvk-gaj.pl\/wp-content\/uploads\/2019\/10\/uchwalaautobusy145.png 605w, https:\/\/online.tvk-gaj.pl\/wp-content\/uploads\/2019\/10\/uchwalaautobusy145-219x300.png 219w\" sizes=\"auto, (max-width: 605px) 100vw, 605px\" \/><\/figure><\/div>\n\n\n\n<p><\/p>\n\n\n\n<p>Czekamy na odpowied\u017a magistratu. O sprawie b\u0119dziemy na bie\u017c\u0105co informowa\u0107 na naszej stronie oraz <a href=\"http:\/\/www.facebook.com\/osiedlegaj\/\">profilu osiedla na facebooku<\/a>. <\/p>\n\n\n\n<p><\/p>\n\n\n\n<p><\/p>\n\n\n","protected":false},"excerpt":{"rendered":"<p>Odpowied\u017a Rady Osiedla Gaj odno\u015bnie licznych pr\u00f3\u015bb mieszka\u0144c\u00f3w dotycz\u0105cych przywr\u00f3cenia kurowania linii autobusowej 145 przez al. Armii Krajowej.\u00a0 Podczas ostatniej Sesji RO Gaj rada przyj\u0119\u0142a uchwa\u0142\u0119, w kt\u00f3rej wyra\u017ca potrzeb\u0119 przywr\u00f3cenia kursowania jednej z linii autobusowych kursuj\u0105cych przez osiedle na w\/w Al. Armii Krajowej przy jednoczesnym zapewnieniu odpowiedniej przepustowo\u015bci komunikacji miejskiej na ul. \u015awieradowskiej oraz [&hellip;]<\/p>\n","protected":false},"author":1,"featured_media":7667,"comment_status":"open","ping_status":"open","sticky":false,"template":"","format":"standard","meta":{"footnotes":""},"categories":[14,12],"tags":[112,156,413],"class_list":["post-11617","post","type-post","status-publish","format-standard","has-post-thumbnail","hentry","category-aktualnosci","category-artykuly","tag-gaj","tag-mpk","tag-mpk-wroclaw"],"_links":{"self":[{"href":"https:\/\/online.tvk-gaj.pl\/index.php?rest_route=\/wp\/v2\/posts\/11617","targetHints":{"allow":["GET"]}}],"collection":[{"href":"https:\/\/online.tvk-gaj.pl\/index.php?rest_route=\/wp\/v2\/posts"}],"about":[{"href":"https:\/\/online.tvk-gaj.pl\/index.php?rest_route=\/wp\/v2\/types\/post"}],"author":[{"embeddable":true,"href":"https:\/\/online.tvk-gaj.pl\/index.php?rest_route=\/wp\/v2\/users\/1"}],"replies":[{"embeddable":true,"href":"https:\/\/online.tvk-gaj.pl\/index.php?rest_route=%2Fwp%2Fv2%2Fcomments&post=11617"}],"version-history":[{"count":2,"href":"https:\/\/online.tvk-gaj.pl\/index.php?rest_route=\/wp\/v2\/posts\/11617\/revisions"}],"predecessor-version":[{"id":11620,"href":"https:\/\/online.tvk-gaj.pl\/index.php?rest_route=\/wp\/v2\/posts\/11617\/revisions\/11620"}],"wp:featuredmedia":[{"embeddable":true,"href":"https:\/\/online.tvk-gaj.pl\/index.php?rest_route=\/wp\/v2\/media\/7667"}],"wp:attachment":[{"href":"https:\/\/online.tvk-gaj.pl\/index.php?rest_route=%2Fwp%2Fv2%2Fmedia&parent=11617"}],"wp:term":[{"taxonomy":"category","embeddable":true,"href":"https:\/\/online.tvk-gaj.pl\/index.php?rest_route=%2Fwp%2Fv2%2Fcategories&post=11617"},{"taxonomy":"post_tag","embeddable":true,"href":"https:\/\/online.tvk-gaj.pl\/index.php?rest_route=%2Fwp%2Fv2%2Ftags&post=11617"}],"curies":[{"name":"wp","href":"https:\/\/api.w.org\/{rel}","templated":true}]}}