{"id":11639,"date":"2019-10-26T10:18:02","date_gmt":"2019-10-26T08:18:02","guid":{"rendered":"http:\/\/www.tvk-gaj.pl\/~gajonline\/?p=11639"},"modified":"2019-10-27T11:32:07","modified_gmt":"2019-10-27T10:32:07","slug":"nasz-klub-seniora-na-gaju","status":"publish","type":"post","link":"https:\/\/online.tvk-gaj.pl\/?p=11639","title":{"rendered":"(Nasz) Klub Seniora na Gaju"},"content":{"rendered":"\n<p>O osiedlowym Klubie Seniora z perspektywy miasta. Zapraszamy do lektury tekstu pochodz\u0105cego z Wroc\u0142awskiego Centrum Seniora, a opowiadaj\u0105cym o 4 letniej historii dzia\u0142alno\u015bci miejsca spotka\u0144 senior\u00f3w z Gaju.<\/p>\n\n\n\n<p><\/p>\n\n\n\n<p><\/p>\n\n\n\n<figure class=\"wp-block-image\"><img loading=\"lazy\" decoding=\"async\" width=\"1024\" height=\"162\" src=\"http:\/\/www.tvk-gaj.pl\/~gajonline\/wp-content\/uploads\/2019\/10\/logo_fala_WCS_004-1024x162.png\" alt=\"\" class=\"wp-image-11641\" srcset=\"https:\/\/online.tvk-gaj.pl\/wp-content\/uploads\/2019\/10\/logo_fala_WCS_004-1024x162.png 1024w, https:\/\/online.tvk-gaj.pl\/wp-content\/uploads\/2019\/10\/logo_fala_WCS_004-300x47.png 300w, https:\/\/online.tvk-gaj.pl\/wp-content\/uploads\/2019\/10\/logo_fala_WCS_004-768x121.png 768w, https:\/\/online.tvk-gaj.pl\/wp-content\/uploads\/2019\/10\/logo_fala_WCS_004.png 1140w\" sizes=\"auto, (max-width: 1024px) 100vw, 1024px\" \/><\/figure>\n\n\n\n<p><\/p>\n\n\n\n<p><strong>Klub istnieje ju\u017c cztery lata. Ma formu\u0142\u0119 otwartego klubu seniora, co oznacza, \u017ce mo\u017ce przyj\u015b\u0107 do niego ka\u017cdy, kto czuje potrzeb\u0119 bycia z innymi lud\u017ami, uczestnictwa w spotkaniach, warsztatach.<\/strong><\/p>\n\n\n\n<p><\/p>\n\n\n\n<figure class=\"wp-block-image\"><img loading=\"lazy\" decoding=\"async\" width=\"1024\" height=\"333\" src=\"http:\/\/www.tvk-gaj.pl\/~gajonline\/wp-content\/uploads\/2018\/09\/WP_20170203_10_44_53_Pro-1024x333.jpg\" alt=\"\" class=\"wp-image-10291\" srcset=\"https:\/\/online.tvk-gaj.pl\/wp-content\/uploads\/2018\/09\/WP_20170203_10_44_53_Pro-1024x333.jpg 1024w, https:\/\/online.tvk-gaj.pl\/wp-content\/uploads\/2018\/09\/WP_20170203_10_44_53_Pro-300x98.jpg 300w, https:\/\/online.tvk-gaj.pl\/wp-content\/uploads\/2018\/09\/WP_20170203_10_44_53_Pro-768x250.jpg 768w\" sizes=\"auto, (max-width: 1024px) 100vw, 1024px\" \/><\/figure>\n\n\n\n<p><\/p>\n\n\n\n<p>85 procent uczestnik\u00f3w to kobiety, ale a\u017c 15 procent \u2013 m\u0119\u017cczy\u017ani, co jest rzadko\u015bci\u0105 w plac\u00f3wkach senioralnych.<br><strong>Trzy razy w tygodniu (wtorki, czwartki, pi\u0105tki) odbywaj\u0105 si\u0119 zaj\u0119cia ze sztuki prowadzone przez pani\u0105 Ann\u0119 Ga\u0142uszk\u0119<\/strong>, w zale\u017cno\u015bci od pory roku s\u0105 to warsztaty r\u0119kodzielnicze np. wykonywania ozd\u00f3b \u015bwi\u0105tecznych. Ch\u0119tni mog\u0105 pogra\u0107 w gry planszowe, a ostatnio pojawi\u0142 si\u0119 pomys\u0142 na k\u00f3\u0142ko bryd\u017cowe. \u2013 U nas nie ma, \u017ce czego\u015b nie wolno. Je\u015bli bywalcy klubu maj\u0105 propozycje zagospodarowania czasu, jeste\u015bmy otwarci \u2013 m\u00f3wi&nbsp;<strong>Stefan Zydorowicz<\/strong>, przewodnicz\u0105cy Zarz\u0105du Osiedla Gaj.&nbsp;<\/p>\n\n\n\n<p><\/p>\n\n\n\n<figure class=\"wp-block-image\"><img loading=\"lazy\" decoding=\"async\" width=\"1024\" height=\"450\" src=\"http:\/\/www.tvk-gaj.pl\/~gajonline\/wp-content\/uploads\/2018\/11\/47161054_2143633812425139_8132938273430437888_o-1024x450.jpg\" alt=\"\" class=\"wp-image-10661\" srcset=\"https:\/\/online.tvk-gaj.pl\/wp-content\/uploads\/2018\/11\/47161054_2143633812425139_8132938273430437888_o-1024x450.jpg 1024w, https:\/\/online.tvk-gaj.pl\/wp-content\/uploads\/2018\/11\/47161054_2143633812425139_8132938273430437888_o-300x132.jpg 300w, https:\/\/online.tvk-gaj.pl\/wp-content\/uploads\/2018\/11\/47161054_2143633812425139_8132938273430437888_o-768x338.jpg 768w, https:\/\/online.tvk-gaj.pl\/wp-content\/uploads\/2018\/11\/47161054_2143633812425139_8132938273430437888_o.jpg 1941w\" sizes=\"auto, (max-width: 1024px) 100vw, 1024px\" \/><\/figure>\n\n\n\n<p><\/p>\n\n\n\n<p><strong>Wycieczki krajoznawcze<\/strong><\/p>\n\n\n\n<p><\/p>\n\n\n\n<figure class=\"wp-block-image\"><img loading=\"lazy\" decoding=\"async\" width=\"1024\" height=\"570\" src=\"http:\/\/www.tvk-gaj.pl\/~gajonline\/wp-content\/uploads\/2019\/05\/PANO_20190519_104213.vr_-1024x570.jpg\" alt=\"\" class=\"wp-image-11020\" srcset=\"https:\/\/online.tvk-gaj.pl\/wp-content\/uploads\/2019\/05\/PANO_20190519_104213.vr_-1024x570.jpg 1024w, https:\/\/online.tvk-gaj.pl\/wp-content\/uploads\/2019\/05\/PANO_20190519_104213.vr_-300x167.jpg 300w, https:\/\/online.tvk-gaj.pl\/wp-content\/uploads\/2019\/05\/PANO_20190519_104213.vr_-768x428.jpg 768w, https:\/\/online.tvk-gaj.pl\/wp-content\/uploads\/2019\/05\/PANO_20190519_104213.vr_.jpg 1101w\" sizes=\"auto, (max-width: 1024px) 100vw, 1024px\" \/><\/figure>\n\n\n\n<p><\/p>\n\n\n\n<p><br>Klub Seniora \u201eJak mo\u017cna \u017cy\u0107 jeszcze lepiej\u201d prowadzi nie tylko stacjonarne zaj\u0119cia. Seniorzy je\u017cd\u017c\u0105 na wycieczki \u2013 zwiedzili m.in. pojezierze lubuskie, Henryk\u00f3w, L\u0105dek Zdr\u00f3j. Stawiaj\u0105 te\u017c na dzia\u0142ania mi\u0119dzypokoleniowe, wsp\u00f3\u0142pracuj\u0105c ze szko\u0142ami i przedszkolami, kt\u00f3re prezentuj\u0105 powt\u00f3rki spektakli i okoliczno\u015bciowych akademii specjalnie dla Klubu Seniora. Uczniowie zawsze nagradzani s\u0105, opr\u00f3cz gromkich braw, tak\u017ce s\u0142odkimi upominkami.&nbsp;<br>Klub prowadzony jest przez Rad\u0119 Osiedla Gaj, \u015brodki finansowe pozyskuje od Rady Osiedla oraz dofinansowania z Wroc\u0142awskiego Centrum Rozwoju Spo\u0142ecznego.<\/p>\n\n\n\n<p><\/p>\n\n\n\n<figure class=\"wp-block-image is-resized\"><img decoding=\"async\" src=\"http:\/\/www.tvk-gaj.pl\/~gajonline\/wp-content\/uploads\/2019\/03\/Nordic-walking-2017.05.10-e1495010099495.jpg\" alt=\"\" class=\"wp-image-10906\" width=\"1024\" srcset=\"https:\/\/online.tvk-gaj.pl\/wp-content\/uploads\/2019\/03\/Nordic-walking-2017.05.10-e1495010099495.jpg 600w, https:\/\/online.tvk-gaj.pl\/wp-content\/uploads\/2019\/03\/Nordic-walking-2017.05.10-e1495010099495-300x169.jpg 300w\" sizes=\"(max-width: 600px) 100vw, 600px\" \/><\/figure>\n\n\n\n<p><\/p>\n\n\n\n<p><br><strong>Grafik zaj\u0119\u0107 Klubu znajdziemy na stronie internetowej Rady Osiedla Gaj gaj.wroclaw.pl w zak\u0142adce \u201eKlub Seniora\u201d oraz na Facebooku<\/strong>. Co istotne, to miejsce&nbsp;<strong>jest przyjazne dla os\u00f3b &nbsp;z niepe\u0142nosprawno\u015bci\u0105 ruchow\u0105&nbsp;<\/strong>\u2013 przy klubie jest podjazd dla w\u00f3zk\u00f3w inwalidzkich, a tak\u017ce du\u017ce drzwi u\u0142awiaj\u0105ce wjazd do pomieszcze\u0144 klubu.<\/p>\n\n\n\n<p><\/p>\n\n\n\n<figure class=\"wp-block-image\"><img loading=\"lazy\" decoding=\"async\" width=\"1024\" height=\"575\" src=\"http:\/\/www.tvk-gaj.pl\/~gajonline\/wp-content\/uploads\/2016\/11\/IMG-20161118-WA0003-1-1024x575.jpg\" alt=\"\" class=\"wp-image-8558\" srcset=\"https:\/\/online.tvk-gaj.pl\/wp-content\/uploads\/2016\/11\/IMG-20161118-WA0003-1-1024x575.jpg 1024w, https:\/\/online.tvk-gaj.pl\/wp-content\/uploads\/2016\/11\/IMG-20161118-WA0003-1-300x168.jpg 300w, https:\/\/online.tvk-gaj.pl\/wp-content\/uploads\/2016\/11\/IMG-20161118-WA0003-1-768x431.jpg 768w, https:\/\/online.tvk-gaj.pl\/wp-content\/uploads\/2016\/11\/IMG-20161118-WA0003-1.jpg 1600w\" sizes=\"auto, (max-width: 1024px) 100vw, 1024px\" \/><\/figure>\n\n\n\n<p><\/p>\n\n\n\n<p><br><strong>Zapraszamy do odwiedzin i uczestnictwa w zaj\u0119ciach!<\/strong><br><strong>Klub Seniora przy Radzie Osiedla Gaj<br>Ul. Krynicka 51, Wroc\u0142aw<\/strong><br>&nbsp;<\/p>\n\n\n\n<p>FOT. Archiwum KS &#8211; wycieczka senior\u00f3w w Lubuskie<\/p>\n\n\n\n<p><\/p>\n\n\n\n<p><\/p>\n\n\n\n<blockquote class=\"wp-block-quote is-layout-flow wp-block-quote-is-layout-flow\"><p>\u0179r\u00f3d\u0142o: <a href=\"http:\/\/www.seniorzy.wroclaw.pl\/node\/1381\">http:\/\/www.seniorzy.wroclaw.pl\/node\/1381<\/a> <br>Autor: Magda Wieteska<br>Wroc\u0142awskie Centrum Rozwoju Spo\u0142ecznego<\/p><\/blockquote>\n\n\n\n<p><\/p>\n\n\n\n<p><\/p>\n","protected":false},"excerpt":{"rendered":"<p>O osiedlowym Klubie Seniora z perspektywy miasta. Zapraszamy do lektury tekstu pochodz\u0105cego z Wroc\u0142awskiego Centrum Seniora, a opowiadaj\u0105cym o 4 letniej historii dzia\u0142alno\u015bci miejsca spotka\u0144 senior\u00f3w z Gaju. Klub istnieje ju\u017c cztery lata. Ma formu\u0142\u0119 otwartego klubu seniora, co oznacza, \u017ce mo\u017ce przyj\u015b\u0107 do niego ka\u017cdy, kto czuje potrzeb\u0119 bycia z innymi lud\u017ami, uczestnictwa w [&hellip;]<\/p>\n","protected":false},"author":1,"featured_media":11082,"comment_status":"open","ping_status":"open","sticky":false,"template":"","format":"standard","meta":{"footnotes":""},"categories":[14,12,441],"tags":[112,421],"class_list":["post-11639","post","type-post","status-publish","format-standard","has-post-thumbnail","hentry","category-aktualnosci","category-artykuly","category-klub","tag-gaj","tag-klub-seniora-na-gaju"],"_links":{"self":[{"href":"https:\/\/online.tvk-gaj.pl\/index.php?rest_route=\/wp\/v2\/posts\/11639","targetHints":{"allow":["GET"]}}],"collection":[{"href":"https:\/\/online.tvk-gaj.pl\/index.php?rest_route=\/wp\/v2\/posts"}],"about":[{"href":"https:\/\/online.tvk-gaj.pl\/index.php?rest_route=\/wp\/v2\/types\/post"}],"author":[{"embeddable":true,"href":"https:\/\/online.tvk-gaj.pl\/index.php?rest_route=\/wp\/v2\/users\/1"}],"replies":[{"embeddable":true,"href":"https:\/\/online.tvk-gaj.pl\/index.php?rest_route=%2Fwp%2Fv2%2Fcomments&post=11639"}],"version-history":[{"count":4,"href":"https:\/\/online.tvk-gaj.pl\/index.php?rest_route=\/wp\/v2\/posts\/11639\/revisions"}],"predecessor-version":[{"id":11659,"href":"https:\/\/online.tvk-gaj.pl\/index.php?rest_route=\/wp\/v2\/posts\/11639\/revisions\/11659"}],"wp:featuredmedia":[{"embeddable":true,"href":"https:\/\/online.tvk-gaj.pl\/index.php?rest_route=\/wp\/v2\/media\/11082"}],"wp:attachment":[{"href":"https:\/\/online.tvk-gaj.pl\/index.php?rest_route=%2Fwp%2Fv2%2Fmedia&parent=11639"}],"wp:term":[{"taxonomy":"category","embeddable":true,"href":"https:\/\/online.tvk-gaj.pl\/index.php?rest_route=%2Fwp%2Fv2%2Fcategories&post=11639"},{"taxonomy":"post_tag","embeddable":true,"href":"https:\/\/online.tvk-gaj.pl\/index.php?rest_route=%2Fwp%2Fv2%2Ftags&post=11639"}],"curies":[{"name":"wp","href":"https:\/\/api.w.org\/{rel}","templated":true}]}}