{"id":11645,"date":"2019-10-27T11:24:36","date_gmt":"2019-10-27T10:24:36","guid":{"rendered":"http:\/\/www.tvk-gaj.pl\/~gajonline\/?p=11645"},"modified":"2019-10-27T11:31:39","modified_gmt":"2019-10-27T10:31:39","slug":"pasowanie-na-ucznia-w-sp-nr-32","status":"publish","type":"post","link":"https:\/\/online.tvk-gaj.pl\/?p=11645","title":{"rendered":"Pasowanie na ucznia w SP nr 32"},"content":{"rendered":"\n<p>W poniedzia\u0142ek, 14 pa\u017adziernika w Szkole Podstawowej Nr 32 przy ul. K\u0142odzkiej 40 na Gaju odby\u0142o si\u0119 uroczyste pasowanie na ucznia pierwszoklasist\u00f3w. Na uroczysto\u015bci obecni byli r\u00f3wnie\u017c zaproszeni radni osiedla.<\/p>\n\n\n\n<p><\/p>\n\n\n\n<figure class=\"wp-block-image\"><img loading=\"lazy\" decoding=\"async\" width=\"1024\" height=\"283\" src=\"http:\/\/www.tvk-gaj.pl\/~gajonline\/wp-content\/uploads\/2017\/12\/cropped-fotaDDA702C0-BFB5-4F18-9E4F-873DCBDBC114-1024x283.jpg\" alt=\"\" class=\"wp-image-9743\" srcset=\"https:\/\/online.tvk-gaj.pl\/wp-content\/uploads\/2017\/12\/cropped-fotaDDA702C0-BFB5-4F18-9E4F-873DCBDBC114-1024x283.jpg 1024w, https:\/\/online.tvk-gaj.pl\/wp-content\/uploads\/2017\/12\/cropped-fotaDDA702C0-BFB5-4F18-9E4F-873DCBDBC114-300x83.jpg 300w, https:\/\/online.tvk-gaj.pl\/wp-content\/uploads\/2017\/12\/cropped-fotaDDA702C0-BFB5-4F18-9E4F-873DCBDBC114-768x212.jpg 768w\" sizes=\"auto, (max-width: 1024px) 100vw, 1024px\" \/><\/figure>\n\n\n\n<p><\/p>\n\n\n\n<p>Szko\u0142a Podstawowa Nr 32 (im. 100-lecia Niepodleg\u0142o\u015bci Polski) przy ul. K\u0142odzkiej 40 to jedna z dw\u00f3ch szk\u00f3\u0142 podstawowych na Gaju &#8211; druga to SP Nr 90 przy ul. Orzechowej 62.<\/p>\n\n\n\n<p><\/p>\n\n\n\n<figure class=\"wp-block-image\"><img loading=\"lazy\" decoding=\"async\" width=\"768\" height=\"1024\" src=\"http:\/\/www.tvk-gaj.pl\/~gajonline\/wp-content\/uploads\/2019\/10\/20191014_130441-768x1024.jpg\" alt=\"\" class=\"wp-image-11657\" srcset=\"https:\/\/online.tvk-gaj.pl\/wp-content\/uploads\/2019\/10\/20191014_130441-768x1024.jpg 768w, https:\/\/online.tvk-gaj.pl\/wp-content\/uploads\/2019\/10\/20191014_130441-225x300.jpg 225w\" sizes=\"auto, (max-width: 768px) 100vw, 768px\" \/><\/figure>\n\n\n\n<p><\/p>\n\n\n\n<figure class=\"wp-block-image\"><img loading=\"lazy\" decoding=\"async\" width=\"768\" height=\"1024\" src=\"http:\/\/www.tvk-gaj.pl\/~gajonline\/wp-content\/uploads\/2019\/10\/20191014_130447-1-768x1024.jpg\" alt=\"\" class=\"wp-image-11655\" srcset=\"https:\/\/online.tvk-gaj.pl\/wp-content\/uploads\/2019\/10\/20191014_130447-1-768x1024.jpg 768w, https:\/\/online.tvk-gaj.pl\/wp-content\/uploads\/2019\/10\/20191014_130447-1-225x300.jpg 225w\" sizes=\"auto, (max-width: 768px) 100vw, 768px\" \/><\/figure>\n\n\n\n<p><\/p>\n\n\n\n<p>14 pa\u017adziernika mia\u0142o miejsce uroczyste pasowanie na ucznia uczni\u00f3w klas pierwszych w SP Nr 32. Na uroczysto\u015b\u0107 zaproszeni byli r\u00f3wnie\u017c osiedlowi Radni (w tym przewodnicz\u0105cy RO &#8211; Pan Adam Wojtaszewski). <\/p>\n\n\n\n<p><\/p>\n\n\n\n<figure class=\"wp-block-image\"><img loading=\"lazy\" decoding=\"async\" width=\"768\" height=\"1024\" src=\"http:\/\/www.tvk-gaj.pl\/~gajonline\/wp-content\/uploads\/2019\/10\/20191014_124925-1-768x1024.jpg\" alt=\"\" class=\"wp-image-11653\" srcset=\"https:\/\/online.tvk-gaj.pl\/wp-content\/uploads\/2019\/10\/20191014_124925-1-768x1024.jpg 768w, https:\/\/online.tvk-gaj.pl\/wp-content\/uploads\/2019\/10\/20191014_124925-1-225x300.jpg 225w\" sizes=\"auto, (max-width: 768px) 100vw, 768px\" \/><\/figure>\n\n\n\n<p><\/p>\n\n\n\n<figure class=\"wp-block-image\"><img loading=\"lazy\" decoding=\"async\" width=\"768\" height=\"1024\" src=\"http:\/\/www.tvk-gaj.pl\/~gajonline\/wp-content\/uploads\/2019\/10\/20191014_123547-1-768x1024.jpg\" alt=\"\" class=\"wp-image-11654\" srcset=\"https:\/\/online.tvk-gaj.pl\/wp-content\/uploads\/2019\/10\/20191014_123547-1-768x1024.jpg 768w, https:\/\/online.tvk-gaj.pl\/wp-content\/uploads\/2019\/10\/20191014_123547-1-225x300.jpg 225w\" sizes=\"auto, (max-width: 768px) 100vw, 768px\" \/><\/figure>\n\n\n\n<p><\/p>\n\n\n\n<p><strong>Wszystkim uczniom, rodzicom, a tak\u017ce nauczycielom, dyrekcji oraz pracownikom szko\u0142y \u017cyczymy samych sukces\u00f3w w nowo rozpocz\u0119tym roku szkolnym 2019\/2020. <\/strong><\/p>\n\n\n\n<p><\/p>\n\n\n\n<p><\/p>\n","protected":false},"excerpt":{"rendered":"<p>W poniedzia\u0142ek, 14 pa\u017adziernika w Szkole Podstawowej Nr 32 przy ul. K\u0142odzkiej 40 na Gaju odby\u0142o si\u0119 uroczyste pasowanie na ucznia pierwszoklasist\u00f3w. Na uroczysto\u015bci obecni byli r\u00f3wnie\u017c zaproszeni radni osiedla. Szko\u0142a Podstawowa Nr 32 (im. 100-lecia Niepodleg\u0142o\u015bci Polski) przy ul. K\u0142odzkiej 40 to jedna z dw\u00f3ch szk\u00f3\u0142 podstawowych na Gaju &#8211; druga to SP Nr [&hellip;]<\/p>\n","protected":false},"author":1,"featured_media":9743,"comment_status":"open","ping_status":"open","sticky":false,"template":"","format":"standard","meta":{"footnotes":""},"categories":[14],"tags":[1227,1060],"class_list":["post-11645","post","type-post","status-publish","format-standard","has-post-thumbnail","hentry","category-aktualnosci","tag-sp-nr-32","tag-szkola-podstawowa-nr-32"],"_links":{"self":[{"href":"https:\/\/online.tvk-gaj.pl\/index.php?rest_route=\/wp\/v2\/posts\/11645","targetHints":{"allow":["GET"]}}],"collection":[{"href":"https:\/\/online.tvk-gaj.pl\/index.php?rest_route=\/wp\/v2\/posts"}],"about":[{"href":"https:\/\/online.tvk-gaj.pl\/index.php?rest_route=\/wp\/v2\/types\/post"}],"author":[{"embeddable":true,"href":"https:\/\/online.tvk-gaj.pl\/index.php?rest_route=\/wp\/v2\/users\/1"}],"replies":[{"embeddable":true,"href":"https:\/\/online.tvk-gaj.pl\/index.php?rest_route=%2Fwp%2Fv2%2Fcomments&post=11645"}],"version-history":[{"count":3,"href":"https:\/\/online.tvk-gaj.pl\/index.php?rest_route=\/wp\/v2\/posts\/11645\/revisions"}],"predecessor-version":[{"id":11658,"href":"https:\/\/online.tvk-gaj.pl\/index.php?rest_route=\/wp\/v2\/posts\/11645\/revisions\/11658"}],"wp:featuredmedia":[{"embeddable":true,"href":"https:\/\/online.tvk-gaj.pl\/index.php?rest_route=\/wp\/v2\/media\/9743"}],"wp:attachment":[{"href":"https:\/\/online.tvk-gaj.pl\/index.php?rest_route=%2Fwp%2Fv2%2Fmedia&parent=11645"}],"wp:term":[{"taxonomy":"category","embeddable":true,"href":"https:\/\/online.tvk-gaj.pl\/index.php?rest_route=%2Fwp%2Fv2%2Fcategories&post=11645"},{"taxonomy":"post_tag","embeddable":true,"href":"https:\/\/online.tvk-gaj.pl\/index.php?rest_route=%2Fwp%2Fv2%2Ftags&post=11645"}],"curies":[{"name":"wp","href":"https:\/\/api.w.org\/{rel}","templated":true}]}}