{"id":11660,"date":"2019-10-28T07:39:21","date_gmt":"2019-10-28T06:39:21","guid":{"rendered":"http:\/\/www.tvk-gaj.pl\/~gajonline\/?p=11660"},"modified":"2019-11-08T18:07:18","modified_gmt":"2019-11-08T17:07:18","slug":"konsultacje-spoleczne-funduszu-osiedlowego","status":"publish","type":"post","link":"https:\/\/online.tvk-gaj.pl\/?p=11660","title":{"rendered":"Konsultacje spo\u0142eczne Funduszu Osiedlowego"},"content":{"rendered":"\n<p>W dniach 6-19 listopada odb\u0119d\u0105 si\u0119 konsultacje spo\u0142eczne po\u015bwi\u0119cone wydatkowaniu \u015brodk\u00f3w &#8222;Funduszu Osiedlowego&#8221; na lata 2020-2021 dla Osiedla Gaj.<\/p>\n\n\n\n<p><\/p>\n\n\n\n<figure class=\"wp-block-image\"><img loading=\"lazy\" decoding=\"async\" width=\"800\" height=\"365\" src=\"http:\/\/www.tvk-gaj.pl\/~gajonline\/wp-content\/uploads\/2019\/10\/fundusz-osiedlowy-wroclaw.jpg\" alt=\"\" class=\"wp-image-11661\" srcset=\"https:\/\/online.tvk-gaj.pl\/wp-content\/uploads\/2019\/10\/fundusz-osiedlowy-wroclaw.jpg 800w, https:\/\/online.tvk-gaj.pl\/wp-content\/uploads\/2019\/10\/fundusz-osiedlowy-wroclaw-300x137.jpg 300w, https:\/\/online.tvk-gaj.pl\/wp-content\/uploads\/2019\/10\/fundusz-osiedlowy-wroclaw-768x350.jpg 768w\" sizes=\"auto, (max-width: 800px) 100vw, 800px\" \/><\/figure>\n\n\n\n<p><\/p>\n\n\n\n<p><strong>Czym jest fundusz osiedlowy?<\/strong><\/p>\n\n\n\n<p>Fundusz osiedlowy to (miejskie) narz\u0119dzie umo\u017cliwiaj\u0105ce skuteczne dzia\u0142anie osiedli poprzez <strong>inwestycje s\u0142u\u017c\u0105ce mieszka\u0144com<\/strong> w podnoszeniu jako\u015bci \u017cycia w miejscu ich zamieszkiwania. Tak\u0105 definicj\u0119 funduszu osiedlowego przygotowa\u0142 magistrat tworz\u0105c pilota\u017cowy dla Wroc\u0142awia projekt przydzielenia bud\u017cetu inwestycyjnego dla ka\u017cdego wroc\u0142awskiego osiedla. <\/p>\n\n\n\n<blockquote class=\"wp-block-quote is-layout-flow wp-block-quote-is-layout-flow\"><p>W skr\u00f3cie ka\u017cde osiedle w ramach bud\u017cetu miasta otrzyma mo\u017cno\u015b\u0107 zadysponowania okre\u015blonej puli \u015brodk\u00f3w, z przeznaczeniem na realizacj\u0119 wybranych projekt\u00f3w inwestycyjnych. B\u0119dzie mo\u017cna ubiega\u0107 si\u0119&nbsp; o realizacj\u0119 \u201edrobnych\u201d, ale potrzebnych inwestycji na swoim terenie. Bardzo istotnym w tym przypadku b\u0119dzie g\u0142os i wola mieszka\u0144c\u00f3w. Wymogiem b\u0119dzie przeprowadzenie lokalnych konsultacji spo\u0142ecznych poprzedzaj\u0105cych aplikowanie o te \u015brodki bud\u017cetowe.<\/p><cite><br>\u0179rod\u0142o: www.wroclaw.pl<\/cite><\/blockquote>\n\n\n\n<p>Bud\u017cet rozpisany zosta\u0142 na lata 2020-2021, a rozdzielony na wroc\u0142awskie osiedla poprzez specjalny wz\u00f3r, dziel\u0105cy \u0142\u0105czn\u0105 kwot\u0119 <strong>40 mln z\u0142otych<\/strong> na poszczeg\u00f3lne osiedla:<\/p>\n\n\n\n<figure class=\"wp-block-image\"><img decoding=\"async\" src=\"http:\/\/www.wroclaw.pl\/rozmawia\/files\/news\/23463\/fo-algorytn.png\" alt=\"\"\/><\/figure>\n\n\n\n<p>gdzie:<\/p>\n\n\n\n<p><em>F &#8211; Kwota Funduszu Osiedlowego na lata 2020-2021; F<\/em><sub><em>n<\/em><\/sub><em>&#8211; kwota na osiedle N; M<\/em><sub><em>n<\/em><\/sub><em>-liczba mieszka\u0144 na osiedlu N; M- liczba mieszka\u0144-ca\u0142e miasto; P<\/em><sub><em>n<\/em><\/sub><em>-powierzchnia osiedla N; P- powierzchnia miasta<\/em><\/p>\n\n\n\n<p><\/p>\n\n\n\n<p><\/p>\n\n\n\n<p><strong>Jakim bud\u017cetem dysponuje Gaj na lata 2020-2021?<\/strong><\/p>\n\n\n\n<p>Kwota jak\u0105 dysponuje Osiedle Gaj (na lata 2020-2021) to: <strong>1 039 623, 22z\u0142. <\/strong><\/p>\n\n\n\n<p><\/p>\n\n\n\n<p><\/p>\n\n\n\n<p><strong>Jak wygl\u0105daj\u0105 konsultacje spo\u0142eczne na Gaju?<\/strong><\/p>\n\n\n\n<p><\/p>\n\n\n\n<figure class=\"wp-block-image\"><img loading=\"lazy\" decoding=\"async\" width=\"724\" height=\"1024\" src=\"http:\/\/www.tvk-gaj.pl\/~gajonline\/wp-content\/uploads\/2019\/10\/KONSULTACJE-724x1024.png\" alt=\"\" class=\"wp-image-11662\" srcset=\"https:\/\/online.tvk-gaj.pl\/wp-content\/uploads\/2019\/10\/KONSULTACJE-724x1024.png 724w, https:\/\/online.tvk-gaj.pl\/wp-content\/uploads\/2019\/10\/KONSULTACJE-212x300.png 212w, https:\/\/online.tvk-gaj.pl\/wp-content\/uploads\/2019\/10\/KONSULTACJE-768x1086.png 768w, https:\/\/online.tvk-gaj.pl\/wp-content\/uploads\/2019\/10\/KONSULTACJE.png 1587w\" sizes=\"auto, (max-width: 724px) 100vw, 724px\" \/><\/figure>\n\n\n\n<p><\/p>\n\n\n\n<p><\/p>\n\n\n\n<p>Konsultacje projekt\u00f3w Funduszu Osiedlowego odbywa\u0107 si\u0119 b\u0119d\u0105 r\u00f3wnolegle w dw\u00f3ch formach (tradycyjnej i elektronicznej) w terminie <strong>6 &#8211; 19 listopada 2019r.<\/strong><\/p>\n\n\n\n<p style=\"text-align:justify\">Pierwsz\u0105 form\u0105 jest <strong>bezpo\u015brednie zg\u0142oszenie<\/strong> si\u0119 na dy\u017cur radnych osiedlowych do siedziby Rady Osiedla Gaj przy ul. Krynickiej 80 w poniedzia\u0142ki i czwartki w godzinach 18:00-20:00. Dok\u0142adny adres wraz z mapk\u0105 znajduje si\u0119 na naszej stronie w zak\u0142adce <a rel=\"noreferrer noopener\" aria-label=\"kontakt (opens in a new tab)\" href=\"http:\/\/www.tvk-gaj.pl\/~gajonline\/?page_id=182\" target=\"_blank\">kontakt<\/a>. <\/p>\n\n\n\n<p style=\"text-align:justify\">Drugim kana\u0142em komunikacji jest poczta elektroniczna, a konkretnie wys\u0142anie e-maila na adres mailowy RO Gaj: <a href=\"gaj@osiedla.wroclaw.pl\">gaj@osiedla.wroclaw.pl <\/a><\/p>\n\n\n\n<p>Dodatkowym sposobem konsultacji b\u0119d\u0105 tzw. spacery studyjne. Terminy wsp\u00f3lnych spacer\u00f3w po osiedlu po\u0142\u0105czonych z dyskusj\u0105 na temat konkretnego projektu: <br>Dot. projektu #1 (skwer \u015awieradowska-Wambierzycka) &#8211; <strong>16.XI<\/strong>  (sobota, <strong>zmiana<\/strong> z 9.11), godzina 10:15. Miejsce zbi\u00f3rki u wylotu ul. Wambierzyckiej (obok przystanku autobusowego &#8222;\u015awieradowska&#8221; w kierunku Tarnogaju).<br>Dot. projektu #3 (Radkowska) &#8211; 16.XI (sobota), godzina 11:00. Zbi\u00f3rka ul. Radkowska 12.<br>Dot. projektu #12 (o\u015bwietlenie K\u0142odzkiej) &#8211; 14.XI (czwartek)<a href=\"http:\/\/airmail.calendar\/2019-10-30%2017:30:00%20CET\">,<\/a> godzina 17:30. Miejsce zbi\u00f3rki: r\u00f3g K\u0142odzkiej i Srebrnog\u00f3rskiej.<\/p>\n\n\n\n<p><\/p>\n\n\n\n<p><strong>Projekty Rady Osiedla Gaj!<\/strong><\/p>\n\n\n\n<p><\/p>\n\n\n\n<p>1) <strong>Skwer \u015awieradowska<\/strong> &#8211; przy wylocie Wambierzyckiej (od przystanku &#8222;\u015awieradowska&#8221; do Bardzkiej) oraz nasadzenia krzew\u00f3w wzd\u0142u\u017c \u015awieradowskiej. <\/p>\n\n\n\n<p><\/p>\n\n\n\n<figure class=\"wp-block-image\"><img loading=\"lazy\" decoding=\"async\" width=\"987\" height=\"623\" src=\"http:\/\/www.tvk-gaj.pl\/~gajonline\/wp-content\/uploads\/2019\/10\/Swieradowska-skwer.jpg\" alt=\"\" class=\"wp-image-11666\" srcset=\"https:\/\/online.tvk-gaj.pl\/wp-content\/uploads\/2019\/10\/Swieradowska-skwer.jpg 987w, https:\/\/online.tvk-gaj.pl\/wp-content\/uploads\/2019\/10\/Swieradowska-skwer-300x189.jpg 300w, https:\/\/online.tvk-gaj.pl\/wp-content\/uploads\/2019\/10\/Swieradowska-skwer-768x485.jpg 768w\" sizes=\"auto, (max-width: 987px) 100vw, 987px\" \/><\/figure>\n\n\n\n<p><\/p>\n\n\n\n<p>Projekt zak\u0142ada nast\u0119puj\u0105ce nasadzenia:<br>Drzewa x20 [x 1500 z\u0142] -&gt; 30 000z\u0142<br>Krzewy x 200? [x 40 z\u0142] -&gt; 8 000z\u0142<br>Alejka szutrowa x2<br>\u0141awki x10 [x 700 z\u0142] -&gt; 7 000z\u0142<\/p>\n\n\n\n<p>\u015awieradowska &#8211; krzewy, mi\u0119dzy jezdni\u0105 a chodnikiem (na pd od ulicy) &#8211; ok. 250 m od skrzy\u017cowania z ul. Krynick\u0105 (na wys. posesji 75 &#8211; Tatarek, przed przystankiem &#8222;\u015awieradowska&#8221;) do pocz\u0105tku drogi rowerowej; Za\u0142.: krzew co 1 m -&gt; 250 szt. * 40 z\u0142 = 10 000 z\u0142 (wg WBO)<\/p>\n\n\n\n<blockquote class=\"wp-block-quote is-layout-flow wp-block-quote-is-layout-flow\"><p>UZASADNIENIE: <\/p><cite>W 2018 r. na skwerze wyci\u0119to cz\u0119\u015b\u0107 drzew (przy budowie rur centralnego ogrzewania dla Jagodna). Ponadto zaczyna si\u0119 rozje\u017cd\u017canie cz\u0119\u015bci skweru przez parkuj\u0105ce samochody. Proponujemy uporz\u0105dkowanie skweru i oddanie go mieszka\u0144com &#8211; dodatkowe nasadzenia drzew i krzew, alejka szutrowa od Wambierzyckiej do \u015awieradowskiej, \u0142aweczki. Chcemy, aby by\u0142o to kolejne mi\u0142e miejsce do spacer\u00f3w, odpoczynku i zabaw z psem. Proponujemy te\u017c nasadzenia krzew\u00f3w wzd\u0142u\u017c chodnika i ulicy \u015awieradowskiej &#8211; stworzenie zielonej bariery oddzielaj\u0105cej pieszych od ulicy.<\/cite><\/blockquote>\n\n\n\n<p><\/p>\n\n\n\n<p><\/p>\n\n\n\n<p>2) <strong>Bardzka &#8211; krzewy<\/strong>, mi\u0119dzy jezdni\u0105 a chodnikiem (na zach od nitki zachodniej) [ok. 500 m] 500 szt.* 40 z\u0142 = 20 000 z\u0142<br>Od przystanku &#8222;Morwowa&#8221; do wiaduktu kolejowego;<\/p>\n\n\n\n<p><\/p>\n\n\n\n<figure class=\"wp-block-image\"><img loading=\"lazy\" decoding=\"async\" width=\"441\" height=\"481\" src=\"http:\/\/www.tvk-gaj.pl\/~gajonline\/wp-content\/uploads\/2019\/10\/Bardzka-krzewy.jpg\" alt=\"\" class=\"wp-image-11667\" srcset=\"https:\/\/online.tvk-gaj.pl\/wp-content\/uploads\/2019\/10\/Bardzka-krzewy.jpg 441w, https:\/\/online.tvk-gaj.pl\/wp-content\/uploads\/2019\/10\/Bardzka-krzewy-275x300.jpg 275w\" sizes=\"auto, (max-width: 441px) 100vw, 441px\" \/><\/figure>\n\n\n\n<p><\/p>\n\n\n\n<blockquote class=\"wp-block-quote is-layout-flow wp-block-quote-is-layout-flow\"><p>UZASADNIENIE: <\/p><p>Proponujemy nasadzenia krzew\u00f3w na trawniku w celu upi\u0119kszenia terenu.<\/p><\/blockquote>\n\n\n\n<p><\/p>\n\n\n\n<p><\/p>\n\n\n\n<p>3) <strong>Remont ul. Radkowskiej<\/strong> (od posesji nr 12 do \u0142\u0105cznika z ul. K\u0142odzk\u0105) [ok. 170 m]<br>Brak danych kosztowych; 680 tys. z\u0142. (WBO)<\/p>\n\n\n\n<p><\/p>\n\n\n\n<figure class=\"wp-block-image\"><img loading=\"lazy\" decoding=\"async\" width=\"802\" height=\"832\" src=\"http:\/\/www.tvk-gaj.pl\/~gajonline\/wp-content\/uploads\/2019\/10\/Radkowska-jezdnia.jpg\" alt=\"\" class=\"wp-image-11668\" srcset=\"https:\/\/online.tvk-gaj.pl\/wp-content\/uploads\/2019\/10\/Radkowska-jezdnia.jpg 802w, https:\/\/online.tvk-gaj.pl\/wp-content\/uploads\/2019\/10\/Radkowska-jezdnia-289x300.jpg 289w, https:\/\/online.tvk-gaj.pl\/wp-content\/uploads\/2019\/10\/Radkowska-jezdnia-768x797.jpg 768w\" sizes=\"auto, (max-width: 802px) 100vw, 802px\" \/><\/figure>\n\n\n\n<p><\/p>\n\n\n\n<blockquote class=\"wp-block-quote is-layout-flow wp-block-quote-is-layout-flow\"><p>UZASADNIENIE:<\/p><p>Kawa\u0142ek ulicy &#8222;od zawsze&#8221; jest nieutwardzony z dziurami i ka\u0142u\u017cami &#8211; chcemy nada\u0107 mu europejski standard: chodnik i jezdnia.<\/p><\/blockquote>\n\n\n\n<p><\/p>\n\n\n\n<p><\/p>\n\n\n\n<p>4) <strong>Parking Krynicka 34-42<\/strong> (przy stacji rowerowej). Zagospodarowanie dzia\u0142ek gminnych&nbsp;<a href=\"2020-06-15%2012:00:00%20CEST\">6\/15<\/a>,&nbsp;<a href=\"2020-06-16%2012:00:00%20CEST\">6\/16<\/a>, 7\/6 obr\u0119b Gaj (jest projekt). I etap &#8211; ok. 600 tys. z\u0142.<\/p>\n\n\n\n<p><\/p>\n\n\n\n<figure class=\"wp-block-image\"><img loading=\"lazy\" decoding=\"async\" width=\"795\" height=\"519\" src=\"http:\/\/www.tvk-gaj.pl\/~gajonline\/wp-content\/uploads\/2019\/10\/Krynicka-34_42-parking.jpg\" alt=\"\" class=\"wp-image-11669\" srcset=\"https:\/\/online.tvk-gaj.pl\/wp-content\/uploads\/2019\/10\/Krynicka-34_42-parking.jpg 795w, https:\/\/online.tvk-gaj.pl\/wp-content\/uploads\/2019\/10\/Krynicka-34_42-parking-300x196.jpg 300w, https:\/\/online.tvk-gaj.pl\/wp-content\/uploads\/2019\/10\/Krynicka-34_42-parking-768x501.jpg 768w, https:\/\/online.tvk-gaj.pl\/wp-content\/uploads\/2019\/10\/Krynicka-34_42-parking-207x136.jpg 207w, https:\/\/online.tvk-gaj.pl\/wp-content\/uploads\/2019\/10\/Krynicka-34_42-parking-260x170.jpg 260w\" sizes=\"auto, (max-width: 795px) 100vw, 795px\" \/><\/figure>\n\n\n\n<p><\/p>\n\n\n\n<blockquote class=\"wp-block-quote is-layout-flow wp-block-quote-is-layout-flow\"><p>UZASADNIENIE:<\/p><p>Obecnie teren nieutwardzony i zniszczony. Chcemy ucywilizowa\u0107 ten teren &#8211; uporz\u0105dkowa\u0107 i utwardzi\u0107 miejsca parkingowe.<\/p><\/blockquote>\n\n\n\n<p><\/p>\n\n\n\n<p><\/p>\n\n\n\n<p>5) <strong>Krynicka 82-92<\/strong> (od podw\u00f3rka) [ok. 120 m]<br>Wymiana nawierzchni (z p\u0142yt budowlanych) -&gt; 400 tys. z\u0142 (WBO)<br>Miejsca parkingowe (postojowe?) -&gt; ? [30 szt. -&gt; 100 tys. z\u0142 ]<br>Chodnik -&gt; 100 tys. z\u0142<br>Krzewy 120 szt. -&gt; 4 800 z\u0142<\/p>\n\n\n\n<p><\/p>\n\n\n\n<figure class=\"wp-block-image\"><img loading=\"lazy\" decoding=\"async\" width=\"718\" height=\"779\" src=\"http:\/\/www.tvk-gaj.pl\/~gajonline\/wp-content\/uploads\/2019\/10\/Krynicka-82_92-nawierzchnia.jpg\" alt=\"\" class=\"wp-image-11670\" srcset=\"https:\/\/online.tvk-gaj.pl\/wp-content\/uploads\/2019\/10\/Krynicka-82_92-nawierzchnia.jpg 718w, https:\/\/online.tvk-gaj.pl\/wp-content\/uploads\/2019\/10\/Krynicka-82_92-nawierzchnia-277x300.jpg 277w\" sizes=\"auto, (max-width: 718px) 100vw, 718px\" \/><\/figure>\n\n\n\n<p><\/p>\n\n\n\n<blockquote class=\"wp-block-quote is-layout-flow wp-block-quote-is-layout-flow\"><p>UZASADNIENIE:<\/p><p>Od zawsze&#8221; droga wy\u0142o\u017cona jest tymczasowymi betonowymi p\u0142ytami budowlanymi. Chcemy j\u0105 przebudowa\u0107 na normaln\u0105 nawierzchni\u0119, stworzy\u0107 chodnik, nasadzi\u0107 krzewy i dodatkowo uporz\u0105dkowa\u0107 miejsca parkingowe.<\/p><\/blockquote>\n\n\n\n<p><\/p>\n\n\n\n<p><\/p>\n\n\n\n<p>6) <strong>\u0141awki w Parku S\u0142onecznym<\/strong> Wymiana 20 szt. * 700 z\u0142 (WBO) -&gt; 14 000 z\u0142<\/p>\n\n\n\n<p><\/p>\n\n\n\n<figure class=\"wp-block-image\"><img loading=\"lazy\" decoding=\"async\" width=\"708\" height=\"526\" src=\"http:\/\/www.tvk-gaj.pl\/~gajonline\/wp-content\/uploads\/2019\/10\/Park-Sloneczny-lawki.jpg\" alt=\"\" class=\"wp-image-11671\" srcset=\"https:\/\/online.tvk-gaj.pl\/wp-content\/uploads\/2019\/10\/Park-Sloneczny-lawki.jpg 708w, https:\/\/online.tvk-gaj.pl\/wp-content\/uploads\/2019\/10\/Park-Sloneczny-lawki-300x223.jpg 300w\" sizes=\"auto, (max-width: 708px) 100vw, 708px\" \/><\/figure>\n\n\n\n<p><\/p>\n\n\n\n<blockquote class=\"wp-block-quote is-layout-flow wp-block-quote-is-layout-flow\"><p>UZASADNIENIE:<\/p><p>\u0141awki w Parku S\u0142onecznym s\u0105 ju\u017c cz\u0119\u015bciowo zniszczone i zu\u017cyte. Proponujemy wymian\u0119 20 sztuk na nowe.<\/p><\/blockquote>\n\n\n\n<p><\/p>\n\n\n\n<p><\/p>\n\n\n\n<p>7) <strong>Nasadzenia drzew<\/strong> [1 szt. -&gt; 1,5 tys.]<br>a) Ferio: \u015awieradowska+Pi\u0142awska (na terenie zielonym wzd\u0142u\u017c ulic, od przystanku &#8222;Gaj&#8221; do ko\u0144ca dzia\u0142ki Ferio, na wysoko\u015bci Pi\u0142awskiej 16 lub 18) [ok. 20 szt.]; -&gt; 30 tys.<br>b) przy Hali Kupieckiej &#8222;Gaj&#8221; (parking P&amp;R) [ok. 10 szt.] -&gt; 15 tys.<br>c) przy przychodni lekarskiej NZOZ Krynicka 51 [ok. 10 szt.]; -&gt; 15 tys.<br>d) Borowska 174 (przed ko\u015bcio\u0142em, za ogrodzeniem &#8211; teren miejski) [ok. 5 szt.]; -&gt; 7,5 tys.<br>e) Orzechowa 62 (DEF, ko\u0142o SP 90) [ok. 5 szt.] -&gt; 7,5 tys.<br>f) Park S\u0142oneczny [ok. 10 szt.] -&gt; 15 tys.<br>g) D\u0142ugopolska 1b-21, na ty\u0142ach dom\u00f3w [ok. 10 szt.] -&gt; 15 tys.<\/p>\n\n\n\n<p><\/p>\n\n\n\n<figure class=\"wp-block-image\"><img loading=\"lazy\" decoding=\"async\" width=\"1024\" height=\"418\" src=\"http:\/\/www.tvk-gaj.pl\/~gajonline\/wp-content\/uploads\/2019\/10\/Nasadzenia-drzew-1-1024x418.jpg\" alt=\"\" class=\"wp-image-11672\" srcset=\"https:\/\/online.tvk-gaj.pl\/wp-content\/uploads\/2019\/10\/Nasadzenia-drzew-1-1024x418.jpg 1024w, https:\/\/online.tvk-gaj.pl\/wp-content\/uploads\/2019\/10\/Nasadzenia-drzew-1-300x122.jpg 300w, https:\/\/online.tvk-gaj.pl\/wp-content\/uploads\/2019\/10\/Nasadzenia-drzew-1-768x313.jpg 768w, https:\/\/online.tvk-gaj.pl\/wp-content\/uploads\/2019\/10\/Nasadzenia-drzew-1.jpg 1657w\" sizes=\"auto, (max-width: 1024px) 100vw, 1024px\" \/><\/figure>\n\n\n\n<figure class=\"wp-block-image\"><img loading=\"lazy\" decoding=\"async\" width=\"1024\" height=\"590\" src=\"http:\/\/www.tvk-gaj.pl\/~gajonline\/wp-content\/uploads\/2019\/10\/Nasadzenia-drzew-2-1024x590.jpg\" alt=\"\" class=\"wp-image-11673\" srcset=\"https:\/\/online.tvk-gaj.pl\/wp-content\/uploads\/2019\/10\/Nasadzenia-drzew-2-1024x590.jpg 1024w, https:\/\/online.tvk-gaj.pl\/wp-content\/uploads\/2019\/10\/Nasadzenia-drzew-2-300x173.jpg 300w, https:\/\/online.tvk-gaj.pl\/wp-content\/uploads\/2019\/10\/Nasadzenia-drzew-2-768x442.jpg 768w, https:\/\/online.tvk-gaj.pl\/wp-content\/uploads\/2019\/10\/Nasadzenia-drzew-2.jpg 1158w\" sizes=\"auto, (max-width: 1024px) 100vw, 1024px\" \/><\/figure>\n\n\n\n<p><\/p>\n\n\n\n<blockquote class=\"wp-block-quote is-layout-flow wp-block-quote-is-layout-flow\"><p>UZASADNIENIE:<\/p><p>Drzewa s\u0105 bardzo korzystne dla ludzi &#8211; daj\u0105 cie\u0144 i och\u0142od\u0119 w upalne dni, produkuj\u0105 tlen i ograniczaj\u0105 szkodliwy smog (zanieczyszczenia). Upi\u0119kszaj\u0105 te\u017c przestrze\u0144 osiedlow\u0105. Proponujemy nasadzenia w r\u00f3\u017cnych miejscach naszego osiedla &#8211; od kilku do ok. 20 sztuk.<\/p><\/blockquote>\n\n\n\n<p><\/p>\n\n\n\n<p><\/p>\n\n\n\n<p>8) <strong>Przebudowa ul. Dzia\u0142kowej<\/strong> wraz z rewitalizacja podw\u00f3rek (etap I &#8211; przygotowanie projektu):<br>a) Borowska 182-186 &#8211; \u015awieradowska 2-10;b) \u015awieradowska&nbsp;<a href=\"2019-10-29%2012:00:00%20CET\">12-12a<\/a>;c) \u015awieradowska&nbsp;<a href=\"2019-10-29%2014:00:00%20CET\">14-14a<\/a>;d) Orzechowa 49-59 (do Dzia\u0142kowej), cz\u0119\u015b\u0107 zachodnia.<\/p>\n\n\n\n<p><\/p>\n\n\n\n<figure class=\"wp-block-image\"><img loading=\"lazy\" decoding=\"async\" width=\"732\" height=\"559\" src=\"http:\/\/www.tvk-gaj.pl\/~gajonline\/wp-content\/uploads\/2019\/10\/Dzialkowa-i-podworka.jpg\" alt=\"\" class=\"wp-image-11674\" srcset=\"https:\/\/online.tvk-gaj.pl\/wp-content\/uploads\/2019\/10\/Dzialkowa-i-podworka.jpg 732w, https:\/\/online.tvk-gaj.pl\/wp-content\/uploads\/2019\/10\/Dzialkowa-i-podworka-300x229.jpg 300w\" sizes=\"auto, (max-width: 732px) 100vw, 732px\" \/><\/figure>\n\n\n\n<p><\/p>\n\n\n\n<blockquote class=\"wp-block-quote is-layout-flow wp-block-quote-is-layout-flow\"><p>UZASADNIENIE:<\/p><p>Ulica Dzia\u0142kowa jest zniszczona i niebezpieczna &#8211; nie ma tam o\u015bwietlenia, brakuje cz\u0119\u015bci chodnik\u00f3w. Z kolei podw\u00f3rka do niej przylegaj\u0105ce s\u0105 nieutrzymywane i niezagospodarowane. Chcemy rozpocz\u0105\u0107 ich rewitalizacj\u0119. W pierwszym etapie proponujemy przygotowa\u0107 projekt przebudowy ulicy i zagospodarowania podw\u00f3rek oraz nasadzenia drzew. Po stworzeniu projektu b\u0119dziemy stara\u0107 si\u0119 o przyznanie miejskich \u015brodk\u00f3w na prace budowlane (ze \u015brodk\u00f3w Rady Osiedla nie b\u0119dzie to mo\u017cliwe &#8211; jest ich za ma\u0142o na zrealizowanie rewitalizacji).<\/p><\/blockquote>\n\n\n\n<p><\/p>\n\n\n\n<p><\/p>\n\n\n\n<p><br>9) <strong>Rewitalizacja podw\u00f3rek<\/strong> (etap I &#8211; przygotowanie projektu) a) Borowska 188a-194 &#8211; \u015awieradowska 1-5; b) Borowska 196-202; c) Borowska 204-212 (do D\u0142ugopolskiej);<\/p>\n\n\n\n<p><\/p>\n\n\n\n<figure class=\"wp-block-image\"><img loading=\"lazy\" decoding=\"async\" width=\"732\" height=\"559\" src=\"http:\/\/www.tvk-gaj.pl\/~gajonline\/wp-content\/uploads\/2019\/10\/Dzialkowa-i-podworka-1.jpg\" alt=\"\" class=\"wp-image-11675\" srcset=\"https:\/\/online.tvk-gaj.pl\/wp-content\/uploads\/2019\/10\/Dzialkowa-i-podworka-1.jpg 732w, https:\/\/online.tvk-gaj.pl\/wp-content\/uploads\/2019\/10\/Dzialkowa-i-podworka-1-300x229.jpg 300w\" sizes=\"auto, (max-width: 732px) 100vw, 732px\" \/><\/figure>\n\n\n\n<p><\/p>\n\n\n\n<blockquote class=\"wp-block-quote is-layout-flow wp-block-quote-is-layout-flow\"><p>UZASADNIENIE:<\/p><p>Podw\u00f3rka s\u0105 nieutrzymywane i niezagospodarowane. Chcemy rozpocz\u0105\u0107 ich rewitalizacj\u0119. W pierwszym etapie proponujemy przygotowa\u0107 projekt zagospodarowania podw\u00f3rek oraz nasadzenia drzew. Po stworzeniu projektu b\u0119dziemy stara\u0107 si\u0119 o przyznanie miejskich \u015brodk\u00f3w na prace budowlane (ze \u015brodk\u00f3w Rady Osiedla nie b\u0119dzie to mo\u017cliwe &#8211; jest ich za ma\u0142o na zrealizowanie rewitalizacji).<br><br><\/p><\/blockquote>\n\n\n\n<p><\/p>\n\n\n\n<p><\/p>\n\n\n\n<p>10) <strong>Rewitalizacja nieu\u017cytku ul. Kukuczki<\/strong> (od Stro\u0144skiej do Pirenejskiej) (etap I &#8211; przygotowanie projektu);<\/p>\n\n\n\n<p><\/p>\n\n\n\n<figure class=\"wp-block-image\"><img loading=\"lazy\" decoding=\"async\" width=\"1024\" height=\"775\" src=\"http:\/\/www.tvk-gaj.pl\/~gajonline\/wp-content\/uploads\/2019\/10\/Kukuczki-skwer-1024x775.jpg\" alt=\"\" class=\"wp-image-11676\" srcset=\"https:\/\/online.tvk-gaj.pl\/wp-content\/uploads\/2019\/10\/Kukuczki-skwer-1024x775.jpg 1024w, https:\/\/online.tvk-gaj.pl\/wp-content\/uploads\/2019\/10\/Kukuczki-skwer-300x227.jpg 300w, https:\/\/online.tvk-gaj.pl\/wp-content\/uploads\/2019\/10\/Kukuczki-skwer-768x581.jpg 768w, https:\/\/online.tvk-gaj.pl\/wp-content\/uploads\/2019\/10\/Kukuczki-skwer.jpg 1043w\" sizes=\"auto, (max-width: 1024px) 100vw, 1024px\" \/><\/figure>\n\n\n\n<p><\/p>\n\n\n\n<blockquote class=\"wp-block-quote is-layout-flow wp-block-quote-is-layout-flow\"><p>UZASADNIENIE:<\/p><p>Teren jest nieutrzymany i niezagospodarowany. W pierwszym etapie proponujemy przygotowa\u0107 projekt zagospodarowania podw\u00f3rek oraz nasadzenia drzew. Po stworzeniu projektu b\u0119dziemy stara\u0107 si\u0119 o przyznanie miejskich \u015brodk\u00f3w na prace budowlane (ze \u015brodk\u00f3w Rady Osiedla nie b\u0119dzie to mo\u017cliwe &#8211; jest ich za ma\u0142o na zrealizowanie rewitalizacji).<br><\/p><\/blockquote>\n\n\n\n<p><br><\/p>\n\n\n\n<p><\/p>\n\n\n\n<p>11) <strong>Do\u015bwietlenie przej\u015b\u0107 dla pieszych<\/strong>:<br>a) \u015awieradowska-Krynicka (od strony po\u0142udniowej) [2 szt. latarni] -&gt; 2*12 000 netto = 24 000 netto (29 000 brutto)<\/p>\n\n\n\n<p><\/p>\n\n\n\n<figure class=\"wp-block-image\"><img loading=\"lazy\" decoding=\"async\" width=\"1024\" height=\"568\" src=\"http:\/\/www.tvk-gaj.pl\/~gajonline\/wp-content\/uploads\/2019\/10\/Swieradowska-doswietlenie-przejsc-1024x568.jpg\" alt=\"\" class=\"wp-image-11677\" srcset=\"https:\/\/online.tvk-gaj.pl\/wp-content\/uploads\/2019\/10\/Swieradowska-doswietlenie-przejsc-1024x568.jpg 1024w, https:\/\/online.tvk-gaj.pl\/wp-content\/uploads\/2019\/10\/Swieradowska-doswietlenie-przejsc-300x166.jpg 300w, https:\/\/online.tvk-gaj.pl\/wp-content\/uploads\/2019\/10\/Swieradowska-doswietlenie-przejsc-768x426.jpg 768w, https:\/\/online.tvk-gaj.pl\/wp-content\/uploads\/2019\/10\/Swieradowska-doswietlenie-przejsc.jpg 1059w\" sizes=\"auto, (max-width: 1024px) 100vw, 1024px\" \/><\/figure>\n\n\n\n<p><\/p>\n\n\n\n<blockquote class=\"wp-block-quote is-layout-flow wp-block-quote-is-layout-flow\"><p>UZASADNIENIE:<\/p><p>Doj\u015bcie od strony bloku w porze ciemnej jest s\u0142abo widoczne, a przez to troch\u0119 niebezpieczne. Chcemy je do\u015bwietli\u0107 i poprawi\u0107 bezpiecze\u0144stwo ruchu &#8211; pieszych i kierowc\u00f3w.<\/p><\/blockquote>\n\n\n\n<p><\/p>\n\n\n\n<p><\/p>\n\n\n\n<p>12) <strong>O\u015bwietlenie ul. K\u0142odzkiej<\/strong> (od posesji nr 4 do \u0142\u0105cznika do ul. Radkowskiej):Ok. 250 m -&gt; 300 tys. (wg cennika WBO) [150 m + 100 m -&gt; 180 tys. + 120 tys.]<br>Zak\u0142adaj\u0105c 1 latarnia co ok. 40 m -&gt; 8 szt. -&gt; 80 tys. netto (wg info tel. ZDiUM);<\/p>\n\n\n\n<p><\/p>\n\n\n\n<figure class=\"wp-block-image\"><img loading=\"lazy\" decoding=\"async\" width=\"764\" height=\"832\" src=\"http:\/\/www.tvk-gaj.pl\/~gajonline\/wp-content\/uploads\/2019\/10\/Klodzka-oswietlenie.jpg\" alt=\"\" class=\"wp-image-11678\" srcset=\"https:\/\/online.tvk-gaj.pl\/wp-content\/uploads\/2019\/10\/Klodzka-oswietlenie.jpg 764w, https:\/\/online.tvk-gaj.pl\/wp-content\/uploads\/2019\/10\/Klodzka-oswietlenie-275x300.jpg 275w\" sizes=\"auto, (max-width: 764px) 100vw, 764px\" \/><\/figure>\n\n\n\n<p><\/p>\n\n\n\n<blockquote class=\"wp-block-quote is-layout-flow wp-block-quote-is-layout-flow\"><p>UZASADNIENIE:<\/p><p>Ulica K\u0142odzka jest nieo\u015bwietlona i w porze ciemnej nieprzyjemna i troch\u0119 niebezpieczna. Chcemy zamontowa\u0107 brakuj\u0105ce latarnie i stworzy\u0107 bezpieczn\u0105 drog\u0119 do szko\u0142y i do ulicy Pi\u0142awskiej.<\/p><\/blockquote>\n\n\n\n<p><br><\/p>\n\n\n\n<p><\/p>\n\n\n\n<p>13) <strong>Chodnik &#8211; budowa \u015awieradowska-Dzia\u0142kowa<\/strong> [ok. 50m, \u0142\u0105cznik] -&gt; 50 tys.<\/p>\n\n\n\n<p><\/p>\n\n\n\n<figure class=\"wp-block-image\"><img loading=\"lazy\" decoding=\"async\" width=\"1024\" height=\"457\" src=\"http:\/\/www.tvk-gaj.pl\/~gajonline\/wp-content\/uploads\/2019\/10\/Swieradowska-Dzialkowa-chodnik-1024x457.jpg\" alt=\"\" class=\"wp-image-11679\" srcset=\"https:\/\/online.tvk-gaj.pl\/wp-content\/uploads\/2019\/10\/Swieradowska-Dzialkowa-chodnik-1024x457.jpg 1024w, https:\/\/online.tvk-gaj.pl\/wp-content\/uploads\/2019\/10\/Swieradowska-Dzialkowa-chodnik-300x134.jpg 300w, https:\/\/online.tvk-gaj.pl\/wp-content\/uploads\/2019\/10\/Swieradowska-Dzialkowa-chodnik-768x343.jpg 768w, https:\/\/online.tvk-gaj.pl\/wp-content\/uploads\/2019\/10\/Swieradowska-Dzialkowa-chodnik.jpg 1192w\" sizes=\"auto, (max-width: 1024px) 100vw, 1024px\" \/><\/figure>\n\n\n\n<p><\/p>\n\n\n\n<blockquote class=\"wp-block-quote is-layout-flow wp-block-quote-is-layout-flow\"><p>UZASADNIENIE:<\/p><p>Proponujemy zbudowa\u0107 chodnik w miejscu obecnego tzw. przedeptu (wydeptanej \u015bcie\u017cki).<\/p><\/blockquote>\n\n\n\n<p><\/p>\n\n\n\n<p><\/p>\n\n\n\n<p>14) <strong>Progi\/wyniesienia \u015awieradowska-Niemcza\u0144ska<\/strong> (w ci\u0105gu \u015awieradowskiej)  &#8211; 2 poduszki berli\u0144skie ? (kwota nieznana &#8211; wyniesienie: 130 tys. netto)<\/p>\n\n\n\n<p><\/p>\n\n\n\n<figure class=\"wp-block-image\"><img loading=\"lazy\" decoding=\"async\" width=\"856\" height=\"497\" src=\"http:\/\/www.tvk-gaj.pl\/~gajonline\/wp-content\/uploads\/2019\/10\/Swieradowska-Niemczanska-progi-spowalniajace.jpg\" alt=\"\" class=\"wp-image-11680\" srcset=\"https:\/\/online.tvk-gaj.pl\/wp-content\/uploads\/2019\/10\/Swieradowska-Niemczanska-progi-spowalniajace.jpg 856w, https:\/\/online.tvk-gaj.pl\/wp-content\/uploads\/2019\/10\/Swieradowska-Niemczanska-progi-spowalniajace-300x174.jpg 300w, https:\/\/online.tvk-gaj.pl\/wp-content\/uploads\/2019\/10\/Swieradowska-Niemczanska-progi-spowalniajace-768x446.jpg 768w\" sizes=\"auto, (max-width: 856px) 100vw, 856px\" \/><\/figure>\n\n\n\n<p><\/p>\n\n\n\n<blockquote class=\"wp-block-quote is-layout-flow wp-block-quote-is-layout-flow\"><p>UZASADNIENIE:<\/p><p>Na skrzy\u017cowaniu \u015awieradowska-Niemcza\u0144ska istnieje przej\u015bcie dla pieszych, jednak kierowcy jad\u0105cy ulic\u0105 \u015awieradowsk\u0105 cz\u0119sto rozwijaj\u0105 nadmiern\u0105 pr\u0119dko\u015b\u0107, co staje si\u0119 niebezpieczne dla pieszych. Proponujemy zwi\u0119kszy\u0107 bezpiecze\u0144stwo ruchu i zamontowa\u0107 2 progi zwalniaj\u0105ce (tzw. poduszki berli\u0144skie), wymuszaj\u0105ce zmniejszenie pr\u0119dko\u015bci.<\/p><\/blockquote>\n\n\n\n<p><\/p>\n\n\n\n<p><\/p>\n\n\n\n<p>15) <strong>Zaplecze socjalne<\/strong> (kontener) -&gt; przy nowym boisku przy ul. Orzechowej &#8211; ok. 200 &#8211; 250 tys. z\u0142<\/p>\n\n\n\n<p><\/p>\n\n\n\n<figure class=\"wp-block-image\"><img loading=\"lazy\" decoding=\"async\" width=\"725\" height=\"708\" src=\"http:\/\/www.tvk-gaj.pl\/~gajonline\/wp-content\/uploads\/2019\/10\/Boisko-kontener-socjalny.jpg\" alt=\"\" class=\"wp-image-11681\" srcset=\"https:\/\/online.tvk-gaj.pl\/wp-content\/uploads\/2019\/10\/Boisko-kontener-socjalny.jpg 725w, https:\/\/online.tvk-gaj.pl\/wp-content\/uploads\/2019\/10\/Boisko-kontener-socjalny-300x293.jpg 300w, https:\/\/online.tvk-gaj.pl\/wp-content\/uploads\/2019\/10\/Boisko-kontener-socjalny-60x60.jpg 60w\" sizes=\"auto, (max-width: 725px) 100vw, 725px\" \/><\/figure>\n\n\n\n<p><\/p>\n\n\n\n<blockquote class=\"wp-block-quote is-layout-flow wp-block-quote-is-layout-flow\"><p>UZASADNIENIE:<\/p><p>Proponujemy ustawi\u0107 kontener (zaplecze socjalne) przy boisku przy SP90, gdzie graj\u0105cy b\u0119d\u0105 mogli np. przebra\u0107 si\u0119. Obecnie s\u0105 tam tylko wiaty dla trenera i rezerwowych graczy.<\/p><\/blockquote>\n\n\n\n<p><\/p>\n\n\n\n<p><\/p>\n\n\n\n<p>16) <strong>O\u015bwietlenie \u015bcie\u017cek <\/strong>&#8211; a) teren mi\u0119dzy szko\u0142\u0105 a blokiem Orzechowa 30-42 i 46-60;<br>b) Ogrodzenie (p\u0142ot) wok\u00f3\u0142 szko\u0142y;c) Plac zabaw na terenie szko\u0142y; [koszt WBO 400 tys. z\u0142]<br>c) Wykonanie utwardzonej drogi na terenie szko\u0142y;<\/p>\n\n\n\n<p><\/p>\n\n\n\n<figure class=\"wp-block-image\"><img loading=\"lazy\" decoding=\"async\" width=\"753\" height=\"658\" src=\"http:\/\/www.tvk-gaj.pl\/~gajonline\/wp-content\/uploads\/2019\/10\/SP90-oswietlenie-sciezek.jpg\" alt=\"\" class=\"wp-image-11682\" srcset=\"https:\/\/online.tvk-gaj.pl\/wp-content\/uploads\/2019\/10\/SP90-oswietlenie-sciezek.jpg 753w, https:\/\/online.tvk-gaj.pl\/wp-content\/uploads\/2019\/10\/SP90-oswietlenie-sciezek-300x262.jpg 300w\" sizes=\"auto, (max-width: 753px) 100vw, 753px\" \/><\/figure>\n\n\n\n<p><\/p>\n\n\n\n<blockquote class=\"wp-block-quote is-layout-flow wp-block-quote-is-layout-flow\"><p>UZASADNIENIE:<\/p><p>Projekty zaproponowane przez SP 90. O\u015bwietlenie \u015bcie\u017cek prowadz\u0105cych do szko\u0142y poprawi bezpiecze\u0144stwo uczni\u00f3w w porze ciemnej (zw\u0142aszcza w okresie jesienno-zimowym). Nowe ogrodzenie z kolei jest potrzebne ze wzgl\u0119du na zu\u017cycie i cz\u0119\u015bciowe zniszczenie obecnego, starego p\u0142otu. Na terenie szkolnym brakuje te\u017c obecnie placu zabaw. Potrzebna jest r\u00f3wnie\u017c utwardzona droga na terenie szko\u0142y dla wje\u017cd\u017caj\u0105cych samochod\u00f3w (np. dow\u00f3z piasku do skoczni w dal albo dow\u00f3z materia\u0142\u00f3w do prac modernizacyjnych) &#8211; obecnie auta wje\u017cd\u017caj\u0105 po p\u0142ytkach chodnikowych i trawnikach oraz niszcz\u0105 studzienki kanalizacyjne.<\/p><\/blockquote>\n\n\n\n<p><br><\/p>\n\n\n\n<p><\/p>\n\n\n\n<p>17) <strong>Przedszkole Nr 49 Borowska<\/strong>: wjazd do przedszkola;<\/p>\n\n\n\n<p><\/p>\n\n\n\n<figure class=\"wp-block-image\"><img loading=\"lazy\" decoding=\"async\" width=\"574\" height=\"643\" src=\"http:\/\/www.tvk-gaj.pl\/~gajonline\/wp-content\/uploads\/2019\/10\/Borowska-przedszkole-wjazd.jpg\" alt=\"\" class=\"wp-image-11683\" srcset=\"https:\/\/online.tvk-gaj.pl\/wp-content\/uploads\/2019\/10\/Borowska-przedszkole-wjazd.jpg 574w, https:\/\/online.tvk-gaj.pl\/wp-content\/uploads\/2019\/10\/Borowska-przedszkole-wjazd-268x300.jpg 268w\" sizes=\"auto, (max-width: 574px) 100vw, 574px\" \/><\/figure>\n\n\n\n<p><\/p>\n\n\n\n<blockquote class=\"wp-block-quote is-layout-flow wp-block-quote-is-layout-flow\"><p>UZASADNIENIE:<\/p><p>Obecny wjazd do przedszkola jest zniszczony i nieutwardzony. Proponujemy wyremontowa\u0107 i utwardzi\u0107 kr\u00f3tki odcinek drogi.<\/p><\/blockquote>\n\n\n\n<p><\/p>\n\n\n\n<p><\/p>\n\n\n\n<p><\/p>\n\n\n\n<p><strong>Wi\u0119cej informacji o Funduszu Osiedlowym oraz propozycjom jego wydatkowania ju\u017c wkr\u00f3tce na naszej stronie internetowej oraz na profilu osiedla na Facebooku!<\/strong><\/p>\n\n\n\n<p><\/p>\n\n\n\n<p><\/p>\n","protected":false},"excerpt":{"rendered":"<p>W dniach 6-19 listopada odb\u0119d\u0105 si\u0119 konsultacje spo\u0142eczne po\u015bwi\u0119cone wydatkowaniu \u015brodk\u00f3w &#8222;Funduszu Osiedlowego&#8221; na lata 2020-2021 dla Osiedla Gaj. Czym jest fundusz osiedlowy? Fundusz osiedlowy to (miejskie) narz\u0119dzie umo\u017cliwiaj\u0105ce skuteczne dzia\u0142anie osiedli poprzez inwestycje s\u0142u\u017c\u0105ce mieszka\u0144com w podnoszeniu jako\u015bci \u017cycia w miejscu ich zamieszkiwania. Tak\u0105 definicj\u0119 funduszu osiedlowego przygotowa\u0142 magistrat tworz\u0105c pilota\u017cowy dla Wroc\u0142awia projekt [&hellip;]<\/p>\n","protected":false},"author":1,"featured_media":11685,"comment_status":"open","ping_status":"open","sticky":false,"template":"","format":"standard","meta":{"footnotes":""},"categories":[14,12],"tags":[112,601],"class_list":["post-11660","post","type-post","status-publish","format-standard","has-post-thumbnail","hentry","category-aktualnosci","category-artykuly","tag-gaj","tag-konsultacje-spoleczne"],"_links":{"self":[{"href":"https:\/\/online.tvk-gaj.pl\/index.php?rest_route=\/wp\/v2\/posts\/11660","targetHints":{"allow":["GET"]}}],"collection":[{"href":"https:\/\/online.tvk-gaj.pl\/index.php?rest_route=\/wp\/v2\/posts"}],"about":[{"href":"https:\/\/online.tvk-gaj.pl\/index.php?rest_route=\/wp\/v2\/types\/post"}],"author":[{"embeddable":true,"href":"https:\/\/online.tvk-gaj.pl\/index.php?rest_route=\/wp\/v2\/users\/1"}],"replies":[{"embeddable":true,"href":"https:\/\/online.tvk-gaj.pl\/index.php?rest_route=%2Fwp%2Fv2%2Fcomments&post=11660"}],"version-history":[{"count":6,"href":"https:\/\/online.tvk-gaj.pl\/index.php?rest_route=\/wp\/v2\/posts\/11660\/revisions"}],"predecessor-version":[{"id":13563,"href":"https:\/\/online.tvk-gaj.pl\/index.php?rest_route=\/wp\/v2\/posts\/11660\/revisions\/13563"}],"wp:featuredmedia":[{"embeddable":true,"href":"https:\/\/online.tvk-gaj.pl\/index.php?rest_route=\/wp\/v2\/media\/11685"}],"wp:attachment":[{"href":"https:\/\/online.tvk-gaj.pl\/index.php?rest_route=%2Fwp%2Fv2%2Fmedia&parent=11660"}],"wp:term":[{"taxonomy":"category","embeddable":true,"href":"https:\/\/online.tvk-gaj.pl\/index.php?rest_route=%2Fwp%2Fv2%2Fcategories&post=11660"},{"taxonomy":"post_tag","embeddable":true,"href":"https:\/\/online.tvk-gaj.pl\/index.php?rest_route=%2Fwp%2Fv2%2Ftags&post=11660"}],"curies":[{"name":"wp","href":"https:\/\/api.w.org\/{rel}","templated":true}]}}