{"id":11687,"date":"2019-10-30T21:32:52","date_gmt":"2019-10-30T20:32:52","guid":{"rendered":"http:\/\/www.tvk-gaj.pl\/~gajonline\/?p=11687"},"modified":"2019-11-07T15:14:18","modified_gmt":"2019-11-07T14:14:18","slug":"wszystkich-swietych-zmiany-w-komunikacji-2","status":"publish","type":"post","link":"https:\/\/online.tvk-gaj.pl\/?p=11687","title":{"rendered":"Wszystkich \u015awi\u0119tych &#8211; zmiany w komunikacji"},"content":{"rendered":"\n<p>Przedstawiamy szczeg\u00f3\u0142y zmian w organizacji ruchu i komunikacji miejskiej zwi\u0105zanych z obchodami \u015awi\u0119ta Wszystkich \u015awi\u0119tych. Prezentujemy informacje istotne dla mieszka\u0144c\u00f3w Gaju oraz os\u00f3b odwiedzaj\u0105cych cmentarze przy ul. Bardzkiej i Dzia\u0142kowej.&nbsp;<\/p>\n\n\n\n<!--more-->\n\n\n\n<p>Na terenie osiedla znajduj\u0105 si\u0119 dwa cmentarze parafialne \u2013 \u015aw. Ducha na ul. Bardziej oraz \u015aw. Maurycego na ul. Dzia\u0142kowej (pod kt\u00f3ry podlega te\u017c Parafia \u015aw. Franciszka z Asy\u017cu z ul Borowskiej).<\/p>\n\n\n\n<h2 class=\"wp-block-heading\"><strong>Cmentarz Parafialny Ducha \u015awi\u0119tego przy ul. Bardzkiej<\/strong><\/h2>\n\n\n\n<div class=\"wp-block-image\"><figure class=\"aligncenter\"><a href=\"http:\/\/www.tvk-gaj.pl\/~gajonline\/wp-content\/uploads\/2015\/10\/cmentarz-przy-bardzkiej.jpg\"><img loading=\"lazy\" decoding=\"async\" width=\"626\" height=\"417\" src=\"http:\/\/www.tvk-gaj.pl\/~gajonline\/wp-content\/uploads\/2015\/10\/cmentarz-przy-bardzkiej.jpg\" alt=\"cmentarz-przy-bardzkiej\" class=\"wp-image-5148\" srcset=\"https:\/\/online.tvk-gaj.pl\/wp-content\/uploads\/2015\/10\/cmentarz-przy-bardzkiej.jpg 626w, https:\/\/online.tvk-gaj.pl\/wp-content\/uploads\/2015\/10\/cmentarz-przy-bardzkiej-300x200.jpg 300w, https:\/\/online.tvk-gaj.pl\/wp-content\/uploads\/2015\/10\/cmentarz-przy-bardzkiej-321x214.jpg 321w, https:\/\/online.tvk-gaj.pl\/wp-content\/uploads\/2015\/10\/cmentarz-przy-bardzkiej-140x94.jpg 140w\" sizes=\"auto, (max-width: 626px) 100vw, 626px\" \/><\/a><\/figure><\/div>\n\n\n\n<p><\/p>\n\n\n\n<p><em>Nekropolia nale\u017c\u0105ca obecnie do Parafii Ducha \u015awi\u0119tego z ul. Bardzkiej powsta\u0142 w 1918 roku jako Cmentarz \u015bw. Henryka. Cmentarz zajmuje powierzchni\u0119 ponad 8ha. Nekropolia posiada unikatow\u0105 architektur\u0119 zaprojektowan\u0105 przez wroc\u0142awskiego architekta Theo Effenberger &#8211; znajduj\u0105 si\u0119 tutaj m.in. pomniki wojenne. Na cmentarzu swoje groby ma wielu znanych wroc\u0142awian &#8211; m.in.&nbsp;prof. Stanis\u0142aw To\u0142pa &#8211; botanik, Aleksandra Natalli-\u015awiat &#8211; pos\u0142anka na sejm RP, prof. Karol Jo\u0144ca \u2013 prawnik i historyk, ks. Piotr Nitecki \u2013 profesor Papieskiego Wydzia\u0142u Teologicznego we Wroc\u0142awiu.&nbsp;<\/em><\/p>\n\n\n\n<p>W obr\u0119bie tej nekropolii zmiany w organizacji ruchu zostan\u0105 wprowadzone wy\u0142\u0105cznie 1 listopada.&nbsp;<\/p>\n\n\n\n<p><\/p>\n\n\n\n<p><strong>PARKOWANIE<\/strong><br>W rejonie cmentarza zorganizowany zostanie parking p\u0142atny na terenie przy ulicy Buforowej 2.<\/p>\n\n\n\n<p><\/p>\n\n\n\n<p><strong>RUCH DROGOWY<\/strong><\/p>\n\n\n\n<p><\/p>\n\n\n\n<figure class=\"wp-block-image\"><img loading=\"lazy\" decoding=\"async\" width=\"780\" height=\"440\" src=\"http:\/\/www.tvk-gaj.pl\/~gajonline\/wp-content\/uploads\/2019\/10\/5db2e497bbd19_p-1.jpg\" alt=\"\" class=\"wp-image-11690\" srcset=\"https:\/\/online.tvk-gaj.pl\/wp-content\/uploads\/2019\/10\/5db2e497bbd19_p-1.jpg 780w, https:\/\/online.tvk-gaj.pl\/wp-content\/uploads\/2019\/10\/5db2e497bbd19_p-1-300x169.jpg 300w, https:\/\/online.tvk-gaj.pl\/wp-content\/uploads\/2019\/10\/5db2e497bbd19_p-1-768x433.jpg 768w\" sizes=\"auto, (max-width: 780px) 100vw, 780px\" \/><\/figure>\n\n\n\n<p><\/p>\n\n\n\n<p><br>Na ul. Morwowej w dniu 1.11 zostanie wprowadzony jeden kierunek ruchu pojazd\u00f3w &#8211; od ul. Bardzkiej do ul. Tarnogajskiej.<\/p>\n\n\n\n<p><\/p>\n\n\n\n<p><strong>KOMUNIKACJA MIEJSKA<\/strong><\/p>\n\n\n\n<p><br>Na cmentarz dojecha\u0107 mo\u017cna autobusami linii 125, 133, 134, 136, 145, 146 oraz specjalnymi liniami tramwajowymi i autobusowymi: E8, 334,&nbsp;<\/p>\n\n\n\n<p><\/p>\n\n\n\n<h2 class=\"wp-block-heading\"><strong>Cmentarz na Skowroniej G\u00f3rze przy ul. Dzia\u0142kowej<\/strong><\/h2>\n\n\n\n<div class=\"wp-block-image\"><figure class=\"aligncenter\"><img loading=\"lazy\" decoding=\"async\" width=\"1024\" height=\"768\" src=\"http:\/\/www.tvk-gaj.pl\/~gajonline\/wp-content\/uploads\/2015\/10\/14-1024x768.jpg\" alt=\"OLYMPUS DIGITAL CAMERA\" class=\"wp-image-5150\" srcset=\"https:\/\/online.tvk-gaj.pl\/wp-content\/uploads\/2015\/10\/14-1024x768.jpg 1024w, https:\/\/online.tvk-gaj.pl\/wp-content\/uploads\/2015\/10\/14-300x225.jpg 300w, https:\/\/online.tvk-gaj.pl\/wp-content\/uploads\/2015\/10\/14.jpg 2048w\" sizes=\"auto, (max-width: 1024px) 100vw, 1024px\" \/><\/figure><\/div>\n\n\n\n<div class=\"wp-block-image\"><figure class=\"aligncenter\"><a href=\"http:\/\/www.tvk-gaj.pl\/~gajonline\/wp-content\/uploads\/2013\/10\/2013-10-31-13.25.46.jpg\"><img loading=\"lazy\" decoding=\"async\" width=\"1024\" height=\"576\" src=\"http:\/\/www.tvk-gaj.pl\/~gajonline\/wp-content\/uploads\/2013\/10\/2013-10-31-13.25.46-1024x576.jpg\" alt=\"2013-10-31 13.25.46\" class=\"wp-image-1724\" srcset=\"https:\/\/online.tvk-gaj.pl\/wp-content\/uploads\/2013\/10\/2013-10-31-13.25.46-1024x576.jpg 1024w, https:\/\/online.tvk-gaj.pl\/wp-content\/uploads\/2013\/10\/2013-10-31-13.25.46-300x168.jpg 300w, https:\/\/online.tvk-gaj.pl\/wp-content\/uploads\/2013\/10\/2013-10-31-13.25.46.jpg 1536w\" sizes=\"auto, (max-width: 1024px) 100vw, 1024px\" \/><\/a><\/figure><\/div>\n\n\n\n<p><\/p>\n\n\n\n<p><em>Cmentarz nazywany potocznie &#8222;Cmentarzem na Skowroniej G\u00f3rze&#8221;&nbsp; znajduje si\u0119 pod zarz\u0105dem parafii rzymskokatolickiej pw. \u015bw. Maurycego we Wroc\u0142awiu. Jest jednak u\u017cytkowany przez Parafi\u0119 \u015awi\u0119tego Franciszka z ul. Borowskiej. Od 1945r. cmentarz wykorzystywany by\u0142 jako miejsce poch\u00f3wku \u017co\u0142nierzy radzieckich. Obecnie cz\u0119\u015b\u0107 nekropolii ma charakter muzeum.&nbsp; Od 1994r. zachodnia cz\u0119\u015b\u0107 cmentarz nadal pe\u0142ni funkcj\u0119 cmentarza parafialnego ko\u015bcio\u0142a \u015bw. Maurycego.<\/em><\/p>\n\n\n\n<p><\/p>\n\n\n\n<p><strong>PARKOWANIE<\/strong><br>Przy cmentarzu 1 listopada Policja wprowadzi zakaz zatrzymywania si\u0119 pojazd\u00f3w.<\/p>\n\n\n\n<p><\/p>\n\n\n\n<p><strong>RUCH DROGOWY<\/strong><br>Nie b\u0119dzie zamian w organizacji ruchu dla cmentarza \u201eSkowronia G\u00f3ra\u201d przy ul. Dzia\u0142kowej.<\/p>\n\n\n\n<p><\/p>\n\n\n\n<p><strong>KOMUNIKACJA MIEJSKA<\/strong><br>Do cmentarza mo\u017cna dojecha\u0107 autobusami linii 136, 145, 146, K, 112, 113, 612 oraz tramwajami linii 31, 32.<\/p>\n\n\n\n<h2 class=\"wp-block-heading\"><strong>Komunikacja miejska w obr\u0119bie Gaju<\/strong><\/h2>\n\n\n\n<p><\/p>\n\n\n\n<figure class=\"wp-block-image\"><img loading=\"lazy\" decoding=\"async\" width=\"780\" height=\"445\" src=\"http:\/\/www.tvk-gaj.pl\/~gajonline\/wp-content\/uploads\/2019\/10\/5db2e4bad9c5e_p.jpg\" alt=\"\" class=\"wp-image-11692\" srcset=\"https:\/\/online.tvk-gaj.pl\/wp-content\/uploads\/2019\/10\/5db2e4bad9c5e_p.jpg 780w, https:\/\/online.tvk-gaj.pl\/wp-content\/uploads\/2019\/10\/5db2e4bad9c5e_p-300x171.jpg 300w, https:\/\/online.tvk-gaj.pl\/wp-content\/uploads\/2019\/10\/5db2e4bad9c5e_p-768x438.jpg 768w\" sizes=\"auto, (max-width: 780px) 100vw, 780px\" \/><\/figure>\n\n\n\n<p><\/p>\n\n\n\n<figure class=\"wp-block-image\"><img loading=\"lazy\" decoding=\"async\" width=\"780\" height=\"447\" src=\"http:\/\/www.tvk-gaj.pl\/~gajonline\/wp-content\/uploads\/2019\/10\/5db2e4b3ae832_p.jpg\" alt=\"\" class=\"wp-image-11691\" srcset=\"https:\/\/online.tvk-gaj.pl\/wp-content\/uploads\/2019\/10\/5db2e4b3ae832_p.jpg 780w, https:\/\/online.tvk-gaj.pl\/wp-content\/uploads\/2019\/10\/5db2e4b3ae832_p-300x172.jpg 300w, https:\/\/online.tvk-gaj.pl\/wp-content\/uploads\/2019\/10\/5db2e4b3ae832_p-768x440.jpg 768w\" sizes=\"auto, (max-width: 780px) 100vw, 780px\" \/><\/figure>\n\n\n\n<p><\/p>\n\n\n\n<p><\/p>\n\n\n\n<p>Od&nbsp;\u015brody b\u0119d\u0105&nbsp; kursowa\u0142y dodatkowe linie tramwajowe i autobusowe na wroc\u0142awskie nekropolie.&nbsp;<\/p>\n\n\n\n<p><strong><em>W dniu 1.11.2019r.<\/em><\/strong><strong><em>linie specjalne kursuj\u0105 z cz\u0119stotliwo\u015bci\u0105 co 10 minut w godz. 8:00 \u2013 18:00 oraz co 20 minut w godz. 18:00 \u2013 20:00.<\/em><\/strong><\/p>\n\n\n\n<p><\/p>\n\n\n\n<p>Wszystkie informacje na temat kursowania komunikacji miejskiej w okresie 1 listopada znajdziecie na stronie UM Wroc\u0142awia <a href=\"https:\/\/www.wroclaw.pl\/komunikacja-zbiorowa-wszystkich-swietych\">pod tym linkiem<\/a>. <\/p>\n\n\n\n<p><\/p>\n\n\n\n<p><\/p>\n\n\n\n<h6 class=\"wp-block-heading\"><em>\u0179r\u00f3d\u0142o: www.wroclaw.pl&nbsp;<\/em><\/h6>\n","protected":false},"excerpt":{"rendered":"<p>Przedstawiamy szczeg\u00f3\u0142y zmian w organizacji ruchu i komunikacji miejskiej zwi\u0105zanych z obchodami \u015awi\u0119ta Wszystkich \u015awi\u0119tych. Prezentujemy informacje istotne dla mieszka\u0144c\u00f3w Gaju oraz os\u00f3b odwiedzaj\u0105cych cmentarze przy ul. Bardzkiej i Dzia\u0142kowej.&nbsp;<\/p>\n","protected":false},"author":1,"featured_media":4006,"comment_status":"open","ping_status":"open","sticky":false,"template":"","format":"standard","meta":{"footnotes":""},"categories":[14],"tags":[112,798,121],"class_list":["post-11687","post","type-post","status-publish","format-standard","has-post-thumbnail","hentry","category-aktualnosci","tag-gaj","tag-swieto-zmarlych","tag-wszystkich-swietych"],"_links":{"self":[{"href":"https:\/\/online.tvk-gaj.pl\/index.php?rest_route=\/wp\/v2\/posts\/11687","targetHints":{"allow":["GET"]}}],"collection":[{"href":"https:\/\/online.tvk-gaj.pl\/index.php?rest_route=\/wp\/v2\/posts"}],"about":[{"href":"https:\/\/online.tvk-gaj.pl\/index.php?rest_route=\/wp\/v2\/types\/post"}],"author":[{"embeddable":true,"href":"https:\/\/online.tvk-gaj.pl\/index.php?rest_route=\/wp\/v2\/users\/1"}],"replies":[{"embeddable":true,"href":"https:\/\/online.tvk-gaj.pl\/index.php?rest_route=%2Fwp%2Fv2%2Fcomments&post=11687"}],"version-history":[{"count":3,"href":"https:\/\/online.tvk-gaj.pl\/index.php?rest_route=\/wp\/v2\/posts\/11687\/revisions"}],"predecessor-version":[{"id":11702,"href":"https:\/\/online.tvk-gaj.pl\/index.php?rest_route=\/wp\/v2\/posts\/11687\/revisions\/11702"}],"wp:featuredmedia":[{"embeddable":true,"href":"https:\/\/online.tvk-gaj.pl\/index.php?rest_route=\/wp\/v2\/media\/4006"}],"wp:attachment":[{"href":"https:\/\/online.tvk-gaj.pl\/index.php?rest_route=%2Fwp%2Fv2%2Fmedia&parent=11687"}],"wp:term":[{"taxonomy":"category","embeddable":true,"href":"https:\/\/online.tvk-gaj.pl\/index.php?rest_route=%2Fwp%2Fv2%2Fcategories&post=11687"},{"taxonomy":"post_tag","embeddable":true,"href":"https:\/\/online.tvk-gaj.pl\/index.php?rest_route=%2Fwp%2Fv2%2Ftags&post=11687"}],"curies":[{"name":"wp","href":"https:\/\/api.w.org\/{rel}","templated":true}]}}