{"id":11695,"date":"2019-11-07T15:11:55","date_gmt":"2019-11-07T14:11:55","guid":{"rendered":"http:\/\/www.tvk-gaj.pl\/~gajonline\/?p=11695"},"modified":"2019-11-07T15:13:27","modified_gmt":"2019-11-07T14:13:27","slug":"stop-grabieniu-lisci-akcja-ekologiczna","status":"publish","type":"post","link":"https:\/\/online.tvk-gaj.pl\/?p=11695","title":{"rendered":"Stop grabieniu li\u015bci &#8211; akcja ekologiczna"},"content":{"rendered":"\n<p>&#8222;Zn\u00f3w lec\u0105 li\u015bcie &#8211; i jak co roku ko\u0144cz\u0105 w plastikowych workach. Oznacza to\u00a0 wyja\u0142awianie gleby, przemarzanie korzeni ro\u015blin, \u015bmier\u0107 wielu zwierz\u0105t, koszty, ha\u0142as i obci\u0105\u017cenie \u015brodowiska spalinami&#8230;&#8221; <\/p>\n\n\n\n<p><\/p>\n\n\n\n<figure class=\"wp-block-image\"><img loading=\"lazy\" decoding=\"async\" width=\"1024\" height=\"576\" src=\"http:\/\/www.tvk-gaj.pl\/~gajonline\/wp-content\/uploads\/2019\/11\/4-1-1024x576.jpg\" alt=\"\" class=\"wp-image-11700\" srcset=\"https:\/\/online.tvk-gaj.pl\/wp-content\/uploads\/2019\/11\/4-1-1024x576.jpg 1024w, https:\/\/online.tvk-gaj.pl\/wp-content\/uploads\/2019\/11\/4-1-300x169.jpg 300w, https:\/\/online.tvk-gaj.pl\/wp-content\/uploads\/2019\/11\/4-1-768x432.jpg 768w, https:\/\/online.tvk-gaj.pl\/wp-content\/uploads\/2019\/11\/4-1.jpg 1281w\" sizes=\"auto, (max-width: 1024px) 100vw, 1024px\" \/><\/figure>\n\n\n\n<p><\/p>\n\n\n\n<p>Zdajemy sobie spraw\u0119 z tego, \u017ce sami mieszka\u0144cy domagaj\u0105 si\u0119 &#8222;posprz\u0105tania&#8221;. Dobrze by\u0142oby im przedstawi\u0107 troch\u0119 racjonalnych argument\u00f3w i wsp\u00f3\u0142czesnej wiedzy za pozostawianiem li\u015bci pod drzewami, krzewami i na rabatach.\u00a0To informacja, kt\u00f3r\u0105 otrzymali\u015bmy od ZIELE\u0143 WROC\u0141AWSKA &#8211; GRUPA MIESZKA\u0143C\u00d3W WROC\u0141AWIA NA FACEBOOKU. W ramach wspierania dzia\u0142a\u0144 proekologicznych publikujemy poni\u017cszy plakat informacyjny po\u015bwi\u0119cony li\u015bciom.<\/p>\n\n\n\n<figure class=\"wp-block-image\"><img loading=\"lazy\" decoding=\"async\" width=\"1024\" height=\"594\" src=\"http:\/\/www.tvk-gaj.pl\/~gajonline\/wp-content\/uploads\/2019\/11\/plansze-kolaz-1024x594.jpg\" alt=\"\" class=\"wp-image-11697\" srcset=\"https:\/\/online.tvk-gaj.pl\/wp-content\/uploads\/2019\/11\/plansze-kolaz-1024x594.jpg 1024w, https:\/\/online.tvk-gaj.pl\/wp-content\/uploads\/2019\/11\/plansze-kolaz-300x174.jpg 300w, https:\/\/online.tvk-gaj.pl\/wp-content\/uploads\/2019\/11\/plansze-kolaz-768x446.jpg 768w, https:\/\/online.tvk-gaj.pl\/wp-content\/uploads\/2019\/11\/plansze-kolaz.jpg 2000w\" sizes=\"auto, (max-width: 1024px) 100vw, 1024px\" \/><\/figure>\n\n\n\n<p><\/p>\n\n\n\n<p style=\"text-align:left\"><strong>Dlaczego nie powinni\u015bmy grabi\u0107 li\u015bci?<\/strong><\/p>\n\n\n\n<p><\/p>\n\n\n\n<figure class=\"wp-block-image\"><img loading=\"lazy\" decoding=\"async\" width=\"725\" height=\"1024\" src=\"http:\/\/www.tvk-gaj.pl\/~gajonline\/wp-content\/uploads\/2019\/11\/lis\u0301c\u0301-to-nie-s\u0301miec\u0301-rada_1-725x1024.jpg\" alt=\"\" class=\"wp-image-11698\" srcset=\"https:\/\/online.tvk-gaj.pl\/wp-content\/uploads\/2019\/11\/lis\u0301c\u0301-to-nie-s\u0301miec\u0301-rada_1-725x1024.jpg 725w, https:\/\/online.tvk-gaj.pl\/wp-content\/uploads\/2019\/11\/lis\u0301c\u0301-to-nie-s\u0301miec\u0301-rada_1-212x300.jpg 212w, https:\/\/online.tvk-gaj.pl\/wp-content\/uploads\/2019\/11\/lis\u0301c\u0301-to-nie-s\u0301miec\u0301-rada_1-768x1085.jpg 768w\" sizes=\"auto, (max-width: 725px) 100vw, 725px\" \/><\/figure>\n\n\n\n<p><\/p>\n\n\n\n<p><\/p>\n\n\n\n<p><strong>Zach\u0119camy do dzia\u0142a\u0144 proekologicznych, mog\u0105cych przyczyni\u0107 si\u0119 do dbania i odpowiedzialno\u015bci za ziele\u0144 miejsk\u0105, r\u00f3wnie\u017c t\u0105, znajduj\u0105c\u0105 si\u0119 w sporej ilo\u015bci na terenie osiedla Gaj!<\/strong><\/p>\n\n\n\n<p><\/p>\n\n\n\n<p><\/p>\n","protected":false},"excerpt":{"rendered":"<p>&#8222;Zn\u00f3w lec\u0105 li\u015bcie &#8211; i jak co roku ko\u0144cz\u0105 w plastikowych workach. Oznacza to\u00a0 wyja\u0142awianie gleby, przemarzanie korzeni ro\u015blin, \u015bmier\u0107 wielu zwierz\u0105t, koszty, ha\u0142as i obci\u0105\u017cenie \u015brodowiska spalinami&#8230;&#8221; Zdajemy sobie spraw\u0119 z tego, \u017ce sami mieszka\u0144cy domagaj\u0105 si\u0119 &#8222;posprz\u0105tania&#8221;. Dobrze by\u0142oby im przedstawi\u0107 troch\u0119 racjonalnych argument\u00f3w i wsp\u00f3\u0142czesnej wiedzy za pozostawianiem li\u015bci pod drzewami, krzewami [&hellip;]<\/p>\n","protected":false},"author":1,"featured_media":11696,"comment_status":"open","ping_status":"open","sticky":false,"template":"","format":"standard","meta":{"footnotes":""},"categories":[14,12],"tags":[112,1235,1234],"class_list":["post-11695","post","type-post","status-publish","format-standard","has-post-thumbnail","hentry","category-aktualnosci","category-artykuly","tag-gaj","tag-grabienie-lisci","tag-liscie"],"_links":{"self":[{"href":"https:\/\/online.tvk-gaj.pl\/index.php?rest_route=\/wp\/v2\/posts\/11695","targetHints":{"allow":["GET"]}}],"collection":[{"href":"https:\/\/online.tvk-gaj.pl\/index.php?rest_route=\/wp\/v2\/posts"}],"about":[{"href":"https:\/\/online.tvk-gaj.pl\/index.php?rest_route=\/wp\/v2\/types\/post"}],"author":[{"embeddable":true,"href":"https:\/\/online.tvk-gaj.pl\/index.php?rest_route=\/wp\/v2\/users\/1"}],"replies":[{"embeddable":true,"href":"https:\/\/online.tvk-gaj.pl\/index.php?rest_route=%2Fwp%2Fv2%2Fcomments&post=11695"}],"version-history":[{"count":2,"href":"https:\/\/online.tvk-gaj.pl\/index.php?rest_route=\/wp\/v2\/posts\/11695\/revisions"}],"predecessor-version":[{"id":11701,"href":"https:\/\/online.tvk-gaj.pl\/index.php?rest_route=\/wp\/v2\/posts\/11695\/revisions\/11701"}],"wp:featuredmedia":[{"embeddable":true,"href":"https:\/\/online.tvk-gaj.pl\/index.php?rest_route=\/wp\/v2\/media\/11696"}],"wp:attachment":[{"href":"https:\/\/online.tvk-gaj.pl\/index.php?rest_route=%2Fwp%2Fv2%2Fmedia&parent=11695"}],"wp:term":[{"taxonomy":"category","embeddable":true,"href":"https:\/\/online.tvk-gaj.pl\/index.php?rest_route=%2Fwp%2Fv2%2Fcategories&post=11695"},{"taxonomy":"post_tag","embeddable":true,"href":"https:\/\/online.tvk-gaj.pl\/index.php?rest_route=%2Fwp%2Fv2%2Ftags&post=11695"}],"curies":[{"name":"wp","href":"https:\/\/api.w.org\/{rel}","templated":true}]}}