{"id":11708,"date":"2019-11-17T18:22:20","date_gmt":"2019-11-17T17:22:20","guid":{"rendered":"http:\/\/www.tvk-gaj.pl\/~gajonline\/?p=11708"},"modified":"2019-11-17T18:22:26","modified_gmt":"2019-11-17T17:22:26","slug":"aktywny-wroclaw-badanie-mieszkancow","status":"publish","type":"post","link":"https:\/\/online.tvk-gaj.pl\/?p=11708","title":{"rendered":"Aktywny Wroc\u0142aw &#8211; badanie mieszka\u0144c\u00f3w"},"content":{"rendered":"\n<p>Rada Osiedla Gaj zach\u0119ca do oddania g\u0142osu w wa\u017cnej sprawie.\u00a0Zach\u0119camy do wype\u0142nienia ankiety, kt\u00f3rej celem jest diagnoza aktywno\u015bci ruchowej mieszka\u0144c\u00f3w i ich potrzeby z podzia\u0142em na osiedla.<\/p>\n\n\n\n<p><\/p>\n\n\n\n<figure class=\"wp-block-image\"><img loading=\"lazy\" decoding=\"async\" width=\"1024\" height=\"724\" src=\"http:\/\/www.tvk-gaj.pl\/~gajonline\/wp-content\/uploads\/2019\/11\/Zal.-nr-1a-AW_ZalacznikdlaWCRS_v2-1-1024x724.jpg\" alt=\"\" class=\"wp-image-11710\" srcset=\"https:\/\/online.tvk-gaj.pl\/wp-content\/uploads\/2019\/11\/Zal.-nr-1a-AW_ZalacznikdlaWCRS_v2-1-1024x724.jpg 1024w, https:\/\/online.tvk-gaj.pl\/wp-content\/uploads\/2019\/11\/Zal.-nr-1a-AW_ZalacznikdlaWCRS_v2-1-300x212.jpg 300w, https:\/\/online.tvk-gaj.pl\/wp-content\/uploads\/2019\/11\/Zal.-nr-1a-AW_ZalacznikdlaWCRS_v2-1-768x543.jpg 768w\" sizes=\"auto, (max-width: 1024px) 100vw, 1024px\" \/><\/figure>\n\n\n\n<p><\/p>\n\n\n\n<p>Buduj z nami\u00a0<a href=\"https:\/\/www.facebook.com\/hashtag\/aktywnywroclaw?source=feed_text&amp;epa=HASHTAG&amp;__xts__%5B0%5D=68.ARC9J0pqbXv6L3r8C7sicMdpuKDAfY7SOSsz71iOm_B38oN3wDrvShrXAmNz2YUWScyEhcqjMlnhlUvppx1t9J9CykMVuGo7Xt67xkjdm4evLhSD9zhd53lxgLqwPSqA6rotcJayUTmiFDWNt0pRxPtIEAsHsIdLoqeIY7wMcoM2N9XrJ65A3GZfMAnRdTR1utiuYuxoKUHaU8_TLm3pYvaQalmRaszHde91SUIJ3b3wWM4WkWCW0QnHzMK5a491wpbN_nxAdpBiz-dNllaZwxegxipJ0s6zHMztPITGoSy7Y6525HYMgF3vIy3gQnxiWIYyScBef4CErdQC8dKycq0hfg&amp;__tn__=%2ANK-R\">#AktywnyWroclaw<\/a>!<\/p>\n\n\n\n<p><\/p>\n\n\n\n<p><br>Rada Osiedla Gaj zach\u0119ca do oddania g\u0142osu w wa\u017cnej sprawie. <\/p>\n\n\n\n<p>Codzienny tryb \u017cycia mieszka\u0144c\u00f3w sprawia, \u017ce coraz mniej czasu sp\u0119dzamy w ruchu. W trosce o zdrowie i przysz\u0142o\u015b\u0107 mieszka\u0144c\u00f3w miasto Wroc\u0142aw podj\u0119\u0142o dzia\u0142ania, kt\u00f3rych celem jest stworzenie warunk\u00f3w sprzyjaj\u0105cych rozwojowi sportu i aktywno\u015bci fizycznej. Aktualnie realizowany jest etap diagnozy sportu i rekreacji, za kt\u00f3ry odpowiada @V4Sport.Fundacja. <\/p>\n\n\n\n<p>Celem badania jest diagnoza aktywno\u015bci ruchowej mieszka\u0144c\u00f3w i ich potrzeby z podzia\u0142em na osiedla. W zwi\u0105zku z tym zach\u0119camy mieszka\u0144c\u00f3w to statystycznego reprezentowania Gaju:)<\/p>\n\n\n\n<p><\/p>\n\n\n\n<p>Link do ankiety znajdziecie <a rel=\"noreferrer noopener\" aria-label=\"TUTAJ (opens in a new tab)\" href=\"https:\/\/aktywnywroclaw.webankieta.pl\/?fbclid=IwAR3ee-rVyFfVBh9evhpRCD4GkvYJ6k_2Tji0zbo51CojLNHzKLQo0P_M3L0\" target=\"_blank\">TUTAJ<\/a>. <\/p>\n\n\n\n<p><\/p>\n\n\n\n<p><\/p>\n\n\n\n<p><\/p>\n","protected":false},"excerpt":{"rendered":"<p>Rada Osiedla Gaj zach\u0119ca do oddania g\u0142osu w wa\u017cnej sprawie.\u00a0Zach\u0119camy do wype\u0142nienia ankiety, kt\u00f3rej celem jest diagnoza aktywno\u015bci ruchowej mieszka\u0144c\u00f3w i ich potrzeby z podzia\u0142em na osiedla. Buduj z nami\u00a0#AktywnyWroclaw! Rada Osiedla Gaj zach\u0119ca do oddania g\u0142osu w wa\u017cnej sprawie. Codzienny tryb \u017cycia mieszka\u0144c\u00f3w sprawia, \u017ce coraz mniej czasu sp\u0119dzamy w ruchu. W trosce o [&hellip;]<\/p>\n","protected":false},"author":1,"featured_media":11712,"comment_status":"open","ping_status":"open","sticky":false,"template":"","format":"standard","meta":{"footnotes":""},"categories":[14],"tags":[1239,112],"class_list":["post-11708","post","type-post","status-publish","format-standard","has-post-thumbnail","hentry","category-aktualnosci","tag-aktywny-wroclaw","tag-gaj"],"_links":{"self":[{"href":"https:\/\/online.tvk-gaj.pl\/index.php?rest_route=\/wp\/v2\/posts\/11708","targetHints":{"allow":["GET"]}}],"collection":[{"href":"https:\/\/online.tvk-gaj.pl\/index.php?rest_route=\/wp\/v2\/posts"}],"about":[{"href":"https:\/\/online.tvk-gaj.pl\/index.php?rest_route=\/wp\/v2\/types\/post"}],"author":[{"embeddable":true,"href":"https:\/\/online.tvk-gaj.pl\/index.php?rest_route=\/wp\/v2\/users\/1"}],"replies":[{"embeddable":true,"href":"https:\/\/online.tvk-gaj.pl\/index.php?rest_route=%2Fwp%2Fv2%2Fcomments&post=11708"}],"version-history":[{"count":2,"href":"https:\/\/online.tvk-gaj.pl\/index.php?rest_route=\/wp\/v2\/posts\/11708\/revisions"}],"predecessor-version":[{"id":11713,"href":"https:\/\/online.tvk-gaj.pl\/index.php?rest_route=\/wp\/v2\/posts\/11708\/revisions\/11713"}],"wp:featuredmedia":[{"embeddable":true,"href":"https:\/\/online.tvk-gaj.pl\/index.php?rest_route=\/wp\/v2\/media\/11712"}],"wp:attachment":[{"href":"https:\/\/online.tvk-gaj.pl\/index.php?rest_route=%2Fwp%2Fv2%2Fmedia&parent=11708"}],"wp:term":[{"taxonomy":"category","embeddable":true,"href":"https:\/\/online.tvk-gaj.pl\/index.php?rest_route=%2Fwp%2Fv2%2Fcategories&post=11708"},{"taxonomy":"post_tag","embeddable":true,"href":"https:\/\/online.tvk-gaj.pl\/index.php?rest_route=%2Fwp%2Fv2%2Ftags&post=11708"}],"curies":[{"name":"wp","href":"https:\/\/api.w.org\/{rel}","templated":true}]}}