{"id":11788,"date":"2019-11-18T22:09:52","date_gmt":"2019-11-18T21:09:52","guid":{"rendered":"http:\/\/www.tvk-gaj.pl\/~gajonline\/?p=11788"},"modified":"2019-11-18T22:11:47","modified_gmt":"2019-11-18T21:11:47","slug":"dzien-seniora-na-gaju-fotorelacja-2","status":"publish","type":"post","link":"https:\/\/online.tvk-gaj.pl\/?p=11788","title":{"rendered":"Dzie\u0144 Seniora na Gaju &#8211; fotorelacja"},"content":{"rendered":"\n<p>W pi\u0105tek, 15 listopada, na terenie Szko\u0142y Podstawowej Nr 32 przy ul. K\u0142odzkiej odby\u0142y si\u0119 uroczyste obchody Dnia Seniora &#8211; zorganizowane przez Rad\u0119 Osiedla Gaj oraz osiedlowy Klub Seniora. Zapraszamy do naszej fotorelacji z wydarzenia.<\/p>\n\n\n\n<p><\/p>\n\n\n\n<p><\/p>\n\n\n\n<figure class=\"wp-block-image size-large\"><img loading=\"lazy\" decoding=\"async\" width=\"1024\" height=\"768\" src=\"http:\/\/www.tvk-gaj.pl\/~gajonline\/wp-content\/uploads\/2019\/11\/IMG_20191115_181719-1024x768.jpg\" alt=\"\" class=\"wp-image-11790\" srcset=\"https:\/\/online.tvk-gaj.pl\/wp-content\/uploads\/2019\/11\/IMG_20191115_181719-1024x768.jpg 1024w, https:\/\/online.tvk-gaj.pl\/wp-content\/uploads\/2019\/11\/IMG_20191115_181719-300x225.jpg 300w, https:\/\/online.tvk-gaj.pl\/wp-content\/uploads\/2019\/11\/IMG_20191115_181719-768x576.jpg 768w, https:\/\/online.tvk-gaj.pl\/wp-content\/uploads\/2019\/11\/IMG_20191115_181719-1536x1152.jpg 1536w, https:\/\/online.tvk-gaj.pl\/wp-content\/uploads\/2019\/11\/IMG_20191115_181719-2048x1536.jpg 2048w\" sizes=\"auto, (max-width: 1024px) 100vw, 1024px\" \/><\/figure>\n\n\n\n<p><\/p>\n\n\n\n<p><\/p>\n\n\n\n<p>Uroczyste spotkanie senior\u00f3w z naszego osiedla odby\u0142o si\u0119 jak co roku w po\u0142owie listopada. Pierwszy raz gospodarzem uroczysto\u015bci by\u0142a Dyrektor Szko\u0142y Podstawowej Nr 32 przy ul. K\u0142odzkiej Pani Edyta Krajewska. Spotkanie zwi\u0105zane z obchodzonym 20-listopada Europejskim Dniem ma na celu integrowa\u0107 starszych mieszka\u0144c\u00f3w Gaju. Na spotkaniu zorganizowanym wsp\u00f3lnie przez Rad\u0119 Osiedla Gaj oraz Osiedlowy Klub Seniora pojawili si\u0119 m.in.: Przewodnicz\u0105cy Rady Osiedla Gaj &#8211; Adam Wojtaszewski, przewodnicz\u0105cy Zarz\u0105du Osiedla &#8211; Stefan Zydorowicz, Przedstawiciele i cz\u0142onkowie Klubu Seniora na Gaju, przedstawiciele w\u0142adz miasta, dyrektor Wroc\u0142awskiego Centrum Seniora &#8211; Pan Robert Pawliszko, Przewodnicz\u0105cy Wroc\u0142awskiej Rady Senior\u00f3w &#8211; p.p\u0142k. Jerzy Lesicki oraz przedstawiciele m.in. Zwi\u0105zku Emeryt\u00f3w i Rencist\u00f3w, Zwi\u0105zku \u017bo\u0142nierzy Wojska Polskiego.\u00a0<\/p>\n\n\n\n<p><\/p>\n\n\n\n<p><\/p>\n\n\n\n<figure class=\"wp-block-image size-large\"><img loading=\"lazy\" decoding=\"async\" width=\"1024\" height=\"768\" src=\"http:\/\/www.tvk-gaj.pl\/~gajonline\/wp-content\/uploads\/2019\/11\/IMG_20191115_171447-1024x768.jpg\" alt=\"\" class=\"wp-image-11791\" srcset=\"https:\/\/online.tvk-gaj.pl\/wp-content\/uploads\/2019\/11\/IMG_20191115_171447-1024x768.jpg 1024w, https:\/\/online.tvk-gaj.pl\/wp-content\/uploads\/2019\/11\/IMG_20191115_171447-300x225.jpg 300w, https:\/\/online.tvk-gaj.pl\/wp-content\/uploads\/2019\/11\/IMG_20191115_171447-768x576.jpg 768w, https:\/\/online.tvk-gaj.pl\/wp-content\/uploads\/2019\/11\/IMG_20191115_171447-1536x1152.jpg 1536w, https:\/\/online.tvk-gaj.pl\/wp-content\/uploads\/2019\/11\/IMG_20191115_171447-2048x1536.jpg 2048w\" sizes=\"auto, (max-width: 1024px) 100vw, 1024px\" \/><\/figure>\n\n\n\n<p><\/p>\n\n\n\n<p><\/p>\n\n\n\n<p>Uroczysto\u015b\u0107 wzbogaci\u0142 wyst\u0119p dzieci ze Szko\u0142y Podstawowej Nr 32. Za opraw\u0119 artystyczn\u0105 odpowiada\u0142  Pan Miros\u0142aw Majcherek, kt\u00f3ry poprowadzi\u0142 wsp\u00f3lne \u015bpiewanie pie\u015bni patriotycznych, zwi\u0105zanych z obchodami \u015awi\u0119ta Niepodleg\u0142o\u015bci.<\/p>\n\n\n\n<p><\/p>\n\n\n\n<p><\/p>\n\n\n\n<figure class=\"wp-block-image size-large\"><img loading=\"lazy\" decoding=\"async\" width=\"1024\" height=\"768\" src=\"http:\/\/www.tvk-gaj.pl\/~gajonline\/wp-content\/uploads\/2019\/11\/IMG_20191115_182517-1024x768.jpg\" alt=\"\" class=\"wp-image-11792\" srcset=\"https:\/\/online.tvk-gaj.pl\/wp-content\/uploads\/2019\/11\/IMG_20191115_182517-1024x768.jpg 1024w, https:\/\/online.tvk-gaj.pl\/wp-content\/uploads\/2019\/11\/IMG_20191115_182517-300x225.jpg 300w, https:\/\/online.tvk-gaj.pl\/wp-content\/uploads\/2019\/11\/IMG_20191115_182517-768x576.jpg 768w, https:\/\/online.tvk-gaj.pl\/wp-content\/uploads\/2019\/11\/IMG_20191115_182517-1536x1152.jpg 1536w, https:\/\/online.tvk-gaj.pl\/wp-content\/uploads\/2019\/11\/IMG_20191115_182517-2048x1536.jpg 2048w\" sizes=\"auto, (max-width: 1024px) 100vw, 1024px\" \/><\/figure>\n\n\n\n<p><\/p>\n\n\n\n<p><\/p>\n\n\n\n<p>Zaproszeni go\u015bcie mogli r\u00f3wnie\u017c zobaczy\u0107 wystaw\u0119 zdj\u0119\u0107 z wycieczek senior\u00f3w z Klubem Seniora na Gaju.<\/p>\n\n\n\n<p><\/p>\n\n\n\n<p><\/p>\n\n\n\n<figure class=\"wp-block-image size-large\"><img loading=\"lazy\" decoding=\"async\" width=\"1024\" height=\"768\" src=\"http:\/\/www.tvk-gaj.pl\/~gajonline\/wp-content\/uploads\/2019\/11\/IMG_20191115_183043-1024x768.jpg\" alt=\"\" class=\"wp-image-11793\" srcset=\"https:\/\/online.tvk-gaj.pl\/wp-content\/uploads\/2019\/11\/IMG_20191115_183043-1024x768.jpg 1024w, https:\/\/online.tvk-gaj.pl\/wp-content\/uploads\/2019\/11\/IMG_20191115_183043-300x225.jpg 300w, https:\/\/online.tvk-gaj.pl\/wp-content\/uploads\/2019\/11\/IMG_20191115_183043-768x576.jpg 768w, https:\/\/online.tvk-gaj.pl\/wp-content\/uploads\/2019\/11\/IMG_20191115_183043-1536x1152.jpg 1536w, https:\/\/online.tvk-gaj.pl\/wp-content\/uploads\/2019\/11\/IMG_20191115_183043-2048x1536.jpg 2048w\" sizes=\"auto, (max-width: 1024px) 100vw, 1024px\" \/><\/figure>\n\n\n\n<p><\/p>\n\n\n\n<p><\/p>\n\n\n\n<p><\/p>\n\n\n\n<p>Obchody Dnia Seniora to r\u00f3wnie\u017c doskona\u0142a okazja do wsp\u00f3lnego sp\u0119dzenia czasu, rozm\u00f3w oraz integracji starszych mieszka\u0144c\u00f3w naszego osiedla.<\/p>\n\n\n\n<p><\/p>\n\n\n\n<p><\/p>\n\n\n\n<p><\/p>\n\n\n\n<p><strong>Zapraszamy do naszej fotorelacji z wydarzenia: <\/strong><\/p>\n\n\n\n<p><\/p>\n\n\n\n[ngg src=&#8221;galleries&#8221; ids=&#8221;108&#8243; display=&#8221;basic_thumbnail&#8221; thumbnail_crop=&#8221;0&#8243;]\n\n\n\n<p><\/p>\n\n\n\n<p><\/p>\n","protected":false},"excerpt":{"rendered":"<p>W pi\u0105tek, 15 listopada, na terenie Szko\u0142y Podstawowej Nr 32 przy ul. K\u0142odzkiej odby\u0142y si\u0119 uroczyste obchody Dnia Seniora &#8211; zorganizowane przez Rad\u0119 Osiedla Gaj oraz osiedlowy Klub Seniora. Zapraszamy do naszej fotorelacji z wydarzenia. Uroczyste spotkanie senior\u00f3w z naszego osiedla odby\u0142o si\u0119 jak co roku w po\u0142owie listopada. Pierwszy raz gospodarzem uroczysto\u015bci by\u0142a Dyrektor [&hellip;]<\/p>\n","protected":false},"author":1,"featured_media":11789,"comment_status":"open","ping_status":"open","sticky":false,"template":"","format":"standard","meta":{"footnotes":""},"categories":[14,12,441],"tags":[150,379,112],"class_list":["post-11788","post","type-post","status-publish","format-standard","has-post-thumbnail","hentry","category-aktualnosci","category-artykuly","category-klub","tag-dzien-seniora","tag-dzien-seniora-na-gaju","tag-gaj"],"_links":{"self":[{"href":"https:\/\/online.tvk-gaj.pl\/index.php?rest_route=\/wp\/v2\/posts\/11788","targetHints":{"allow":["GET"]}}],"collection":[{"href":"https:\/\/online.tvk-gaj.pl\/index.php?rest_route=\/wp\/v2\/posts"}],"about":[{"href":"https:\/\/online.tvk-gaj.pl\/index.php?rest_route=\/wp\/v2\/types\/post"}],"author":[{"embeddable":true,"href":"https:\/\/online.tvk-gaj.pl\/index.php?rest_route=\/wp\/v2\/users\/1"}],"replies":[{"embeddable":true,"href":"https:\/\/online.tvk-gaj.pl\/index.php?rest_route=%2Fwp%2Fv2%2Fcomments&post=11788"}],"version-history":[{"count":2,"href":"https:\/\/online.tvk-gaj.pl\/index.php?rest_route=\/wp\/v2\/posts\/11788\/revisions"}],"predecessor-version":[{"id":11795,"href":"https:\/\/online.tvk-gaj.pl\/index.php?rest_route=\/wp\/v2\/posts\/11788\/revisions\/11795"}],"wp:featuredmedia":[{"embeddable":true,"href":"https:\/\/online.tvk-gaj.pl\/index.php?rest_route=\/wp\/v2\/media\/11789"}],"wp:attachment":[{"href":"https:\/\/online.tvk-gaj.pl\/index.php?rest_route=%2Fwp%2Fv2%2Fmedia&parent=11788"}],"wp:term":[{"taxonomy":"category","embeddable":true,"href":"https:\/\/online.tvk-gaj.pl\/index.php?rest_route=%2Fwp%2Fv2%2Fcategories&post=11788"},{"taxonomy":"post_tag","embeddable":true,"href":"https:\/\/online.tvk-gaj.pl\/index.php?rest_route=%2Fwp%2Fv2%2Ftags&post=11788"}],"curies":[{"name":"wp","href":"https:\/\/api.w.org\/{rel}","templated":true}]}}