{"id":11808,"date":"2019-12-18T21:23:07","date_gmt":"2019-12-18T20:23:07","guid":{"rendered":"http:\/\/www.tvk-gaj.pl\/~gajonline\/?p=11808"},"modified":"2019-12-18T21:25:37","modified_gmt":"2019-12-18T20:25:37","slug":"wigilia-pelna-ciepla","status":"publish","type":"post","link":"https:\/\/online.tvk-gaj.pl\/?p=11808","title":{"rendered":"Wigilia pe\u0142na ciep\u0142a"},"content":{"rendered":"\n<p>Rada Osiedla Gaj wspiera wydarzenie &#8222;Wigilia pe\u0142na ciep\u0142a&#8221;, czyli wigili\u0119 dla os\u00f3b samotnych we Wroc\u0142awiu, kt\u00f3ra po raz drugi odb\u0119dzie si\u0119 we Wroc\u0142awiu w wigili\u0119 \u015awi\u0105t Bo\u017cego Narodzenia, 24 grudnia 2019r. w zajezdni D\u0119bie przy ul. Tramwajowej 1-3. <\/p>\n\n\n\n<p><\/p>\n\n\n\n<p><\/p>\n\n\n\n<figure class=\"wp-block-image size-large\"><img loading=\"lazy\" decoding=\"async\" width=\"621\" height=\"868\" src=\"http:\/\/www.tvk-gaj.pl\/~gajonline\/wp-content\/uploads\/2019\/12\/Wigilia_Pelna_Ciepla_2019.jpg\" alt=\"\" class=\"wp-image-11810\" srcset=\"https:\/\/online.tvk-gaj.pl\/wp-content\/uploads\/2019\/12\/Wigilia_Pelna_Ciepla_2019.jpg 621w, https:\/\/online.tvk-gaj.pl\/wp-content\/uploads\/2019\/12\/Wigilia_Pelna_Ciepla_2019-215x300.jpg 215w\" sizes=\"auto, (max-width: 621px) 100vw, 621px\" \/><\/figure>\n\n\n\n<p><\/p>\n\n\n\n<p><\/p>\n\n\n\n<p>Fundacja &#8222;Wolne Miejsce&#8221; drugi rok z rz\u0119du b\u0119dzie we Wroc\u0142awiu organizowa\u0107 <strong>Wigili\u0119 dla samotnych<\/strong> &#8211; dla ka\u017cdego, kt\u00f3ry z przyczyn losowych b\u0119dzie zmuszony sp\u0119dza\u0107 najbli\u017csze \u015bwi\u0119ta samotnie (np. samotnie mieszkaj\u0105ce starsze osoby, przyjezdnych &#8211; b\u0119d\u0105cych w te dni z dala od swoich bliskich, nie wyje\u017cd\u017caj\u0105cych z miasta student\u00f3w, innych os\u00f3b samotnie \u017cyj\u0105cych w naszym mie\u015bcie, tak\u017ce os\u00f3b bezdomnych).<\/p>\n\n\n\n<p>Wigilia odb\u0119dzie si\u0119 24 grudnia o godzinie 1 4:00 w zajezdni D\u0105bie przy ul. Tramwajowej 1-3 we Wroc\u0142awiu. <\/p>\n\n\n\n<p>Wydarzenie obj\u0119te jest honorowym patronatem Prezydenta Miasta Wroc\u0142awia. <\/p>\n\n\n\n<p><\/p>\n\n\n\n<p><\/p>\n\n\n\n<p>Rada Osiedla Gaj wspiera inicjatyw\u0119. <\/p>\n\n\n\n<p><\/p>\n\n\n\n<p><\/p>\n","protected":false},"excerpt":{"rendered":"<p>Rada Osiedla Gaj wspiera wydarzenie &#8222;Wigilia pe\u0142na ciep\u0142a&#8221;, czyli wigili\u0119 dla os\u00f3b samotnych we Wroc\u0142awiu, kt\u00f3ra po raz drugi odb\u0119dzie si\u0119 we Wroc\u0142awiu w wigili\u0119 \u015awi\u0105t Bo\u017cego Narodzenia, 24 grudnia 2019r. w zajezdni D\u0119bie przy ul. Tramwajowej 1-3. Fundacja &#8222;Wolne Miejsce&#8221; drugi rok z rz\u0119du b\u0119dzie we Wroc\u0142awiu organizowa\u0107 Wigili\u0119 dla samotnych &#8211; dla ka\u017cdego, [&hellip;]<\/p>\n","protected":false},"author":1,"featured_media":11809,"comment_status":"open","ping_status":"open","sticky":false,"template":"","format":"standard","meta":{"footnotes":""},"categories":[14],"tags":[659,1247],"class_list":["post-11808","post","type-post","status-publish","format-standard","has-post-thumbnail","hentry","category-aktualnosci","tag-akcja-charytatywna","tag-wigilia-pelna-ciepla"],"_links":{"self":[{"href":"https:\/\/online.tvk-gaj.pl\/index.php?rest_route=\/wp\/v2\/posts\/11808","targetHints":{"allow":["GET"]}}],"collection":[{"href":"https:\/\/online.tvk-gaj.pl\/index.php?rest_route=\/wp\/v2\/posts"}],"about":[{"href":"https:\/\/online.tvk-gaj.pl\/index.php?rest_route=\/wp\/v2\/types\/post"}],"author":[{"embeddable":true,"href":"https:\/\/online.tvk-gaj.pl\/index.php?rest_route=\/wp\/v2\/users\/1"}],"replies":[{"embeddable":true,"href":"https:\/\/online.tvk-gaj.pl\/index.php?rest_route=%2Fwp%2Fv2%2Fcomments&post=11808"}],"version-history":[{"count":3,"href":"https:\/\/online.tvk-gaj.pl\/index.php?rest_route=\/wp\/v2\/posts\/11808\/revisions"}],"predecessor-version":[{"id":11813,"href":"https:\/\/online.tvk-gaj.pl\/index.php?rest_route=\/wp\/v2\/posts\/11808\/revisions\/11813"}],"wp:featuredmedia":[{"embeddable":true,"href":"https:\/\/online.tvk-gaj.pl\/index.php?rest_route=\/wp\/v2\/media\/11809"}],"wp:attachment":[{"href":"https:\/\/online.tvk-gaj.pl\/index.php?rest_route=%2Fwp%2Fv2%2Fmedia&parent=11808"}],"wp:term":[{"taxonomy":"category","embeddable":true,"href":"https:\/\/online.tvk-gaj.pl\/index.php?rest_route=%2Fwp%2Fv2%2Fcategories&post=11808"},{"taxonomy":"post_tag","embeddable":true,"href":"https:\/\/online.tvk-gaj.pl\/index.php?rest_route=%2Fwp%2Fv2%2Ftags&post=11808"}],"curies":[{"name":"wp","href":"https:\/\/api.w.org\/{rel}","templated":true}]}}