{"id":11814,"date":"2019-12-20T22:30:12","date_gmt":"2019-12-20T21:30:12","guid":{"rendered":"http:\/\/www.tvk-gaj.pl\/~gajonline\/?p=11814"},"modified":"2020-01-06T13:59:00","modified_gmt":"2020-01-06T12:59:00","slug":"swiateczne-zyczenia-od-rady-osiedla-gaj-2","status":"publish","type":"post","link":"https:\/\/online.tvk-gaj.pl\/?p=11814","title":{"rendered":"\u015awi\u0105teczne \u017cyczenia od Rady Osiedla Gaj"},"content":{"rendered":"\n<p>\u017byczenia zdrowych, pe\u0142nych mi\u0142o\u015bci, spokoju i rodzinnego ciep\u0142a \u015awi\u0105t Bo\u017cego Narodzenia oraz pomy\u015blno\u015bci i samych sukces\u00f3w w nadchodz\u0105cym Nowym Roku &#8211; \u017cycz\u0105 Radni Osiedla Gaj oraz redakcja GajOnline.<\/p>\n\n\n\n<p><\/p>\n\n\n\n<figure class=\"wp-block-image size-large\"><img loading=\"lazy\" decoding=\"async\" width=\"724\" height=\"1024\" src=\"http:\/\/www.tvk-gaj.pl\/~gajonline\/wp-content\/uploads\/2019\/12\/WESO\u0141YCH-S\u0301WIA\u0328T-724x1024.png\" alt=\"\" class=\"wp-image-11815\" srcset=\"https:\/\/online.tvk-gaj.pl\/wp-content\/uploads\/2019\/12\/WESO\u0141YCH-S\u0301WIA\u0328T-724x1024.png 724w, https:\/\/online.tvk-gaj.pl\/wp-content\/uploads\/2019\/12\/WESO\u0141YCH-S\u0301WIA\u0328T-212x300.png 212w, https:\/\/online.tvk-gaj.pl\/wp-content\/uploads\/2019\/12\/WESO\u0141YCH-S\u0301WIA\u0328T-768x1086.png 768w, https:\/\/online.tvk-gaj.pl\/wp-content\/uploads\/2019\/12\/WESO\u0141YCH-S\u0301WIA\u0328T-1086x1536.png 1086w, https:\/\/online.tvk-gaj.pl\/wp-content\/uploads\/2019\/12\/WESO\u0141YCH-S\u0301WIA\u0328T-1448x2048.png 1448w, https:\/\/online.tvk-gaj.pl\/wp-content\/uploads\/2019\/12\/WESO\u0141YCH-S\u0301WIA\u0328T.png 1587w\" sizes=\"auto, (max-width: 724px) 100vw, 724px\" \/><\/figure>\n\n\n\n<p><\/p>\n\n\n\n<p><\/p>\n\n\n\n<p>Z okazji nadchodz\u0105cych \u015awi\u0105t Narodzenia Pa\u0144skiego&nbsp;oraz zbli\u017caj\u0105cego si\u0119 wielkimi krokami nowego \u2013 2020 roku, chcieliby\u015bmy w imieniu GajOnline oraz Rady Osiedla GAJ z\u0142o\u017cy\u0107 wszystkim naszym Czytelnikom, Sympatykom oraz&nbsp;Mieszka\u0144com Osiedla najszczersze \u017cyczenia zdrowych, pogodnych i radosnych \u015awi\u0105t Bo\u017cego Narodzenia oraz pe\u0142nego pomy\u015blno\u015bci Nowego Roku!<\/p>\n\n\n\n<div class=\"wp-block-image\"><figure class=\"aligncenter\"><a href=\"http:\/\/www.tvk-gaj.pl\/~gajonline\/wp-content\/uploads\/2012\/12\/choinka.gif\"><img loading=\"lazy\" decoding=\"async\" width=\"189\" height=\"234\" src=\"http:\/\/www.tvk-gaj.pl\/~gajonline\/wp-content\/uploads\/2012\/12\/choinka.gif\" alt=\"\" class=\"wp-image-513\"\/><\/a><\/figure><\/div>\n\n\n\n<p><\/p>\n\n\n\n<p><\/p>\n\n\n\n<p>Rada Osiedla Gaj &amp; Redakcja GajOnline<\/p>\n\n\n\n<p><\/p>\n\n\n\n<p><\/p>\n","protected":false},"excerpt":{"rendered":"<p>\u017byczenia zdrowych, pe\u0142nych mi\u0142o\u015bci, spokoju i rodzinnego ciep\u0142a \u015awi\u0105t Bo\u017cego Narodzenia oraz pomy\u015blno\u015bci i samych sukces\u00f3w w nadchodz\u0105cym Nowym Roku &#8211; \u017cycz\u0105 Radni Osiedla Gaj oraz redakcja GajOnline. Z okazji nadchodz\u0105cych \u015awi\u0105t Narodzenia Pa\u0144skiego&nbsp;oraz zbli\u017caj\u0105cego si\u0119 wielkimi krokami nowego \u2013 2020 roku, chcieliby\u015bmy w imieniu GajOnline oraz Rady Osiedla GAJ z\u0142o\u017cy\u0107 wszystkim naszym Czytelnikom, Sympatykom [&hellip;]<\/p>\n","protected":false},"author":1,"featured_media":10804,"comment_status":"open","ping_status":"open","sticky":false,"template":"","format":"standard","meta":{"footnotes":""},"categories":[14],"tags":[135,581,257],"class_list":["post-11814","post","type-post","status-publish","format-standard","has-post-thumbnail","hentry","category-aktualnosci","tag-rada-osiedla-gaj","tag-swieta-bozego-narodzenia","tag-zyczenia"],"_links":{"self":[{"href":"https:\/\/online.tvk-gaj.pl\/index.php?rest_route=\/wp\/v2\/posts\/11814","targetHints":{"allow":["GET"]}}],"collection":[{"href":"https:\/\/online.tvk-gaj.pl\/index.php?rest_route=\/wp\/v2\/posts"}],"about":[{"href":"https:\/\/online.tvk-gaj.pl\/index.php?rest_route=\/wp\/v2\/types\/post"}],"author":[{"embeddable":true,"href":"https:\/\/online.tvk-gaj.pl\/index.php?rest_route=\/wp\/v2\/users\/1"}],"replies":[{"embeddable":true,"href":"https:\/\/online.tvk-gaj.pl\/index.php?rest_route=%2Fwp%2Fv2%2Fcomments&post=11814"}],"version-history":[{"count":3,"href":"https:\/\/online.tvk-gaj.pl\/index.php?rest_route=\/wp\/v2\/posts\/11814\/revisions"}],"predecessor-version":[{"id":11825,"href":"https:\/\/online.tvk-gaj.pl\/index.php?rest_route=\/wp\/v2\/posts\/11814\/revisions\/11825"}],"wp:featuredmedia":[{"embeddable":true,"href":"https:\/\/online.tvk-gaj.pl\/index.php?rest_route=\/wp\/v2\/media\/10804"}],"wp:attachment":[{"href":"https:\/\/online.tvk-gaj.pl\/index.php?rest_route=%2Fwp%2Fv2%2Fmedia&parent=11814"}],"wp:term":[{"taxonomy":"category","embeddable":true,"href":"https:\/\/online.tvk-gaj.pl\/index.php?rest_route=%2Fwp%2Fv2%2Fcategories&post=11814"},{"taxonomy":"post_tag","embeddable":true,"href":"https:\/\/online.tvk-gaj.pl\/index.php?rest_route=%2Fwp%2Fv2%2Ftags&post=11814"}],"curies":[{"name":"wp","href":"https:\/\/api.w.org\/{rel}","templated":true}]}}