{"id":11823,"date":"2020-01-06T14:08:01","date_gmt":"2020-01-06T13:08:01","guid":{"rendered":"http:\/\/www.tvk-gaj.pl\/~gajonline\/?p=11823"},"modified":"2020-01-06T14:08:51","modified_gmt":"2020-01-06T13:08:51","slug":"zielona-sciana-wyrosla-na-swieradowskiej","status":"publish","type":"post","link":"https:\/\/online.tvk-gaj.pl\/?p=11823","title":{"rendered":"&#8222;Zielona \u015bciana&#8221; wyros\u0142a na \u015awieradowskiej"},"content":{"rendered":"\n<p>Wzd\u0142u\u017c ulicy \u015awieradowskiej wyros\u0142a &#8222;zielona \u015bciana na Gaju&#8221;, czyli nowy mini park powsta\u0142y dzi\u0119ki zwyci\u0119skiemu projektowi Wroc\u0142awskiego Bud\u017cetu Obywatelskiego.<\/p>\n\n\n\n<p><\/p>\n\n\n\n<p>Zgodnie z planem miasto pod koniec 2019r. zako\u0144czy\u0142o realizacj\u0119 projektu Nr 456 &#8211; &#8222;Zielona \u015aciana osiedla Gaj&#8221;, kt\u00f3ry zosta\u0142 wybrany przez mieszka\u0144c\u00f3w rejonu w 2017r. <\/p>\n\n\n\n<p><\/p>\n\n\n\n<figure class=\"wp-block-image size-large\"><img loading=\"lazy\" decoding=\"async\" width=\"768\" height=\"1024\" src=\"http:\/\/www.tvk-gaj.pl\/~gajonline\/wp-content\/uploads\/2020\/01\/IMG_20191230_121348-768x1024.jpg\" alt=\"\" class=\"wp-image-11827\" srcset=\"https:\/\/online.tvk-gaj.pl\/wp-content\/uploads\/2020\/01\/IMG_20191230_121348-768x1024.jpg 768w, https:\/\/online.tvk-gaj.pl\/wp-content\/uploads\/2020\/01\/IMG_20191230_121348-225x300.jpg 225w, https:\/\/online.tvk-gaj.pl\/wp-content\/uploads\/2020\/01\/IMG_20191230_121348-1152x1536.jpg 1152w, https:\/\/online.tvk-gaj.pl\/wp-content\/uploads\/2020\/01\/IMG_20191230_121348-1536x2048.jpg 1536w, https:\/\/online.tvk-gaj.pl\/wp-content\/uploads\/2020\/01\/IMG_20191230_121348-scaled.jpg 1920w\" sizes=\"auto, (max-width: 768px) 100vw, 768px\" \/><\/figure>\n\n\n\n<p><\/p>\n\n\n\n<p>&#8222;Zielona \u015bciana&#8221; ma ok 180m d\u0142ugo\u015bci oraz ok 30m szeroko\u015bci i zlokalizowana jest wzd\u0142u\u017c ulicy \u015awieradowskiej pomi\u0119dzy ulicami Krynick\u0105 a Orzechow\u0105.<\/p>\n\n\n\n<p><\/p>\n\n\n\n<figure class=\"wp-block-image size-large\"><img loading=\"lazy\" decoding=\"async\" width=\"1024\" height=\"768\" src=\"http:\/\/www.tvk-gaj.pl\/~gajonline\/wp-content\/uploads\/2020\/01\/IMG_20191230_121314-1024x768.jpg\" alt=\"\" class=\"wp-image-11826\" srcset=\"https:\/\/online.tvk-gaj.pl\/wp-content\/uploads\/2020\/01\/IMG_20191230_121314-1024x768.jpg 1024w, https:\/\/online.tvk-gaj.pl\/wp-content\/uploads\/2020\/01\/IMG_20191230_121314-300x225.jpg 300w, https:\/\/online.tvk-gaj.pl\/wp-content\/uploads\/2020\/01\/IMG_20191230_121314-768x576.jpg 768w, https:\/\/online.tvk-gaj.pl\/wp-content\/uploads\/2020\/01\/IMG_20191230_121314-1536x1152.jpg 1536w, https:\/\/online.tvk-gaj.pl\/wp-content\/uploads\/2020\/01\/IMG_20191230_121314-2048x1536.jpg 2048w\" sizes=\"auto, (max-width: 1024px) 100vw, 1024px\" \/><\/figure>\n\n\n\n<p><\/p>\n\n\n\n<p>Ide\u0105 projektu jest rewitalizacja terenu oraz funkcja naturalnego poch\u0142aniacza ha\u0142asu i zanieczyszcze\u0144 powietrza. Ponadto ro\u015blinno\u015b\u0107 zapewnia odrobin\u0119 ch\u0142odu w upalne dni, natomiast przy intensywnych opadach absorbuje nadmiar wody.<\/p>\n\n\n\n<p><\/p>\n\n\n\n<figure class=\"wp-block-image size-large\"><img loading=\"lazy\" decoding=\"async\" width=\"1024\" height=\"768\" src=\"http:\/\/www.tvk-gaj.pl\/~gajonline\/wp-content\/uploads\/2020\/01\/IMG_20191230_121411-1024x768.jpg\" alt=\"\" class=\"wp-image-11828\" srcset=\"https:\/\/online.tvk-gaj.pl\/wp-content\/uploads\/2020\/01\/IMG_20191230_121411-1024x768.jpg 1024w, https:\/\/online.tvk-gaj.pl\/wp-content\/uploads\/2020\/01\/IMG_20191230_121411-300x225.jpg 300w, https:\/\/online.tvk-gaj.pl\/wp-content\/uploads\/2020\/01\/IMG_20191230_121411-768x576.jpg 768w, https:\/\/online.tvk-gaj.pl\/wp-content\/uploads\/2020\/01\/IMG_20191230_121411-1536x1152.jpg 1536w, https:\/\/online.tvk-gaj.pl\/wp-content\/uploads\/2020\/01\/IMG_20191230_121411-2048x1536.jpg 2048w\" sizes=\"auto, (max-width: 1024px) 100vw, 1024px\" \/><\/figure>\n\n\n\n<p><\/p>\n\n\n\n<p>Wykonawca projektu obj\u0105\u0142 go 3 letni\u0105 gwarancj\u0105.<\/p>\n\n\n\n<p><\/p>\n\n\n\n<figure class=\"wp-block-image size-large\"><img loading=\"lazy\" decoding=\"async\" width=\"1024\" height=\"768\" src=\"http:\/\/www.tvk-gaj.pl\/~gajonline\/wp-content\/uploads\/2020\/01\/IMG_20191230_121535-1024x768.jpg\" alt=\"\" class=\"wp-image-11830\" srcset=\"https:\/\/online.tvk-gaj.pl\/wp-content\/uploads\/2020\/01\/IMG_20191230_121535-1024x768.jpg 1024w, https:\/\/online.tvk-gaj.pl\/wp-content\/uploads\/2020\/01\/IMG_20191230_121535-300x225.jpg 300w, https:\/\/online.tvk-gaj.pl\/wp-content\/uploads\/2020\/01\/IMG_20191230_121535-768x576.jpg 768w, https:\/\/online.tvk-gaj.pl\/wp-content\/uploads\/2020\/01\/IMG_20191230_121535-1536x1152.jpg 1536w, https:\/\/online.tvk-gaj.pl\/wp-content\/uploads\/2020\/01\/IMG_20191230_121535-2048x1536.jpg 2048w\" sizes=\"auto, (max-width: 1024px) 100vw, 1024px\" \/><\/figure>\n\n\n\n<p><\/p>\n\n\n\n<p>Planowana ziele\u0144 obejmuje r\u00f3\u017cnorodne gatunki ro\u015blin \u2013 m.in. per\u0142owca japo\u0144skiego, tulipanowca ameryka\u0144skiego, a tak\u017ce utworzenie rosarium i \u0142\u0105ki kwietnej.<\/p>\n\n\n\n<p><\/p>\n\n\n\n<figure class=\"wp-block-image size-large\"><img loading=\"lazy\" decoding=\"async\" width=\"1024\" height=\"768\" src=\"http:\/\/www.tvk-gaj.pl\/~gajonline\/wp-content\/uploads\/2020\/01\/IMG_20191230_121638-1024x768.jpg\" alt=\"\" class=\"wp-image-11829\" srcset=\"https:\/\/online.tvk-gaj.pl\/wp-content\/uploads\/2020\/01\/IMG_20191230_121638-1024x768.jpg 1024w, https:\/\/online.tvk-gaj.pl\/wp-content\/uploads\/2020\/01\/IMG_20191230_121638-300x225.jpg 300w, https:\/\/online.tvk-gaj.pl\/wp-content\/uploads\/2020\/01\/IMG_20191230_121638-768x576.jpg 768w, https:\/\/online.tvk-gaj.pl\/wp-content\/uploads\/2020\/01\/IMG_20191230_121638-1536x1152.jpg 1536w, https:\/\/online.tvk-gaj.pl\/wp-content\/uploads\/2020\/01\/IMG_20191230_121638-2048x1536.jpg 2048w\" sizes=\"auto, (max-width: 1024px) 100vw, 1024px\" \/><\/figure>\n\n\n\n<p><\/p>\n\n\n\n<p><\/p>\n\n\n\n<p>Autorowi projektu gratulujemy, a mieszka\u0144com \u017cyczymy samych dobrych chwil w nowej enklawie zieleni na naszym Osiedlu.<\/p>\n\n\n\n<p><\/p>\n\n\n\n<p>Rada Osiedla Gaj wspiera\u0142a projekt w g\u0142osowaniu do WBO.<\/p>\n\n\n\n<p><\/p>\n\n\n\n<p><\/p>\n\n\n\n<p><\/p>\n","protected":false},"excerpt":{"rendered":"<p>Wzd\u0142u\u017c ulicy \u015awieradowskiej wyros\u0142a &#8222;zielona \u015bciana na Gaju&#8221;, czyli nowy mini park powsta\u0142y dzi\u0119ki zwyci\u0119skiemu projektowi Wroc\u0142awskiego Bud\u017cetu Obywatelskiego. Zgodnie z planem miasto pod koniec 2019r. zako\u0144czy\u0142o realizacj\u0119 projektu Nr 456 &#8211; &#8222;Zielona \u015aciana osiedla Gaj&#8221;, kt\u00f3ry zosta\u0142 wybrany przez mieszka\u0144c\u00f3w rejonu w 2017r. &#8222;Zielona \u015bciana&#8221; ma ok 180m d\u0142ugo\u015bci oraz ok 30m szeroko\u015bci i [&hellip;]<\/p>\n","protected":false},"author":1,"featured_media":11824,"comment_status":"open","ping_status":"open","sticky":false,"template":"","format":"standard","meta":{"footnotes":""},"categories":[14,12],"tags":[112,117,864,275,344,1191],"class_list":["post-11823","post","type-post","status-publish","format-standard","has-post-thumbnail","hentry","category-aktualnosci","category-artykuly","tag-gaj","tag-swieradowska","tag-ulica","tag-wbo","tag-wroclawski-budzet-obywatelski","tag-zielona-sciana"],"_links":{"self":[{"href":"https:\/\/online.tvk-gaj.pl\/index.php?rest_route=\/wp\/v2\/posts\/11823","targetHints":{"allow":["GET"]}}],"collection":[{"href":"https:\/\/online.tvk-gaj.pl\/index.php?rest_route=\/wp\/v2\/posts"}],"about":[{"href":"https:\/\/online.tvk-gaj.pl\/index.php?rest_route=\/wp\/v2\/types\/post"}],"author":[{"embeddable":true,"href":"https:\/\/online.tvk-gaj.pl\/index.php?rest_route=\/wp\/v2\/users\/1"}],"replies":[{"embeddable":true,"href":"https:\/\/online.tvk-gaj.pl\/index.php?rest_route=%2Fwp%2Fv2%2Fcomments&post=11823"}],"version-history":[{"count":2,"href":"https:\/\/online.tvk-gaj.pl\/index.php?rest_route=\/wp\/v2\/posts\/11823\/revisions"}],"predecessor-version":[{"id":11832,"href":"https:\/\/online.tvk-gaj.pl\/index.php?rest_route=\/wp\/v2\/posts\/11823\/revisions\/11832"}],"wp:featuredmedia":[{"embeddable":true,"href":"https:\/\/online.tvk-gaj.pl\/index.php?rest_route=\/wp\/v2\/media\/11824"}],"wp:attachment":[{"href":"https:\/\/online.tvk-gaj.pl\/index.php?rest_route=%2Fwp%2Fv2%2Fmedia&parent=11823"}],"wp:term":[{"taxonomy":"category","embeddable":true,"href":"https:\/\/online.tvk-gaj.pl\/index.php?rest_route=%2Fwp%2Fv2%2Fcategories&post=11823"},{"taxonomy":"post_tag","embeddable":true,"href":"https:\/\/online.tvk-gaj.pl\/index.php?rest_route=%2Fwp%2Fv2%2Ftags&post=11823"}],"curies":[{"name":"wp","href":"https:\/\/api.w.org\/{rel}","templated":true}]}}