{"id":11847,"date":"2020-01-24T21:55:49","date_gmt":"2020-01-24T20:55:49","guid":{"rendered":"http:\/\/www.tvk-gaj.pl\/~gajonline\/?p=11847"},"modified":"2020-01-25T16:00:15","modified_gmt":"2020-01-25T15:00:15","slug":"spotkanie-noworoczne-na-gaju","status":"publish","type":"post","link":"https:\/\/online.tvk-gaj.pl\/?p=11847","title":{"rendered":"Spotkanie noworoczne na Gaju"},"content":{"rendered":"\n<p>W czwartek, 23 stycznia, w budynku Szko\u0142y Podstawowej Nr 90 przy ul. Orzechowej odby\u0142o si\u0119 uroczyste spotkanie noworoczne z Prezydentem Wroc\u0142awia oraz przyjaci\u00f3\u0142mi i sponsorami Rady Osiedla Gaj.<\/p>\n\n\n\n<p><\/p>\n\n\n\n<figure class=\"wp-block-image size-large\"><img loading=\"lazy\" decoding=\"async\" width=\"1024\" height=\"768\" src=\"http:\/\/www.tvk-gaj.pl\/~gajonline\/wp-content\/uploads\/2020\/01\/IMG_20200123_173246-1024x768.jpg\" alt=\"\" class=\"wp-image-11891\" srcset=\"https:\/\/online.tvk-gaj.pl\/wp-content\/uploads\/2020\/01\/IMG_20200123_173246-1024x768.jpg 1024w, https:\/\/online.tvk-gaj.pl\/wp-content\/uploads\/2020\/01\/IMG_20200123_173246-300x225.jpg 300w, https:\/\/online.tvk-gaj.pl\/wp-content\/uploads\/2020\/01\/IMG_20200123_173246-768x576.jpg 768w, https:\/\/online.tvk-gaj.pl\/wp-content\/uploads\/2020\/01\/IMG_20200123_173246-1536x1152.jpg 1536w, https:\/\/online.tvk-gaj.pl\/wp-content\/uploads\/2020\/01\/IMG_20200123_173246-2048x1536.jpg 2048w\" sizes=\"auto, (max-width: 1024px) 100vw, 1024px\" \/><\/figure>\n\n\n\n<p><\/p>\n\n\n\n<p><\/p>\n\n\n\n<p><strong>Na spotkaniu pojawili si\u0119 m.in.:<\/strong><\/p>\n\n\n\n<p><\/p>\n\n\n\n<p><\/p>\n\n\n\n<figure class=\"wp-block-table\"><table class=\"\"><tbody><tr><td>\n  Lp\n  <\/td><td>\n  Organizacja \n  <\/td><td>\n  Imi\u0119 i Nazwisko\n  <\/td><td>\n  Funkcja\n  <\/td><\/tr><tr><td>\n  1\n  <\/td><td>\n  Prezydent Wroc\u0142awia\n  <\/td><td>\n  Jacek Sutryk\n  <\/td><td>\n  Prezydent\n  <\/td><\/tr><tr><td>\n  2\n  <\/td><td>\n  Asystentka Prezydenta\n  <\/td><td>\n  Izabela Pieni\u0105\u017cczak\n  <\/td><td>\n  Dyrektor\n  <\/td><\/tr><tr><td>\n  3\n  <\/td><td>\n  Przedszkole nr 49\n  <\/td><td>\n  Izabela Chmiel\n  <\/td><td>\n  Dyrektor\n  <\/td><\/tr><tr><td>\n  4\n  <\/td><td>\n  Przedszkole nr 32\n  <\/td><td>\n  Ewa Paszkowska\n  <\/td><td>\n  Wicedyrektor\n  <\/td><\/tr><tr><td>\n  5\n  <\/td><td>\n  Przedszkole nr 92\n  <\/td><td>\n  Mariola Butkiewicz\n  <\/td><td>\n  Dyrektor\n  <\/td><\/tr><tr><td>\n  6\n  <\/td><td>\n  Szko\u0142a Podstawowa nr 32\n  <\/td><td>\n  Edyta Krajewska \n  <\/td><td>\n  Dyrektor\n  <\/td><\/tr><tr><td>\n  7\n  <\/td><td>\n  Szko\u0142a Podstawowa nr 90\n  <\/td><td>\n  Joanna Sinicka\n  <\/td><td>\n  Dyrektor\n  <\/td><\/tr><tr><td>\n  8\n  <\/td><td>\n  CH Gaj\n  <\/td><td>\n  Wojciech Kobierski\n  <\/td><td>\n  Prezes\n  <\/td><\/tr><tr><td>\n  9\n  <\/td><td>\n  CH Gaj\n  <\/td><td>\n  Maksymilian Mycek\n  <\/td><td>\n  Wiceprezes\n  <\/td><\/tr><tr><td>\n  10\n  <\/td><td>\n  Drukarnia Osiedlowa\n  <\/td><td>\n  Igor Moj\u017ceszowicz\n  <\/td><td>\n  W\u0142a\u015bciciel\n  <\/td><\/tr><tr><td>\n  11\n  <\/td><td>\n  Strony WWW\n  <\/td><td>\n  Przemys\u0142aw Sowiecki\n  <\/td><td>\n  W\u0142a\u015bciciel\n  <\/td><\/tr><tr><td>\n  12\n  <\/td><td>\n  MOPS\n  <\/td><td>\n  Violleta Ogrodowicz\n  <\/td><td>\n  Specjalista\n  <\/td><\/tr><tr><td>\n  13\n  <\/td><td>\n  MOPS\n  <\/td><td>\n  Monika Witczak- Szyma\u0144ska\n  <\/td><td>\n  Specjalista\n  <\/td><\/tr><tr><td>\n  14\n  <\/td><td>\n  Zak\u0142ad Elektroniczny TATAREK\n  <\/td><td>\n  Jerzy Tatarek\n  <\/td><td>\n  Prezes\n  <\/td><\/tr><tr><td>\n  15\n  <\/td><td>\n  Fabryka Ideii\n  <\/td><td>\n  Marcin Sztasiak\n  <\/td><td>\n  Specjalista\n  <\/td><\/tr><tr><td>\n  16\n  <\/td><td>\n  Rada Miejska Wroc\u0142awia\n  <\/td><td>\n  Agnieszka Rybczak\n  <\/td><td>\n  Radna\n  <\/td><\/tr><tr><td>\n  17\n  <\/td><td>\n  UKS Silesia Wroc\u0142aw Gaj\n  <\/td><td>\n  Ryszard Brzoza\n  <\/td><td>\n  Sekretarz\n  <\/td><\/tr><tr><td>\n  18\n  <\/td><td>\n  Z\u017bWP ko\u0142o Gaj\n  <\/td><td>\n  Kazimierz Zagrodnik\n  <\/td><td>\n  Sekretarz\n  <\/td><\/tr><tr><td>\n  19\n  <\/td><td>\n  PZER i I RP\n  <\/td><td>\n  Urszula Musia\u0142\n  <\/td><td>\n  Przewodnicz\u0105ca\n  <\/td><\/tr><tr><td>\n  20\n  <\/td><td>\n  PZER i I RP\n  <\/td><td>\n  Bogumi\u0142a Czerwi\u0144ska\n  <\/td><td>\n  Cz\u0142onek\n  <\/td><\/tr><tr><td>\n  21\n  <\/td><td>\n  APIA\n  <\/td><td>\n  Miros\u0142aw Majcherek\n  <\/td><td>\n  W\u0142a\u015bciciel\n  <\/td><\/tr><tr><td>\n  22\n  <\/td><td>\n  AGA\n  <\/td><td>\n  Ryszard Konopka\n  <\/td><td>\n  W\u0142a\u015bciciel\n  <\/td><\/tr><tr><td>\n  23\n  <\/td><td>\n  Radny\n  <\/td><td>\n  Marian Badziak \n  <\/td><td>\n  Radny\n  <\/td><\/tr><tr><td>\n  24\n  <\/td><td>\n  Klub Sportowy Respekt\n  <\/td><td>\n  Wojciech Ma\u0142ek\n  <\/td><td>\n  Sekretarz\n  <\/td><\/tr><tr><td>\n  25\n  <\/td><td>\n  Przewodnicz\u0105cy Rady Osiedla \n  <\/td><td>\n  Adam Wojtaszewski\n  <\/td><td>\n  Przewodnicz\u0105cy\n  <\/td><\/tr><tr><td>\n  26\n  <\/td><td>\n  Wiceprzewodnicz\u0105ca Rady\n  <\/td><td>\n  Zofia Michalska\n  <\/td><td>\n  Wiceprzewodnicz\u0105ca\n  <\/td><\/tr><tr><td>\n  27\n  <\/td><td>\n  Przewodnicz\u0105cy Zarz\u0105du Osiedla\n  <\/td><td>\n  Stefan Zydorowicz\n  <\/td><td>\n  Przewodniczacy\n  <\/td><\/tr><tr><td>\n  28\n  <\/td><td>\n  Wiceprzewodnicz\u0105cy Zarz\u0105du Osiedla\n  <\/td><td>\n  Wojciech Kurzyjamski\n  <\/td><td>\n  Wieceprzewodniczacy\n  <\/td><\/tr><tr><td>\n  29\n  <\/td><td>\n  Sekretarz Rady\n  <\/td><td>\n  Jolanta Wybieralska\n  <\/td><td>\n  Radna\n  <\/td><\/tr><tr><td>\n  30\n  <\/td><td>\n  Radny\n  <\/td><td>\n  Piotr Nawrotek\n  <\/td><td>\n  Radny\n  <\/td><\/tr><tr><td>\n  31\n  <\/td><td>\n  Radny \n  <\/td><td>\n  Adam Chodaczy\u0144ski\n  <\/td><td>\n  Radny\n  <\/td><\/tr><tr><td>\n  32\n  <\/td><td>\n  Radana \n  <\/td><td>\n  Ma\u0142gorzata Ryfa\n  <\/td><td>\n  Radna\n  <\/td><\/tr><tr><td>\n  33\n  <\/td><td>\n  Radna \n  <\/td><td>\n  Danuta Lenczner- Kami\u0144ska\n  <\/td><td>\n  Radna\n  <\/td><\/tr><\/tbody><\/table><\/figure>\n\n\n\n<p><\/p>\n\n\n\n<p>Spotkanie wraz z uroczystym pocz\u0119stunkiem i noworocznym toastem przebieg\u0142o w milej i otwartej atmosferze rozm\u00f3w nie tylko o minionych przedsi\u0119wzi\u0119ciach i inwestycjach na Gaju, ale i o przysz\u0142ych dzia\u0142aniach na rzecz osiedla.<\/p>\n\n\n\n<p><\/p>\n\n\n\n<p>Noworoczne spotkanie rozpocz\u0105\u0142 i wzbogaci\u0142 wyst\u0119p dzieci z SP Nr 90. <\/p>\n\n\n\n<p><\/p>\n\n\n\n<figure class=\"wp-block-image size-large\"><img loading=\"lazy\" decoding=\"async\" width=\"1024\" height=\"768\" src=\"http:\/\/www.tvk-gaj.pl\/~gajonline\/wp-content\/uploads\/2020\/01\/IMG_20200123_170849-1024x768.jpg\" alt=\"\" class=\"wp-image-11896\" srcset=\"https:\/\/online.tvk-gaj.pl\/wp-content\/uploads\/2020\/01\/IMG_20200123_170849-1024x768.jpg 1024w, https:\/\/online.tvk-gaj.pl\/wp-content\/uploads\/2020\/01\/IMG_20200123_170849-300x225.jpg 300w, https:\/\/online.tvk-gaj.pl\/wp-content\/uploads\/2020\/01\/IMG_20200123_170849-768x576.jpg 768w, https:\/\/online.tvk-gaj.pl\/wp-content\/uploads\/2020\/01\/IMG_20200123_170849-1536x1152.jpg 1536w, https:\/\/online.tvk-gaj.pl\/wp-content\/uploads\/2020\/01\/IMG_20200123_170849-2048x1536.jpg 2048w\" sizes=\"auto, (max-width: 1024px) 100vw, 1024px\" \/><\/figure>\n\n\n\n<p><\/p>\n\n\n\n<p><\/p>\n\n\n\n<p>G\u0142os zabrali Przewodnicz\u0105cy Rady Osiedla &#8222;GAJ&#8221; &#8211; Pan Adam Wojtaszewski oraz Przewodnicz\u0105cy Zarz\u0105du Pan Stefan Zydorowicz.<\/p>\n\n\n\n<p><\/p>\n\n\n\n<p><strong>Noworoczne przem\u00f3wienie przewodnicz\u0105cego Rady Osiedla Gaj &#8211; Pana Adama Wojtaszewskiego:<\/strong><\/p>\n\n\n\n<blockquote class=\"wp-block-quote is-layout-flow wp-block-quote-is-layout-flow\"><p><\/p><cite>Szanowny Panie Prezydencie<br>Szanowna  Pani Radna Rady Miejskiej Wroc\u0142awia<br>Szanowne Panie Dyrektorki Plac\u00f3wek O\u015bwiatowych<br>Szanowni Pa\u0144stwo!<br>Pragn\u0119 serdecznie powita\u0107 Wszystkich Pa\u0144stwa na spotkaniu noworocznym. Rok. 2019 przeszed\u0142 ju\u017c do historii. Dla Samorz\u0105du Osiedla \u201eGaj\u201d by\u0142 to okres<br> pe\u0142en zmaga\u0144, wyzwa\u0144 i pracy na rzecz naszej ma\u0142ej ojczyzny, ale by\u0142 to przede wszystkim czas pe\u0142en sukces\u00f3w. Uda\u0142o nam si\u0119 zrealizowa\u0107 wiele zada\u0144, kt\u00f3rych osi\u0105gni\u0119cie postawili\u015bmy sobie za cel. Ich realizacja by\u0142a niezmiernie wa\u017cna dla osiedla i jego mieszka\u0144c\u00f3w. Mi\u0119dzy innymi uda\u0142o si\u0119 przy wielkim wsparciu Pana Prezydenta zmodernizowa\u0107 parking przy ulicy Orzechowej oraz zrealizowa\u0107 dla projekty Wroc\u0142awskiego Bud\u017cetu Obywatelskiego tj. Bezpieczne przej\u015bcie dla pieszych na ulicy \u015awieradowskiej oraz Zielon\u0105 \u015acian\u0119 wzd\u0142u\u017c ulicy \u015awieradowskiej. Z\u0142o\u017cyli\u015bmy te\u017c 7 projekt\u00f3w w ramach dodatkowego bud\u017cetu osiedlowego na lata 2020 \u2013 2021. Realizowali\u015bmy te\u017c razem z partnerami w ramach podpisanego \u201ePartnerstwa dla Gaju\u201d wiele projekt\u00f3w mi\u0119dzy innymi  projekt w ramach Funduszu Czasu Wolnego kt\u00f3ry dotyczy\u0142 pokazu filmowego na nakr\u0119cony film o osiedlu, konkursu dla przedszkolak\u00f3w oraz turnieju sportowego. W grudniu 2019 roku wsp\u00f3lnie zorganizowali\u015bmy kiermasz \u015bwi\u0105teczny a ca\u0142y uzyskany doch\u00f3d zosta\u0142 przeznaczony na zakup sprz\u0119tu dla kliniki dermatologii dzieci\u0119cej Uniwersyteckiego Szpitala Klinicznego przy ulicy Cha\u0142ubi\u0144skiego. Pozw\u00f3lcie w tym miejscu bardzo gor\u0105co wszystkim za zaanga\u017cowanie gor\u0105co podzi\u0119kuj\u0119.<br> W tym roku weszli\u015bmy w obchody 30-lecia samorz\u0105du i 10 rocznicy Katastrofy Smole\u0144skiej  oraz  wielkim krokami zbli\u017camy si\u0119 do 30 &#8211; lecia powstania Szko\u0142y Podstawowej nr 90 im. prof. Stanis\u0142awa To\u0142py i  70 \u2013 rocznic\u0119 powstania Przedszkola nr 49 im Tysi\u0105clecia Miasta Wroc\u0142awia kt\u00f3re b\u0119dziemy obchodzi\u0107 w roku 2021.  prze\u017cyli\u015bmy te\u017c wybory Parlamentarne a  ju\u017c niebawem wybory Prezydenckie.<br> Szanowni Pa\u0144stwo!<br> Z tego miejsca pragn\u0119 serdecznie podzi\u0119kowa\u0107 wszystkim Pa\u0144stwu za zaanga\u017cowanie na rzecz rozwoju naszego osiedla. To w\u0142a\u015bnie dzi\u0119ki Pa\u0144stwa ci\u0119\u017ckiej pracy osiedle nasze modernizuje si\u0119 w tak szybkim tempie. To nasza wsp\u00f3lna sprawa i nasze wsp\u00f3lne dzie\u0142o. B\u0105d\u017amy z niego dumni!<br> Szanowni Pa\u0144stwo!<br> Jako przedstawiciel Samorz\u0105du Osiedla pragn\u0119 zapewni\u0107 Pa\u0144stwa, \u017ce w 2020 roku w\u0142o\u017cymy jeszcze wi\u0119cej stara\u0144 i serca w prac\u0119 dla osiedla i jego mieszka\u0144c\u00f3w.<br> My\u015bl\u0105c z nostalgi\u0105 o minionym roku, a z nadziej\u0105 o bie\u017c\u0105cym, pragn\u0119 z\u0142o\u017cy\u0107 Pa\u0144stwu w imieniu w\u0142asnym oraz Rady Osiedla Gaj, najserdeczniejsze \u017cyczenia, aby ten rok obfitowa\u0142 w sukcesy i pozwoli\u0142 spe\u0142nia\u0107 marzenia. Aby nie zabrak\u0142o nam zdrowia, mi\u0142o\u015bci      i \u017cyczliwo\u015bci ludzi, kt\u00f3rych spotykamy na swojej drodze. \u017bycz\u0119 Pa\u0144stwu i sobie, wielu si\u0142 do pokonywania codziennych trudno\u015bci i cieszenia si\u0119 mniejszymi i wi\u0119kszymi sukcesami. Niech 2020 rok przyniesie same spokojne, szcz\u0119\u015bliwe dni sp\u0119dzone z tymi, kt\u00f3rych kochamy.<br>Wszystkim Pa\u0144stwu jeszcze raz \u017cycz\u0119 wszystkiego najlepszego!<br><br><\/cite><\/blockquote>\n\n\n\n<p><\/p>\n\n\n\n<p><\/p>\n\n\n\n<p>Wyst\u0105pili r\u00f3wnie\u017c go\u015bcie, w tym Prezydent Wroc\u0142awia Pan Jacek Sutryk.<\/p>\n\n\n\n<p><\/p>\n\n\n\n<figure class=\"wp-block-image size-large\"><img loading=\"lazy\" decoding=\"async\" width=\"1024\" height=\"768\" src=\"http:\/\/www.tvk-gaj.pl\/~gajonline\/wp-content\/uploads\/2020\/01\/IMG_20200123_171439-1024x768.jpg\" alt=\"\" class=\"wp-image-11898\" srcset=\"https:\/\/online.tvk-gaj.pl\/wp-content\/uploads\/2020\/01\/IMG_20200123_171439-1024x768.jpg 1024w, https:\/\/online.tvk-gaj.pl\/wp-content\/uploads\/2020\/01\/IMG_20200123_171439-300x225.jpg 300w, https:\/\/online.tvk-gaj.pl\/wp-content\/uploads\/2020\/01\/IMG_20200123_171439-768x576.jpg 768w, https:\/\/online.tvk-gaj.pl\/wp-content\/uploads\/2020\/01\/IMG_20200123_171439-1536x1152.jpg 1536w, https:\/\/online.tvk-gaj.pl\/wp-content\/uploads\/2020\/01\/IMG_20200123_171439-2048x1536.jpg 2048w\" sizes=\"auto, (max-width: 1024px) 100vw, 1024px\" \/><\/figure>\n\n\n\n<p><\/p>\n\n\n\n<p><\/p>\n\n\n\n<p>Korzystaj\u0105c r\u00f3wnie\u017c z okazji, chcemy wszystkim dobroczy\u0144com, sympatykom i sponsorom Rady Osiedla Gaj \u017cyczy\u0107 znakomitego, pe\u0142nego sukces\u00f3w i rado\u015bci roku 2020. Oby obfitowa\u0142 on w same pomy\u015blno\u015bci, a tak\u017ce sta\u0142 si\u0119 czasem jeszcze szerzej i lepszej wsp\u00f3\u0142pracy naszych przyjaci\u00f3\u0142 z Rad\u0105 Osiedla. Dzi\u0119kujemy za to, \u017ce kolejny rok sp\u0119dzamy razem!<\/p>\n\n\n\n<p>Jest nam niezmiernie mi\u0142o, \u017ce wkracamy razem w Nowy Rok!<\/p>\n\n\n\n<p><\/p>\n\n\n\n<figure class=\"wp-block-image size-large\"><img loading=\"lazy\" decoding=\"async\" width=\"1024\" height=\"768\" src=\"http:\/\/www.tvk-gaj.pl\/~gajonline\/wp-content\/uploads\/2020\/01\/IMG_20200123_183146-1024x768.jpg\" alt=\"\" class=\"wp-image-11894\" srcset=\"https:\/\/online.tvk-gaj.pl\/wp-content\/uploads\/2020\/01\/IMG_20200123_183146-1024x768.jpg 1024w, https:\/\/online.tvk-gaj.pl\/wp-content\/uploads\/2020\/01\/IMG_20200123_183146-300x225.jpg 300w, https:\/\/online.tvk-gaj.pl\/wp-content\/uploads\/2020\/01\/IMG_20200123_183146-768x576.jpg 768w, https:\/\/online.tvk-gaj.pl\/wp-content\/uploads\/2020\/01\/IMG_20200123_183146-1536x1152.jpg 1536w, https:\/\/online.tvk-gaj.pl\/wp-content\/uploads\/2020\/01\/IMG_20200123_183146-2048x1536.jpg 2048w\" sizes=\"auto, (max-width: 1024px) 100vw, 1024px\" \/><\/figure>\n\n\n\n<p><\/p>\n\n\n\n<p><\/p>\n\n\n\n<p><strong>Zapraszamy do fotorelacji ze spotkania<\/strong><\/p>\n\n\n\n<p><\/p>\n\n\n\n[ngg src=&#8221;galleries&#8221; ids=&#8221;109&#8243; display=&#8221;basic_thumbnail&#8221; thumbnail_crop=&#8221;0&#8243;]\n\n\n\n<p><\/p>\n\n\n\n<p><\/p>\n\n\n\n<p><\/p>\n","protected":false},"excerpt":{"rendered":"<p>W czwartek, 23 stycznia, w budynku Szko\u0142y Podstawowej Nr 90 przy ul. Orzechowej odby\u0142o si\u0119 uroczyste spotkanie noworoczne z Prezydentem Wroc\u0142awia oraz przyjaci\u00f3\u0142mi i sponsorami Rady Osiedla Gaj. Na spotkaniu pojawili si\u0119 m.in.: Lp Organizacja Imi\u0119 i Nazwisko Funkcja 1 Prezydent Wroc\u0142awia Jacek Sutryk Prezydent 2 Asystentka Prezydenta Izabela Pieni\u0105\u017cczak Dyrektor 3 Przedszkole nr 49 [&hellip;]<\/p>\n","protected":false},"author":1,"featured_media":11882,"comment_status":"open","ping_status":"open","sticky":false,"template":"","format":"standard","meta":{"footnotes":""},"categories":[14,12],"tags":[112,323],"class_list":["post-11847","post","type-post","status-publish","format-standard","has-post-thumbnail","hentry","category-aktualnosci","category-artykuly","tag-gaj","tag-na-gaju"],"_links":{"self":[{"href":"https:\/\/online.tvk-gaj.pl\/index.php?rest_route=\/wp\/v2\/posts\/11847","targetHints":{"allow":["GET"]}}],"collection":[{"href":"https:\/\/online.tvk-gaj.pl\/index.php?rest_route=\/wp\/v2\/posts"}],"about":[{"href":"https:\/\/online.tvk-gaj.pl\/index.php?rest_route=\/wp\/v2\/types\/post"}],"author":[{"embeddable":true,"href":"https:\/\/online.tvk-gaj.pl\/index.php?rest_route=\/wp\/v2\/users\/1"}],"replies":[{"embeddable":true,"href":"https:\/\/online.tvk-gaj.pl\/index.php?rest_route=%2Fwp%2Fv2%2Fcomments&post=11847"}],"version-history":[{"count":7,"href":"https:\/\/online.tvk-gaj.pl\/index.php?rest_route=\/wp\/v2\/posts\/11847\/revisions"}],"predecessor-version":[{"id":11905,"href":"https:\/\/online.tvk-gaj.pl\/index.php?rest_route=\/wp\/v2\/posts\/11847\/revisions\/11905"}],"wp:featuredmedia":[{"embeddable":true,"href":"https:\/\/online.tvk-gaj.pl\/index.php?rest_route=\/wp\/v2\/media\/11882"}],"wp:attachment":[{"href":"https:\/\/online.tvk-gaj.pl\/index.php?rest_route=%2Fwp%2Fv2%2Fmedia&parent=11847"}],"wp:term":[{"taxonomy":"category","embeddable":true,"href":"https:\/\/online.tvk-gaj.pl\/index.php?rest_route=%2Fwp%2Fv2%2Fcategories&post=11847"},{"taxonomy":"post_tag","embeddable":true,"href":"https:\/\/online.tvk-gaj.pl\/index.php?rest_route=%2Fwp%2Fv2%2Ftags&post=11847"}],"curies":[{"name":"wp","href":"https:\/\/api.w.org\/{rel}","templated":true}]}}