{"id":11909,"date":"2020-02-07T13:51:54","date_gmt":"2020-02-07T12:51:54","guid":{"rendered":"http:\/\/www.tvk-gaj.pl\/~gajonline\/?p=11909"},"modified":"2020-02-07T13:55:46","modified_gmt":"2020-02-07T12:55:46","slug":"jubileusz-radnego-i-spotkanie-u-prezydenta-wroclawia","status":"publish","type":"post","link":"https:\/\/online.tvk-gaj.pl\/?p=11909","title":{"rendered":"Jubileusz radnego i spotkanie u Prezydenta Wroc\u0142awia"},"content":{"rendered":"\n<p>Podczas noworocznego spotkania Przewodnicz\u0105cego Zarz\u0105du Osiedla Gaj, Pana Stefana Zydorowicza z Prezydentem Wroc\u0142awia Panem Jackiem Sutrykiem przedstawiono i om\u00f3wiono funkcjonowanie Klubu Seniora na Gaju. <\/p>\n\n\n\n<!--more-->\n\n\n\n<p><\/p>\n\n\n\n<p>Spotkanie odby\u0142o si\u0119 15 stycznia w Ratuszu. <\/p>\n\n\n\n<p><\/p>\n\n\n\n<figure class=\"wp-block-image size-large\"><img loading=\"lazy\" decoding=\"async\" width=\"768\" height=\"1024\" src=\"http:\/\/www.tvk-gaj.pl\/~gajonline\/wp-content\/uploads\/2020\/02\/IMG-20200205-WA0003-768x1024.jpg\" alt=\"\" class=\"wp-image-11910\" srcset=\"https:\/\/online.tvk-gaj.pl\/wp-content\/uploads\/2020\/02\/IMG-20200205-WA0003-768x1024.jpg 768w, https:\/\/online.tvk-gaj.pl\/wp-content\/uploads\/2020\/02\/IMG-20200205-WA0003-225x300.jpg 225w, https:\/\/online.tvk-gaj.pl\/wp-content\/uploads\/2020\/02\/IMG-20200205-WA0003-1152x1536.jpg 1152w, https:\/\/online.tvk-gaj.pl\/wp-content\/uploads\/2020\/02\/IMG-20200205-WA0003.jpg 1200w\" sizes=\"auto, (max-width: 768px) 100vw, 768px\" \/><\/figure>\n\n\n\n<p><\/p>\n\n\n\n<p>Przewodnicz\u0105cy podkre\u015bli\u0142 rol\u0119 klubu seniora w budowaniu lokalnej spo\u0142eczno\u015bci oraz aktywizacji starszych mieszka\u0144c\u00f3w osiedla. Jednym z priorytet\u00f3w Rady Osiedla jest wyr\u00f3wnywanie r\u00f3\u017cnic spo\u0142ecznych oraz zapewnianiu dost\u0119pu do kultury wszystkim mieszka\u0144com Gaju. Prezydent doceni\u0142 ten stan rzeczy oraz zaoferowa\u0142 dalsze wspieranie inicjatywy oraz osiedla. <\/p>\n\n\n\n<p><\/p>\n\n\n\n<figure class=\"wp-block-image size-large\"><img loading=\"lazy\" decoding=\"async\" width=\"698\" height=\"1024\" src=\"http:\/\/www.tvk-gaj.pl\/~gajonline\/wp-content\/uploads\/2020\/02\/2020_02_05-10_09-Office-Lens-1-698x1024.jpg\" alt=\"\" class=\"wp-image-11911\" srcset=\"https:\/\/online.tvk-gaj.pl\/wp-content\/uploads\/2020\/02\/2020_02_05-10_09-Office-Lens-1-698x1024.jpg 698w, https:\/\/online.tvk-gaj.pl\/wp-content\/uploads\/2020\/02\/2020_02_05-10_09-Office-Lens-1-205x300.jpg 205w, https:\/\/online.tvk-gaj.pl\/wp-content\/uploads\/2020\/02\/2020_02_05-10_09-Office-Lens-1-768x1126.jpg 768w, https:\/\/online.tvk-gaj.pl\/wp-content\/uploads\/2020\/02\/2020_02_05-10_09-Office-Lens-1-1048x1536.jpg 1048w, https:\/\/online.tvk-gaj.pl\/wp-content\/uploads\/2020\/02\/2020_02_05-10_09-Office-Lens-1-1397x2048.jpg 1397w, https:\/\/online.tvk-gaj.pl\/wp-content\/uploads\/2020\/02\/2020_02_05-10_09-Office-Lens-1.jpg 1664w\" sizes=\"auto, (max-width: 698px) 100vw, 698px\" \/><\/figure>\n\n\n\n<p><\/p>\n\n\n\n<p>Dodatkowym, mi\u0142ym akcentem by\u0142o z\u0142o\u017cenie \u017cycze\u0144 urodzinowych dla Przewodnicz\u0105cego Zarz\u0105du RO Gaj, Pana Stefana Zydorowicza, kt\u00f3ry obchodzi\u0142 75 rocznic\u0119 urodzin.<\/p>\n\n\n\n<p><\/p>\n\n\n\n<figure class=\"wp-block-image size-large\"><img loading=\"lazy\" decoding=\"async\" width=\"718\" height=\"1024\" src=\"http:\/\/www.tvk-gaj.pl\/~gajonline\/wp-content\/uploads\/2020\/02\/2020_02_05-10_09-Office-Lens-718x1024.jpg\" alt=\"\" class=\"wp-image-11912\" srcset=\"https:\/\/online.tvk-gaj.pl\/wp-content\/uploads\/2020\/02\/2020_02_05-10_09-Office-Lens-718x1024.jpg 718w, https:\/\/online.tvk-gaj.pl\/wp-content\/uploads\/2020\/02\/2020_02_05-10_09-Office-Lens-210x300.jpg 210w, https:\/\/online.tvk-gaj.pl\/wp-content\/uploads\/2020\/02\/2020_02_05-10_09-Office-Lens-768x1095.jpg 768w, https:\/\/online.tvk-gaj.pl\/wp-content\/uploads\/2020\/02\/2020_02_05-10_09-Office-Lens-1078x1536.jpg 1078w, https:\/\/online.tvk-gaj.pl\/wp-content\/uploads\/2020\/02\/2020_02_05-10_09-Office-Lens-1437x2048.jpg 1437w, https:\/\/online.tvk-gaj.pl\/wp-content\/uploads\/2020\/02\/2020_02_05-10_09-Office-Lens.jpg 1688w\" sizes=\"auto, (max-width: 718px) 100vw, 718px\" \/><\/figure>\n\n\n\n<p><\/p>\n\n\n\n<p><\/p>\n\n\n\n<p><\/p>\n","protected":false},"excerpt":{"rendered":"<p>Podczas noworocznego spotkania Przewodnicz\u0105cego Zarz\u0105du Osiedla Gaj, Pana Stefana Zydorowicza z Prezydentem Wroc\u0142awia Panem Jackiem Sutrykiem przedstawiono i om\u00f3wiono funkcjonowanie Klubu Seniora na Gaju.<\/p>\n","protected":false},"author":1,"featured_media":11910,"comment_status":"open","ping_status":"open","sticky":false,"template":"","format":"standard","meta":{"footnotes":""},"categories":[14],"tags":[376,1258,1259],"class_list":["post-11909","post","type-post","status-publish","format-standard","has-post-thumbnail","hentry","category-aktualnosci","tag-prezydent-wroclawia","tag-przewodniczacy-zarzadu-osiedla-gaj","tag-urodziny"],"_links":{"self":[{"href":"https:\/\/online.tvk-gaj.pl\/index.php?rest_route=\/wp\/v2\/posts\/11909","targetHints":{"allow":["GET"]}}],"collection":[{"href":"https:\/\/online.tvk-gaj.pl\/index.php?rest_route=\/wp\/v2\/posts"}],"about":[{"href":"https:\/\/online.tvk-gaj.pl\/index.php?rest_route=\/wp\/v2\/types\/post"}],"author":[{"embeddable":true,"href":"https:\/\/online.tvk-gaj.pl\/index.php?rest_route=\/wp\/v2\/users\/1"}],"replies":[{"embeddable":true,"href":"https:\/\/online.tvk-gaj.pl\/index.php?rest_route=%2Fwp%2Fv2%2Fcomments&post=11909"}],"version-history":[{"count":2,"href":"https:\/\/online.tvk-gaj.pl\/index.php?rest_route=\/wp\/v2\/posts\/11909\/revisions"}],"predecessor-version":[{"id":11916,"href":"https:\/\/online.tvk-gaj.pl\/index.php?rest_route=\/wp\/v2\/posts\/11909\/revisions\/11916"}],"wp:featuredmedia":[{"embeddable":true,"href":"https:\/\/online.tvk-gaj.pl\/index.php?rest_route=\/wp\/v2\/media\/11910"}],"wp:attachment":[{"href":"https:\/\/online.tvk-gaj.pl\/index.php?rest_route=%2Fwp%2Fv2%2Fmedia&parent=11909"}],"wp:term":[{"taxonomy":"category","embeddable":true,"href":"https:\/\/online.tvk-gaj.pl\/index.php?rest_route=%2Fwp%2Fv2%2Fcategories&post=11909"},{"taxonomy":"post_tag","embeddable":true,"href":"https:\/\/online.tvk-gaj.pl\/index.php?rest_route=%2Fwp%2Fv2%2Ftags&post=11909"}],"curies":[{"name":"wp","href":"https:\/\/api.w.org\/{rel}","templated":true}]}}