{"id":11917,"date":"2020-02-23T13:13:04","date_gmt":"2020-02-23T12:13:04","guid":{"rendered":"http:\/\/www.tvk-gaj.pl\/~gajonline\/?p=11917"},"modified":"2021-02-04T20:16:10","modified_gmt":"2021-02-04T19:16:10","slug":"rusza-biblioteka-osiedlowa-na-gaju","status":"publish","type":"post","link":"https:\/\/online.tvk-gaj.pl\/?p=11917","title":{"rendered":"Rusza &#8222;Biblioteka Osiedlowa&#8221; na Gaju!"},"content":{"rendered":"\n<p>Z przyjemno\u015bci\u0105 informujemy, \u017ce otwiera si\u0119 Biblioteka Osiedlowa na Gaju! Jej lokalizacja to Klub Seniora na Gaju  &#8211; ul. Krynicka 51 (w budynku\u00a0przychodni zdrowia).\u00a0<\/p>\n\n\n\n<!--more-->\n\n\n\n<p><\/p>\n\n\n\n<p>Osiedlowa Biblioteka to projekt Rady Osiedla Gaj. Jest to alternatywa dla do\u015b\u0107 odleg\u0142ych dla mieszka\u0144c\u00f3w osiedla plac\u00f3wek bibliotek miejskich. <\/p>\n\n\n\n<p><\/p>\n\n\n\n<p>Celem dzia\u0142alno\u015bci biblioteki jest promowanie czytelnictwa, integracja mieszka\u0144c\u00f3w oraz rozwijanie dzia\u0142alno\u015bci Klubu Seniora na inne grupy spo\u0142eczne. <\/p>\n\n\n\n<figure class=\"wp-block-image size-large\"><img loading=\"lazy\" decoding=\"async\" width=\"1024\" height=\"684\" src=\"http:\/\/www.tvk-gaj.pl\/~gajonline\/wp-content\/uploads\/2020\/02\/libra-1024x684.jpg\" alt=\"\" class=\"wp-image-11919\" srcset=\"https:\/\/online.tvk-gaj.pl\/wp-content\/uploads\/2020\/02\/libra-1024x684.jpg 1024w, https:\/\/online.tvk-gaj.pl\/wp-content\/uploads\/2020\/02\/libra-300x200.jpg 300w, https:\/\/online.tvk-gaj.pl\/wp-content\/uploads\/2020\/02\/libra-768x513.jpg 768w, https:\/\/online.tvk-gaj.pl\/wp-content\/uploads\/2020\/02\/libra-1536x1025.jpg 1536w, https:\/\/online.tvk-gaj.pl\/wp-content\/uploads\/2020\/02\/libra-321x214.jpg 321w, https:\/\/online.tvk-gaj.pl\/wp-content\/uploads\/2020\/02\/libra-140x94.jpg 140w, https:\/\/online.tvk-gaj.pl\/wp-content\/uploads\/2020\/02\/libra.jpg 2000w\" sizes=\"auto, (max-width: 1024px) 100vw, 1024px\" \/><figcaption>Zdj\u0119cie ilustracyjne.<\/figcaption><\/figure>\n\n\n\n<p><\/p>\n\n\n\n<p><strong>W lutym Biblioteka b\u0119dzie czynna w nast\u0119puj\u0105cych terminach:\u00a0<br><\/strong><br>22.II (so) 10-13:30,\u00a0<br>26.II (\u015br) 18-20,\u00a0<br>29.II (so) 10-13:30.\u00a0<\/p>\n\n\n\n<p><\/p>\n\n\n\n<figure class=\"wp-block-image size-large\"><img loading=\"lazy\" decoding=\"async\" width=\"1024\" height=\"768\" src=\"http:\/\/www.tvk-gaj.pl\/~gajonline\/wp-content\/uploads\/2018\/01\/20180111_180020-1024x768.jpg\" alt=\"\" class=\"wp-image-9915\" srcset=\"https:\/\/online.tvk-gaj.pl\/wp-content\/uploads\/2018\/01\/20180111_180020-1024x768.jpg 1024w, https:\/\/online.tvk-gaj.pl\/wp-content\/uploads\/2018\/01\/20180111_180020-300x225.jpg 300w, https:\/\/online.tvk-gaj.pl\/wp-content\/uploads\/2018\/01\/20180111_180020-768x576.jpg 768w\" sizes=\"auto, (max-width: 1024px) 100vw, 1024px\" \/><figcaption>Wej\u015bcie do Klubu Seniora od strony apteki<\/figcaption><\/figure>\n\n\n\n<p><\/p>\n\n\n\n<p><\/p>\n\n\n\n<p>Jednocze\u015bnie zg\u0142aszamy si\u0119 wszystkich czytelnik\u00f3w oraz mieszka\u0144c\u00f3w osiedla z pro\u015bb\u0105 o uzupe\u0142nianie naszych\u00a0zasob\u00f3w. Je\u015bli macie Pa\u0144stwo w domu Wam ju\u017c niepotrzebne pozycje &#8211;\u00a0&#8222;uwolnijcie&#8221; je, przeka\u017ccie Bibliotece, ku po\u017cytkowi wsp\u00f3lnemu.\u00a0<\/p>\n\n\n\n<p><\/p>\n\n\n\n<p><\/p>\n\n\n\n<p><strong>Korzystanie z ksi\u0119gozbioru\u00a0jest bezp\u0142atne.\u00a0<\/strong><\/p>\n\n\n\n<p><\/p>\n\n\n\n<p><\/p>\n","protected":false},"excerpt":{"rendered":"<p>Z przyjemno\u015bci\u0105 informujemy, \u017ce otwiera si\u0119 Biblioteka Osiedlowa na Gaju! Jej lokalizacja to Klub Seniora na Gaju &#8211; ul. Krynicka 51 (w budynku\u00a0przychodni zdrowia).\u00a0<\/p>\n","protected":false},"author":1,"featured_media":11918,"comment_status":"open","ping_status":"open","sticky":false,"template":"","format":"standard","meta":{"footnotes":""},"categories":[14,12,1420],"tags":[684,112,1260],"class_list":["post-11917","post","type-post","status-publish","format-standard","has-post-thumbnail","hentry","category-aktualnosci","category-artykuly","category-biblioteka","tag-biblioteka","tag-gaj","tag-osiedlowa-biblioteka"],"_links":{"self":[{"href":"https:\/\/online.tvk-gaj.pl\/index.php?rest_route=\/wp\/v2\/posts\/11917","targetHints":{"allow":["GET"]}}],"collection":[{"href":"https:\/\/online.tvk-gaj.pl\/index.php?rest_route=\/wp\/v2\/posts"}],"about":[{"href":"https:\/\/online.tvk-gaj.pl\/index.php?rest_route=\/wp\/v2\/types\/post"}],"author":[{"embeddable":true,"href":"https:\/\/online.tvk-gaj.pl\/index.php?rest_route=\/wp\/v2\/users\/1"}],"replies":[{"embeddable":true,"href":"https:\/\/online.tvk-gaj.pl\/index.php?rest_route=%2Fwp%2Fv2%2Fcomments&post=11917"}],"version-history":[{"count":3,"href":"https:\/\/online.tvk-gaj.pl\/index.php?rest_route=\/wp\/v2\/posts\/11917\/revisions"}],"predecessor-version":[{"id":11922,"href":"https:\/\/online.tvk-gaj.pl\/index.php?rest_route=\/wp\/v2\/posts\/11917\/revisions\/11922"}],"wp:featuredmedia":[{"embeddable":true,"href":"https:\/\/online.tvk-gaj.pl\/index.php?rest_route=\/wp\/v2\/media\/11918"}],"wp:attachment":[{"href":"https:\/\/online.tvk-gaj.pl\/index.php?rest_route=%2Fwp%2Fv2%2Fmedia&parent=11917"}],"wp:term":[{"taxonomy":"category","embeddable":true,"href":"https:\/\/online.tvk-gaj.pl\/index.php?rest_route=%2Fwp%2Fv2%2Fcategories&post=11917"},{"taxonomy":"post_tag","embeddable":true,"href":"https:\/\/online.tvk-gaj.pl\/index.php?rest_route=%2Fwp%2Fv2%2Ftags&post=11917"}],"curies":[{"name":"wp","href":"https:\/\/api.w.org\/{rel}","templated":true}]}}