{"id":11926,"date":"2020-03-01T18:32:38","date_gmt":"2020-03-01T17:32:38","guid":{"rendered":"http:\/\/www.tvk-gaj.pl\/~gajonline\/?p=11926"},"modified":"2021-02-04T20:15:58","modified_gmt":"2021-02-04T19:15:58","slug":"pierwsze-ksiazki-w-osiedlowej-bibliotece","status":"publish","type":"post","link":"https:\/\/online.tvk-gaj.pl\/?p=11926","title":{"rendered":"Pierwsze ksi\u0105\u017cki w Osiedlowej Bibliotece"},"content":{"rendered":"\n<p>Zbiory Osiedlowej Biblioteki na Gaju wzbogaci\u0142y si\u0119 o pierwszy dar od mieszka\u0144ca osiedla. Mamy te\u017c pierwsze wypo\u017cyczenia. Zwracamy si\u0119 z pro\u015bb\u0105 o niepotrzebne ksi\u0105\u017cki, kt\u00f3re mog\u0142yby pos\u0142u\u017cy\u0107 innym czytelnikom i wzbogaci\u0107\u00a0ksi\u0119gozbi\u00f3r nowego projektu spo\u0142ecznego Rady Osiedla Gaj.<\/p>\n\n\n\n<p><\/p>\n\n\n\n<figure class=\"wp-block-image size-large\"><img loading=\"lazy\" decoding=\"async\" width=\"706\" height=\"941\" src=\"http:\/\/www.tvk-gaj.pl\/~gajonline\/wp-content\/uploads\/2020\/03\/biblioksiazki.jpg\" alt=\"\" class=\"wp-image-11927\" srcset=\"https:\/\/online.tvk-gaj.pl\/wp-content\/uploads\/2020\/03\/biblioksiazki.jpg 706w, https:\/\/online.tvk-gaj.pl\/wp-content\/uploads\/2020\/03\/biblioksiazki-225x300.jpg 225w\" sizes=\"auto, (max-width: 706px) 100vw, 706px\" \/><\/figure>\n\n\n\n<p><\/p>\n\n\n\n<p><\/p>\n\n\n\n<p>Przypomnijmy, \u017ce Osiedlowa Biblioteka to projekt Rady Osiedla Gaj. Jest to alternatywa dla do\u015b\u0107 odleg\u0142ych dla mieszka\u0144c\u00f3w osiedla plac\u00f3wek bibliotek miejskich. <\/p>\n\n\n\n<p>Lokalizacja biblioteki to siedziba Klubu Seniora na Gaju \u2013 ul. Krynicka 51 (w budynku\u00a0przychodni zdrowia).\u00a0<\/p>\n\n\n\n<p><\/p>\n\n\n\n<p><\/p>\n\n\n\n<figure class=\"wp-block-image size-large\"><img loading=\"lazy\" decoding=\"async\" width=\"1024\" height=\"768\" src=\"http:\/\/www.tvk-gaj.pl\/~gajonline\/wp-content\/uploads\/2018\/01\/20180111_180020-1024x768.jpg\" alt=\"\" class=\"wp-image-9915\" srcset=\"https:\/\/online.tvk-gaj.pl\/wp-content\/uploads\/2018\/01\/20180111_180020-1024x768.jpg 1024w, https:\/\/online.tvk-gaj.pl\/wp-content\/uploads\/2018\/01\/20180111_180020-300x225.jpg 300w, https:\/\/online.tvk-gaj.pl\/wp-content\/uploads\/2018\/01\/20180111_180020-768x576.jpg 768w\" sizes=\"auto, (max-width: 1024px) 100vw, 1024px\" \/><\/figure>\n\n\n\n<p><\/p>\n\n\n\n<p><\/p>\n\n\n\n<p>Od marca b.r. czynna w ka\u017cd\u0105 \u015brod\u0119 od 18 do 20.<\/p>\n\n\n\n<p>Jednocze\u015bnie zg\u0142aszamy si\u0119 wszystkich czytelnik\u00f3w oraz mieszka\u0144c\u00f3w osiedla z pro\u015bb\u0105 o uzupe\u0142nianie naszych\u00a0zasob\u00f3w. Je\u015bli macie Pa\u0144stwo w domu Wam ju\u017c niepotrzebne pozycje \u2013\u00a0\u201euwolnijcie\u201d je, przeka\u017ccie Bibliotece, ku po\u017cytkowi wsp\u00f3lnemu.\u00a0<\/p>\n\n\n\n<p><\/p>\n\n\n\n<p><strong>Korzystanie z ksi\u0119gozbioru\u00a0jest bezp\u0142atne.\u00a0<\/strong><\/p>\n\n\n\n<p><\/p>\n\n\n\n<p><\/p>\n","protected":false},"excerpt":{"rendered":"<p>Zbiory Osiedlowej Biblioteki na Gaju wzbogaci\u0142y si\u0119 o pierwszy dar od mieszka\u0144ca osiedla. Mamy te\u017c pierwsze wypo\u017cyczenia. Zwracamy si\u0119 z pro\u015bb\u0105 o niepotrzebne ksi\u0105\u017cki, kt\u00f3re mog\u0142yby pos\u0142u\u017cy\u0107 innym czytelnikom i wzbogaci\u0107\u00a0ksi\u0119gozbi\u00f3r nowego projektu spo\u0142ecznego Rady Osiedla Gaj. Przypomnijmy, \u017ce Osiedlowa Biblioteka to projekt Rady Osiedla Gaj. Jest to alternatywa dla do\u015b\u0107 odleg\u0142ych dla mieszka\u0144c\u00f3w osiedla [&hellip;]<\/p>\n","protected":false},"author":1,"featured_media":11927,"comment_status":"open","ping_status":"open","sticky":false,"template":"","format":"standard","meta":{"footnotes":""},"categories":[14,1420],"tags":[1262,135],"class_list":["post-11926","post","type-post","status-publish","format-standard","has-post-thumbnail","hentry","category-aktualnosci","category-biblioteka","tag-biblioteka-osiedlowa","tag-rada-osiedla-gaj"],"_links":{"self":[{"href":"https:\/\/online.tvk-gaj.pl\/index.php?rest_route=\/wp\/v2\/posts\/11926","targetHints":{"allow":["GET"]}}],"collection":[{"href":"https:\/\/online.tvk-gaj.pl\/index.php?rest_route=\/wp\/v2\/posts"}],"about":[{"href":"https:\/\/online.tvk-gaj.pl\/index.php?rest_route=\/wp\/v2\/types\/post"}],"author":[{"embeddable":true,"href":"https:\/\/online.tvk-gaj.pl\/index.php?rest_route=\/wp\/v2\/users\/1"}],"replies":[{"embeddable":true,"href":"https:\/\/online.tvk-gaj.pl\/index.php?rest_route=%2Fwp%2Fv2%2Fcomments&post=11926"}],"version-history":[{"count":2,"href":"https:\/\/online.tvk-gaj.pl\/index.php?rest_route=\/wp\/v2\/posts\/11926\/revisions"}],"predecessor-version":[{"id":11929,"href":"https:\/\/online.tvk-gaj.pl\/index.php?rest_route=\/wp\/v2\/posts\/11926\/revisions\/11929"}],"wp:featuredmedia":[{"embeddable":true,"href":"https:\/\/online.tvk-gaj.pl\/index.php?rest_route=\/wp\/v2\/media\/11927"}],"wp:attachment":[{"href":"https:\/\/online.tvk-gaj.pl\/index.php?rest_route=%2Fwp%2Fv2%2Fmedia&parent=11926"}],"wp:term":[{"taxonomy":"category","embeddable":true,"href":"https:\/\/online.tvk-gaj.pl\/index.php?rest_route=%2Fwp%2Fv2%2Fcategories&post=11926"},{"taxonomy":"post_tag","embeddable":true,"href":"https:\/\/online.tvk-gaj.pl\/index.php?rest_route=%2Fwp%2Fv2%2Ftags&post=11926"}],"curies":[{"name":"wp","href":"https:\/\/api.w.org\/{rel}","templated":true}]}}