{"id":11948,"date":"2020-03-18T11:59:00","date_gmt":"2020-03-18T10:59:00","guid":{"rendered":"http:\/\/www.tvk-gaj.pl\/~gajonline\/?p=11948"},"modified":"2020-03-17T21:03:04","modified_gmt":"2020-03-17T20:03:04","slug":"autobusy-powroca-na-armii-krajowej","status":"publish","type":"post","link":"https:\/\/online.tvk-gaj.pl\/?p=11948","title":{"rendered":"Autobusy powr\u00f3c\u0105 na Armii Krajowej!"},"content":{"rendered":"\n<p>Mamy dobre wiadomo\u015bci dla os\u00f3b korzystaj\u0105cych z autobus\u00f3w na Armii Krajowej &#8211; uda\u0142o si\u0119 wypracowa\u0107 porozumienie z MPK Wroc\u0142aw w sprawie przywr\u00f3cenia po\u0142\u0105czenia autobusowego na Gaju w ci\u0105gu Armii Krajowej.<\/p>\n\n\n\n<p><\/p>\n\n\n\n<figure class=\"wp-block-image size-large\"><img loading=\"lazy\" decoding=\"async\" width=\"1024\" height=\"768\" src=\"http:\/\/www.tvk-gaj.pl\/~gajonline\/wp-content\/uploads\/2020\/03\/57166051_2351496204881227_6676019211245977600_o-1024x768.jpg\" alt=\"\" class=\"wp-image-11949\" srcset=\"https:\/\/online.tvk-gaj.pl\/wp-content\/uploads\/2020\/03\/57166051_2351496204881227_6676019211245977600_o-1024x768.jpg 1024w, https:\/\/online.tvk-gaj.pl\/wp-content\/uploads\/2020\/03\/57166051_2351496204881227_6676019211245977600_o-300x225.jpg 300w, https:\/\/online.tvk-gaj.pl\/wp-content\/uploads\/2020\/03\/57166051_2351496204881227_6676019211245977600_o-768x576.jpg 768w, https:\/\/online.tvk-gaj.pl\/wp-content\/uploads\/2020\/03\/57166051_2351496204881227_6676019211245977600_o.jpg 1280w\" sizes=\"auto, (max-width: 1024px) 100vw, 1024px\" \/><\/figure>\n\n\n\n<p><\/p>\n\n\n\n<p><\/p>\n\n\n\n<p>Sprawa zmian w kursowaniu autobus\u00f3w wzd\u0142u\u017c alei Armii Krajowej wprowadzonych w zesz\u0142ym roku przez MPK Wroc\u0142aw wywo\u0142a\u0142a w\u015br\u00f3d mieszka\u0144c\u00f3w naszego osiedla wiele kontrowersji. <\/p>\n\n\n\n<p>Mieszka\u0144cy okolic tej alei, szczeg\u00f3lnie ulic Orzechowej i Krynickiej zg\u0142aszali potrzeb\u0119 przywr\u00f3cenia autobusu kursuj\u0105cego wzd\u0142u\u017c Armii Krajowej pomi\u0119dzy ulicami Bardzk\u0105 a Borowsk\u0105.  W ich opinii korzystanie z przystank\u00f3w zlokalizowanych przy Borowskiej i Armii Krajowej wi\u0105za\u0142o si\u0119 ze znacznym zwi\u0119kszeniem odleg\u0142o\u015bci do przystank\u00f3w wzgl\u0119dem wcze\u015bniejszego kursowania linii 145 wzd\u0142u\u017c A. Krajowej. <\/p>\n\n\n\n<p><\/p>\n\n\n\n<p><\/p>\n\n\n\n<figure class=\"wp-block-image size-large\"><img loading=\"lazy\" decoding=\"async\" width=\"1024\" height=\"547\" src=\"http:\/\/www.tvk-gaj.pl\/~gajonline\/wp-content\/uploads\/2020\/03\/Screenshot-at-Mar-17-20-58-34-1024x547.png\" alt=\"\" class=\"wp-image-11953\" srcset=\"https:\/\/online.tvk-gaj.pl\/wp-content\/uploads\/2020\/03\/Screenshot-at-Mar-17-20-58-34-1024x547.png 1024w, https:\/\/online.tvk-gaj.pl\/wp-content\/uploads\/2020\/03\/Screenshot-at-Mar-17-20-58-34-300x160.png 300w, https:\/\/online.tvk-gaj.pl\/wp-content\/uploads\/2020\/03\/Screenshot-at-Mar-17-20-58-34-768x410.png 768w, https:\/\/online.tvk-gaj.pl\/wp-content\/uploads\/2020\/03\/Screenshot-at-Mar-17-20-58-34-1536x821.png 1536w, https:\/\/online.tvk-gaj.pl\/wp-content\/uploads\/2020\/03\/Screenshot-at-Mar-17-20-58-34.png 1619w\" sizes=\"auto, (max-width: 1024px) 100vw, 1024px\" \/><\/figure>\n\n\n\n<p><\/p>\n\n\n\n<p><\/p>\n\n\n\n<p>Przeciwne stanowisko prezentowa\u0142o Miejskie Przedsi\u0119biorstwo Komunikacyjne, wed\u0142ug kt\u00f3rego analiz z po\u0142\u0105czenia wzd\u0142u\u017c Armii Krajowej korzysta\u0142o zbyt ma\u0142o mieszka\u0144c\u00f3w. <\/p>\n\n\n\n<p>Spraw\u0105 juz w pa\u017adzierniku zesz\u0142ego roku zaj\u0119\u0142a si\u0119 Rada Osiedla, kt\u00f3ra wystosowa\u0142a pismo w sprawie przywr\u00f3cenia poprzedniego po\u0142\u0105czenia.<\/p>\n\n\n\n<p>Po kilku miesi\u0105cach prac oraz spotka\u0144 z przedstawicielami miasta uda\u0142o si\u0119 wypracowa\u0107 korzystne dla mieszka\u0144c\u00f3w p\u00f3\u0142nocnej cz\u0119\u015bci Gaju rozwi\u0105zanie.<\/p>\n\n\n\n<p><\/p>\n\n\n\n<p><\/p>\n\n\n\n<figure class=\"wp-block-image size-large\"><img loading=\"lazy\" decoding=\"async\" width=\"937\" height=\"1024\" src=\"http:\/\/www.tvk-gaj.pl\/~gajonline\/wp-content\/uploads\/2020\/03\/2020_03_05-19_00-Office-Lens2-937x1024.jpg\" alt=\"\" class=\"wp-image-11950\" srcset=\"https:\/\/online.tvk-gaj.pl\/wp-content\/uploads\/2020\/03\/2020_03_05-19_00-Office-Lens2-937x1024.jpg 937w, https:\/\/online.tvk-gaj.pl\/wp-content\/uploads\/2020\/03\/2020_03_05-19_00-Office-Lens2-274x300.jpg 274w, https:\/\/online.tvk-gaj.pl\/wp-content\/uploads\/2020\/03\/2020_03_05-19_00-Office-Lens2-768x840.jpg 768w, https:\/\/online.tvk-gaj.pl\/wp-content\/uploads\/2020\/03\/2020_03_05-19_00-Office-Lens2-1405x1536.jpg 1405w, https:\/\/online.tvk-gaj.pl\/wp-content\/uploads\/2020\/03\/2020_03_05-19_00-Office-Lens2.jpg 1696w\" sizes=\"auto, (max-width: 937px) 100vw, 937px\" \/><\/figure>\n\n\n\n<p><\/p>\n\n\n\n<p><\/p>\n\n\n\n<figure class=\"wp-block-image size-large\"><img loading=\"lazy\" decoding=\"async\" width=\"1024\" height=\"579\" src=\"http:\/\/www.tvk-gaj.pl\/~gajonline\/wp-content\/uploads\/2020\/03\/2020_03_05-19_00-Office-Lens-1-1-1024x579.jpg\" alt=\"\" class=\"wp-image-11952\" srcset=\"https:\/\/online.tvk-gaj.pl\/wp-content\/uploads\/2020\/03\/2020_03_05-19_00-Office-Lens-1-1-1024x579.jpg 1024w, https:\/\/online.tvk-gaj.pl\/wp-content\/uploads\/2020\/03\/2020_03_05-19_00-Office-Lens-1-1-300x170.jpg 300w, https:\/\/online.tvk-gaj.pl\/wp-content\/uploads\/2020\/03\/2020_03_05-19_00-Office-Lens-1-1-768x434.jpg 768w, https:\/\/online.tvk-gaj.pl\/wp-content\/uploads\/2020\/03\/2020_03_05-19_00-Office-Lens-1-1.jpg 1166w\" sizes=\"auto, (max-width: 1024px) 100vw, 1024px\" \/><\/figure>\n\n\n\n<p><\/p>\n\n\n\n<p><\/p>\n\n\n\n<p>W zwi\u0105zku z powy\u017cszym od przysz\u0142ego miesi\u0105ca, a dok\u0142adnie 4 kwietnia, zmianie ulegnie trasa autobus\u00f3w linii 146. B\u0119d\u0105 one kursowa\u0142y wzd\u0142u\u017c Armii Krajowej zapewniaj\u0105c komunikacj\u0119 dla tej cz\u0119\u015bci osiedla.<\/p>\n\n\n\n<p>Jako argumenty uznane przez obie strony pojawi\u0142o si\u0119 bezpiecze\u0144stwo i komfort wszystkich mieszka\u0144c\u00f3w Gaju, w tym os\u00f3b starszych oraz z niepe\u0142nosprawno\u015bciami. <\/p>\n\n\n\n<p><\/p>\n\n\n\n<p>Dzi\u0119kujemy MPK Wroc\u0142aw za wypracowanie wsp\u00f3lnego, mamy nadziej\u0119 \u017ce bardzo korzystnego, rozwi\u0105zania dla naszego osiedla. <\/p>\n\n\n\n<p><\/p>\n\n\n\n<p><\/p>\n","protected":false},"excerpt":{"rendered":"<p>Mamy dobre wiadomo\u015bci dla os\u00f3b korzystaj\u0105cych z autobus\u00f3w na Armii Krajowej &#8211; uda\u0142o si\u0119 wypracowa\u0107 porozumienie z MPK Wroc\u0142aw w sprawie przywr\u00f3cenia po\u0142\u0105czenia autobusowego na Gaju w ci\u0105gu Armii Krajowej. Sprawa zmian w kursowaniu autobus\u00f3w wzd\u0142u\u017c alei Armii Krajowej wprowadzonych w zesz\u0142ym roku przez MPK Wroc\u0142aw wywo\u0142a\u0142a w\u015br\u00f3d mieszka\u0144c\u00f3w naszego osiedla wiele kontrowersji. Mieszka\u0144cy okolic [&hellip;]<\/p>\n","protected":false},"author":1,"featured_media":3930,"comment_status":"open","ping_status":"open","sticky":false,"template":"","format":"standard","meta":{"footnotes":""},"categories":[14,12],"tags":[1272,156,117],"class_list":["post-11948","post","type-post","status-publish","format-standard","has-post-thumbnail","hentry","category-aktualnosci","category-artykuly","tag-linia-146","tag-mpk","tag-swieradowska"],"_links":{"self":[{"href":"https:\/\/online.tvk-gaj.pl\/index.php?rest_route=\/wp\/v2\/posts\/11948","targetHints":{"allow":["GET"]}}],"collection":[{"href":"https:\/\/online.tvk-gaj.pl\/index.php?rest_route=\/wp\/v2\/posts"}],"about":[{"href":"https:\/\/online.tvk-gaj.pl\/index.php?rest_route=\/wp\/v2\/types\/post"}],"author":[{"embeddable":true,"href":"https:\/\/online.tvk-gaj.pl\/index.php?rest_route=\/wp\/v2\/users\/1"}],"replies":[{"embeddable":true,"href":"https:\/\/online.tvk-gaj.pl\/index.php?rest_route=%2Fwp%2Fv2%2Fcomments&post=11948"}],"version-history":[{"count":4,"href":"https:\/\/online.tvk-gaj.pl\/index.php?rest_route=\/wp\/v2\/posts\/11948\/revisions"}],"predecessor-version":[{"id":11959,"href":"https:\/\/online.tvk-gaj.pl\/index.php?rest_route=\/wp\/v2\/posts\/11948\/revisions\/11959"}],"wp:featuredmedia":[{"embeddable":true,"href":"https:\/\/online.tvk-gaj.pl\/index.php?rest_route=\/wp\/v2\/media\/3930"}],"wp:attachment":[{"href":"https:\/\/online.tvk-gaj.pl\/index.php?rest_route=%2Fwp%2Fv2%2Fmedia&parent=11948"}],"wp:term":[{"taxonomy":"category","embeddable":true,"href":"https:\/\/online.tvk-gaj.pl\/index.php?rest_route=%2Fwp%2Fv2%2Fcategories&post=11948"},{"taxonomy":"post_tag","embeddable":true,"href":"https:\/\/online.tvk-gaj.pl\/index.php?rest_route=%2Fwp%2Fv2%2Ftags&post=11948"}],"curies":[{"name":"wp","href":"https:\/\/api.w.org\/{rel}","templated":true}]}}