{"id":11967,"date":"2020-04-10T11:34:04","date_gmt":"2020-04-10T09:34:04","guid":{"rendered":"http:\/\/www.tvk-gaj.pl\/~gajonline\/?p=11967"},"modified":"2020-04-15T19:10:20","modified_gmt":"2020-04-15T17:10:20","slug":"zdrowych-swiat-wielkanocnych","status":"publish","type":"post","link":"https:\/\/online.tvk-gaj.pl\/?p=11967","title":{"rendered":"Zdrowych \u015awi\u0105t Wielkanocnych!"},"content":{"rendered":"\n<p>Z okazji nadchodz\u0105cych, wyj\u0105tkowych w tym roku, \u015awi\u0105t Zmartwychwstania Pa\u0144skiego sk\u0142adamy wszystkim naszym Czytelnikom oraz mieszka\u0144com i sympatykom Gaju najserdeczniejsze \u017cyczenia zdrowych, spokojnych i pe\u0142nych mi\u0142o\u015bci \u015awi\u0105t Wielkiej Nocy.<\/p>\n\n\n\n<p><\/p>\n\n\n\n<figure class=\"wp-block-image size-large\"><img loading=\"lazy\" decoding=\"async\" width=\"1024\" height=\"640\" src=\"http:\/\/www.tvk-gaj.pl\/~gajonline\/wp-content\/uploads\/2013\/03\/wielkanoc-1024x640.jpg\" alt=\"\" class=\"wp-image-817\" srcset=\"https:\/\/online.tvk-gaj.pl\/wp-content\/uploads\/2013\/03\/wielkanoc-1024x640.jpg 1024w, https:\/\/online.tvk-gaj.pl\/wp-content\/uploads\/2013\/03\/wielkanoc-300x187.jpg 300w, https:\/\/online.tvk-gaj.pl\/wp-content\/uploads\/2013\/03\/wielkanoc.jpg 1280w\" sizes=\"auto, (max-width: 1024px) 100vw, 1024px\" \/><\/figure>\n\n\n\n<p><\/p>\n\n\n\n<p><\/p>\n\n\n\n<p>Niech ten szczeg\u00f3lny i wyj\u0105tkowy w tym roku czas up\u0142ynie nam w atmosferze nadziei, spokoju i wiary towarzysz\u0105cym Zmartwychwstaniu Jezusa Chrystusa.  <br><br>Jako Rada Osiedla apelujemy te\u017c do wszystkich mieszka\u0144c\u00f3w o pozostanie w domach i przestrzeganie zalece\u0144 s\u0142u\u017cb i miasta.  <br><\/p>\n\n\n\n<p>&nbsp;<br><strong>Adam Wojtaszewski &#8211; Przewodnicz\u0105cy Rady Osiedla Gaj<\/strong><\/p>\n\n\n\n<p><\/p>\n\n\n\n<p><\/p>\n\n\n\n<p><\/p>\n","protected":false},"excerpt":{"rendered":"<p>Z okazji nadchodz\u0105cych, wyj\u0105tkowych w tym roku, \u015awi\u0105t Zmartwychwstania Pa\u0144skiego sk\u0142adamy wszystkim naszym Czytelnikom oraz mieszka\u0144com i sympatykom Gaju najserdeczniejsze \u017cyczenia zdrowych, spokojnych i pe\u0142nych mi\u0142o\u015bci \u015awi\u0105t Wielkiej Nocy. Niech ten szczeg\u00f3lny i wyj\u0105tkowy w tym roku czas up\u0142ynie nam w atmosferze nadziei, spokoju i wiary towarzysz\u0105cym Zmartwychwstaniu Jezusa Chrystusa. Jako Rada Osiedla apelujemy te\u017c [&hellip;]<\/p>\n","protected":false},"author":1,"featured_media":817,"comment_status":"open","ping_status":"open","sticky":false,"template":"","format":"standard","meta":{"footnotes":""},"categories":[14],"tags":[135,963,256,257],"class_list":["post-11967","post","type-post","status-publish","format-standard","has-post-thumbnail","hentry","category-aktualnosci","tag-rada-osiedla-gaj","tag-swieta-wielkanocne","tag-wielkanoc","tag-zyczenia"],"_links":{"self":[{"href":"https:\/\/online.tvk-gaj.pl\/index.php?rest_route=\/wp\/v2\/posts\/11967","targetHints":{"allow":["GET"]}}],"collection":[{"href":"https:\/\/online.tvk-gaj.pl\/index.php?rest_route=\/wp\/v2\/posts"}],"about":[{"href":"https:\/\/online.tvk-gaj.pl\/index.php?rest_route=\/wp\/v2\/types\/post"}],"author":[{"embeddable":true,"href":"https:\/\/online.tvk-gaj.pl\/index.php?rest_route=\/wp\/v2\/users\/1"}],"replies":[{"embeddable":true,"href":"https:\/\/online.tvk-gaj.pl\/index.php?rest_route=%2Fwp%2Fv2%2Fcomments&post=11967"}],"version-history":[{"count":1,"href":"https:\/\/online.tvk-gaj.pl\/index.php?rest_route=\/wp\/v2\/posts\/11967\/revisions"}],"predecessor-version":[{"id":11968,"href":"https:\/\/online.tvk-gaj.pl\/index.php?rest_route=\/wp\/v2\/posts\/11967\/revisions\/11968"}],"wp:featuredmedia":[{"embeddable":true,"href":"https:\/\/online.tvk-gaj.pl\/index.php?rest_route=\/wp\/v2\/media\/817"}],"wp:attachment":[{"href":"https:\/\/online.tvk-gaj.pl\/index.php?rest_route=%2Fwp%2Fv2%2Fmedia&parent=11967"}],"wp:term":[{"taxonomy":"category","embeddable":true,"href":"https:\/\/online.tvk-gaj.pl\/index.php?rest_route=%2Fwp%2Fv2%2Fcategories&post=11967"},{"taxonomy":"post_tag","embeddable":true,"href":"https:\/\/online.tvk-gaj.pl\/index.php?rest_route=%2Fwp%2Fv2%2Ftags&post=11967"}],"curies":[{"name":"wp","href":"https:\/\/api.w.org\/{rel}","templated":true}]}}