{"id":11969,"date":"2020-04-16T12:15:00","date_gmt":"2020-04-16T10:15:00","guid":{"rendered":"http:\/\/www.tvk-gaj.pl\/~gajonline\/?p=11969"},"modified":"2020-04-15T19:46:42","modified_gmt":"2020-04-15T17:46:42","slug":"trwa-budowa-nowego-przedszkola-na-gaju","status":"publish","type":"post","link":"https:\/\/online.tvk-gaj.pl\/?p=11969","title":{"rendered":"Trwa budowa nowego przedszkola na Gaju"},"content":{"rendered":"\n<p>Przy ulicy Radkowskiej, w po\u0142udniowej cz\u0119\u015bci osiedla, trwa budowa nowego, publicznego przedszkola oraz \u017c\u0142obka. Jak uda\u0142o si\u0119 nam ustali\u0107 z inwestorem obiekt powinien zosta\u0107 oddany do u\u017cytku ju\u017c 1 wrze\u015bnia tego roku. <\/p>\n\n\n\n<p><\/p>\n\n\n\n<p>Przy ul. Radkowskiej 26 miasto planuje otworzy\u0107 publiczne przedszkole wraz ze \u017c\u0142obkiem. Wraz z otwarciem plac\u00f3wki w budynku powstanie nowoczesna, w pe\u0142ni wyposa\u017cona kuchnia, w kt\u00f3rej przygotowywane b\u0119d\u0105 posi\u0142ki .<\/p>\n\n\n\n<p>O rozpocz\u0119ciu budowy pisali\u015bmy <a rel=\"noreferrer noopener\" href=\"http:\/\/www.tvk-gaj.pl\/~gajonline\/?p=11313\" target=\"_blank\">w naszym artykule<\/a> we wrze\u015bniu 2019r.  <\/p>\n\n\n\n<p><\/p>\n\n\n\n<div class=\"wp-block-image\"><figure class=\"aligncenter size-large\"><img loading=\"lazy\" decoding=\"async\" width=\"1024\" height=\"768\" src=\"http:\/\/www.tvk-gaj.pl\/~gajonline\/wp-content\/uploads\/2020\/04\/92997747_2725963630958228_1012000754291965952_o-1024x768.jpg\" alt=\"\" class=\"wp-image-11970\" srcset=\"https:\/\/online.tvk-gaj.pl\/wp-content\/uploads\/2020\/04\/92997747_2725963630958228_1012000754291965952_o-1024x768.jpg 1024w, https:\/\/online.tvk-gaj.pl\/wp-content\/uploads\/2020\/04\/92997747_2725963630958228_1012000754291965952_o-300x225.jpg 300w, https:\/\/online.tvk-gaj.pl\/wp-content\/uploads\/2020\/04\/92997747_2725963630958228_1012000754291965952_o-768x576.jpg 768w, https:\/\/online.tvk-gaj.pl\/wp-content\/uploads\/2020\/04\/92997747_2725963630958228_1012000754291965952_o-1536x1152.jpg 1536w, https:\/\/online.tvk-gaj.pl\/wp-content\/uploads\/2020\/04\/92997747_2725963630958228_1012000754291965952_o.jpg 2016w\" sizes=\"auto, (max-width: 1024px) 100vw, 1024px\" \/><figcaption><em>Zdj\u0119cie z Facebook&#8217;owego profiu Prezydenta Miasta Wroc\u0142awia<\/em><\/figcaption><\/figure><\/div>\n\n\n\n<p><br><\/p>\n\n\n\n<p><\/p>\n\n\n\n<p>Pomimo obecnej sytuacji epidemicznej prace budowlane sukcesywnie post\u0119puj\u0105. Obecnie koncentruj\u0105 si\u0119 na elewacji budynku oraz wyko\u0144czeniu wn\u0119trza plac\u00f3wki. Wed\u0142ug inwestora termin zako\u0144czenia budowy to czerwiec b.r., natomiast rozpocz\u0119cie zaj\u0119\u0107 planowane jest na wrzesie\u0144-pa\u017adziernik. <\/p>\n\n\n\n<p><\/p>\n\n\n\n<p><\/p>\n\n\n\n<figure class=\"wp-block-image size-large\"><img loading=\"lazy\" decoding=\"async\" width=\"768\" height=\"1024\" src=\"http:\/\/www.tvk-gaj.pl\/~gajonline\/wp-content\/uploads\/2019\/09\/IMG_20190827_173843-768x1024.jpg\" alt=\"\" class=\"wp-image-11317\" srcset=\"https:\/\/online.tvk-gaj.pl\/wp-content\/uploads\/2019\/09\/IMG_20190827_173843-768x1024.jpg 768w, https:\/\/online.tvk-gaj.pl\/wp-content\/uploads\/2019\/09\/IMG_20190827_173843-225x300.jpg 225w, https:\/\/online.tvk-gaj.pl\/wp-content\/uploads\/2019\/09\/IMG_20190827_173843.jpg 1200w\" sizes=\"auto, (max-width: 768px) 100vw, 768px\" \/><\/figure>\n\n\n\n<p><\/p>\n\n\n\n<p><\/p>\n\n\n\n<p><\/p>\n\n\n\n<p>W ramach porozumienia z Miastem Wroc\u0142aw w budynku przy Radkowskiej powstanie 14 oddzia\u0142\u00f3w przedszkolnych na ok 350 miejsc. Przedszkole b\u0119dzie posiada\u0107 status plac\u00f3wki publicznej, a wi\u0119c zasady korzystania z niej przez dzieci b\u0119d\u0105 niemal identyczne jak zasady korzystania przez dzieci z przedszkoli, dla kt\u00f3rych organem prowadz\u0105cym jest Miasto Wroc\u0142aw. <br><br>Rekrutacja na rok 2020\/2021 trwa i prowadzona jest z wykorzystaniem\u00a0elektronicznego systemu rekrutacji prowadzonego przez miasto Wroc\u0142aw. <\/p>\n\n\n\n<p><\/p>\n\n\n\n<p><\/p>\n\n\n\n<figure class=\"wp-block-image size-large\"><img loading=\"lazy\" decoding=\"async\" width=\"768\" height=\"1024\" src=\"http:\/\/www.tvk-gaj.pl\/~gajonline\/wp-content\/uploads\/2019\/09\/IMG_20190827_173759-768x1024.jpg\" alt=\"\" class=\"wp-image-11318\" srcset=\"https:\/\/online.tvk-gaj.pl\/wp-content\/uploads\/2019\/09\/IMG_20190827_173759-768x1024.jpg 768w, https:\/\/online.tvk-gaj.pl\/wp-content\/uploads\/2019\/09\/IMG_20190827_173759-225x300.jpg 225w, https:\/\/online.tvk-gaj.pl\/wp-content\/uploads\/2019\/09\/IMG_20190827_173759.jpg 1200w\" sizes=\"auto, (max-width: 768px) 100vw, 768px\" \/><\/figure>\n\n\n\n<p><br><br>Ponadto w budynku tym zostan\u0105 utworzone dwa oddzia\u0142y \u017c\u0142obkowe &#8211; 50 miejsc. W roku szkolnym 2020\/2021 \u017c\u0142obek b\u0119dzie mia\u0142 status \u017c\u0142obka komercyjnego i b\u0119d\u0105 przyjmowane do niego dzieci powy\u017cej jednego roku. Szczeg\u00f3\u0142y rekrutacji do \u017c\u0142obka dost\u0119pne s\u0105 <a rel=\"noreferrer noopener\" href=\"https:\/\/www.wroclawskieskauty.pl\/skauty-4\/\" target=\"_blank\">na stronie internetowej <\/a>plac\u00f3wki. <\/p>\n\n\n\n<p><\/p>\n\n\n\n<p><\/p>\n\n\n\n<p>Plac\u00f3wka b\u0119dzie nosi\u0107 nazw\u0119 \u201eWroc\u0142awskie Skauty IV\u201d, poniewa\u017c jest 4 plac\u00f3wk\u0105\u00a0szkoln\u0105 sieci przedszkoli &#8222;Wroc\u0142awskie Skauty&#8221;. <\/p>\n\n\n\n<p><\/p>\n\n\n\n<p><\/p>\n\n\n\n<p><\/p>\n\n\n\n<p><\/p>\n","protected":false},"excerpt":{"rendered":"<p>Przy ulicy Radkowskiej, w po\u0142udniowej cz\u0119\u015bci osiedla, trwa budowa nowego, publicznego przedszkola oraz \u017c\u0142obka. Jak uda\u0142o si\u0119 nam ustali\u0107 z inwestorem obiekt powinien zosta\u0107 oddany do u\u017cytku ju\u017c 1 wrze\u015bnia tego roku. Przy ul. Radkowskiej 26 miasto planuje otworzy\u0107 publiczne przedszkole wraz ze \u017c\u0142obkiem. Wraz z otwarciem plac\u00f3wki w budynku powstanie nowoczesna, w pe\u0142ni wyposa\u017cona [&hellip;]<\/p>\n","protected":false},"author":1,"featured_media":11322,"comment_status":"open","ping_status":"open","sticky":false,"template":"","format":"standard","meta":{"footnotes":""},"categories":[14,12],"tags":[112,1282],"class_list":["post-11969","post","type-post","status-publish","format-standard","has-post-thumbnail","hentry","category-aktualnosci","category-artykuly","tag-gaj","tag-wroclawskie-skauty"],"_links":{"self":[{"href":"https:\/\/online.tvk-gaj.pl\/index.php?rest_route=\/wp\/v2\/posts\/11969","targetHints":{"allow":["GET"]}}],"collection":[{"href":"https:\/\/online.tvk-gaj.pl\/index.php?rest_route=\/wp\/v2\/posts"}],"about":[{"href":"https:\/\/online.tvk-gaj.pl\/index.php?rest_route=\/wp\/v2\/types\/post"}],"author":[{"embeddable":true,"href":"https:\/\/online.tvk-gaj.pl\/index.php?rest_route=\/wp\/v2\/users\/1"}],"replies":[{"embeddable":true,"href":"https:\/\/online.tvk-gaj.pl\/index.php?rest_route=%2Fwp%2Fv2%2Fcomments&post=11969"}],"version-history":[{"count":5,"href":"https:\/\/online.tvk-gaj.pl\/index.php?rest_route=\/wp\/v2\/posts\/11969\/revisions"}],"predecessor-version":[{"id":11976,"href":"https:\/\/online.tvk-gaj.pl\/index.php?rest_route=\/wp\/v2\/posts\/11969\/revisions\/11976"}],"wp:featuredmedia":[{"embeddable":true,"href":"https:\/\/online.tvk-gaj.pl\/index.php?rest_route=\/wp\/v2\/media\/11322"}],"wp:attachment":[{"href":"https:\/\/online.tvk-gaj.pl\/index.php?rest_route=%2Fwp%2Fv2%2Fmedia&parent=11969"}],"wp:term":[{"taxonomy":"category","embeddable":true,"href":"https:\/\/online.tvk-gaj.pl\/index.php?rest_route=%2Fwp%2Fv2%2Fcategories&post=11969"},{"taxonomy":"post_tag","embeddable":true,"href":"https:\/\/online.tvk-gaj.pl\/index.php?rest_route=%2Fwp%2Fv2%2Ftags&post=11969"}],"curies":[{"name":"wp","href":"https:\/\/api.w.org\/{rel}","templated":true}]}}