{"id":11983,"date":"2020-05-10T14:45:00","date_gmt":"2020-05-10T12:45:00","guid":{"rendered":"http:\/\/www.tvk-gaj.pl\/~gajonline\/?p=11983"},"modified":"2020-05-10T14:49:36","modified_gmt":"2020-05-10T12:49:36","slug":"miejska-toaleta-w-parku-slonecznym","status":"publish","type":"post","link":"https:\/\/online.tvk-gaj.pl\/?p=11983","title":{"rendered":"Miejska toaleta w Parku S\u0142onecznym"},"content":{"rendered":"\n<p>W maju miasto og\u0142osi przetarg na wybudowanie miejskiej toalety na terenie Parku S\u0142onecznego na Gaju.<\/p>\n\n\n\n<p>Informacje zamie\u015bci\u0142 Prezydent Wroc\u0142awia Jacek Sutryk na swoim facebook&#8217;owym profilu na pocz\u0105tku miesi\u0105ca.<\/p>\n\n\n\n<figure class=\"wp-block-image size-large\"><img loading=\"lazy\" decoding=\"async\" width=\"581\" height=\"339\" src=\"http:\/\/www.tvk-gaj.pl\/~gajonline\/wp-content\/uploads\/2020\/05\/97153583_2745997282288196_2228771985750491136_n.jpg\" alt=\"\" class=\"wp-image-11984\" srcset=\"https:\/\/online.tvk-gaj.pl\/wp-content\/uploads\/2020\/05\/97153583_2745997282288196_2228771985750491136_n.jpg 581w, https:\/\/online.tvk-gaj.pl\/wp-content\/uploads\/2020\/05\/97153583_2745997282288196_2228771985750491136_n-300x175.jpg 300w\" sizes=\"auto, (max-width: 581px) 100vw, 581px\" \/><\/figure>\n\n\n\n<p><\/p>\n\n\n\n<p>Z informacji wynika, \u017ce toaleta powinna stan\u0105\u0107  w parku Skowronim od strony  szpitala dzieci\u0119cego &#8211; &#8222;Przyl\u0105dka Nadziei&#8221;. By\u0142by to kolejny takie obiekt na terenie Wroc\u0142awia &#8211; podobna toaleta znajduje si\u0119 m.in. w Parku Wschodnim za Alej\u0105 Armii Krajowej. <\/p>\n\n\n\n<p><\/p>\n\n\n\n<p><\/p>\n\n\n\n<figure class=\"wp-block-image size-large\"><img loading=\"lazy\" decoding=\"async\" width=\"960\" height=\"720\" src=\"http:\/\/www.tvk-gaj.pl\/~gajonline\/wp-content\/uploads\/2020\/05\/94881348_3127327627298077_5161535376703094784_o.jpg\" alt=\"\" class=\"wp-image-11985\" srcset=\"https:\/\/online.tvk-gaj.pl\/wp-content\/uploads\/2020\/05\/94881348_3127327627298077_5161535376703094784_o.jpg 960w, https:\/\/online.tvk-gaj.pl\/wp-content\/uploads\/2020\/05\/94881348_3127327627298077_5161535376703094784_o-300x225.jpg 300w, https:\/\/online.tvk-gaj.pl\/wp-content\/uploads\/2020\/05\/94881348_3127327627298077_5161535376703094784_o-768x576.jpg 768w\" sizes=\"auto, (max-width: 960px) 100vw, 960px\" \/><\/figure>\n\n\n\n<p><\/p>\n\n\n\n<p><\/p>\n\n\n\n<p>Kontenerowe toalety s\u0105 samoobs\u0142ugowe i w pe\u0142ni zautomatyzowane.<\/p>\n\n\n\n<p>Realizacja przedsi\u0119wzi\u0119cia ma zako\u0144czy\u0107 si\u0119 do ko\u0144ca roku.<\/p>\n\n\n\n<p><\/p>\n\n\n\n<p><\/p>\n\n\n\n<p><\/p>\n","protected":false},"excerpt":{"rendered":"<p>W maju miasto og\u0142osi przetarg na wybudowanie miejskiej toalety na terenie Parku S\u0142onecznego na Gaju. Informacje zamie\u015bci\u0142 Prezydent Wroc\u0142awia Jacek Sutryk na swoim facebook&#8217;owym profilu na pocz\u0105tku miesi\u0105ca. Z informacji wynika, \u017ce toaleta powinna stan\u0105\u0107 w parku Skowronim od strony szpitala dzieci\u0119cego &#8211; &#8222;Przyl\u0105dka Nadziei&#8221;. By\u0142by to kolejny takie obiekt na terenie Wroc\u0142awia &#8211; podobna [&hellip;]<\/p>\n","protected":false},"author":1,"featured_media":11985,"comment_status":"open","ping_status":"open","sticky":false,"template":"","format":"standard","meta":{"footnotes":""},"categories":[14,12],"tags":[112,1285,443,442,1287,859],"class_list":["post-11983","post","type-post","status-publish","format-standard","has-post-thumbnail","hentry","category-aktualnosci","category-artykuly","tag-gaj","tag-kontenerowa-toaleta","tag-park","tag-park-skowroni","tag-szalet-miejski","tag-toaleta"],"_links":{"self":[{"href":"https:\/\/online.tvk-gaj.pl\/index.php?rest_route=\/wp\/v2\/posts\/11983","targetHints":{"allow":["GET"]}}],"collection":[{"href":"https:\/\/online.tvk-gaj.pl\/index.php?rest_route=\/wp\/v2\/posts"}],"about":[{"href":"https:\/\/online.tvk-gaj.pl\/index.php?rest_route=\/wp\/v2\/types\/post"}],"author":[{"embeddable":true,"href":"https:\/\/online.tvk-gaj.pl\/index.php?rest_route=\/wp\/v2\/users\/1"}],"replies":[{"embeddable":true,"href":"https:\/\/online.tvk-gaj.pl\/index.php?rest_route=%2Fwp%2Fv2%2Fcomments&post=11983"}],"version-history":[{"count":1,"href":"https:\/\/online.tvk-gaj.pl\/index.php?rest_route=\/wp\/v2\/posts\/11983\/revisions"}],"predecessor-version":[{"id":11986,"href":"https:\/\/online.tvk-gaj.pl\/index.php?rest_route=\/wp\/v2\/posts\/11983\/revisions\/11986"}],"wp:featuredmedia":[{"embeddable":true,"href":"https:\/\/online.tvk-gaj.pl\/index.php?rest_route=\/wp\/v2\/media\/11985"}],"wp:attachment":[{"href":"https:\/\/online.tvk-gaj.pl\/index.php?rest_route=%2Fwp%2Fv2%2Fmedia&parent=11983"}],"wp:term":[{"taxonomy":"category","embeddable":true,"href":"https:\/\/online.tvk-gaj.pl\/index.php?rest_route=%2Fwp%2Fv2%2Fcategories&post=11983"},{"taxonomy":"post_tag","embeddable":true,"href":"https:\/\/online.tvk-gaj.pl\/index.php?rest_route=%2Fwp%2Fv2%2Ftags&post=11983"}],"curies":[{"name":"wp","href":"https:\/\/api.w.org\/{rel}","templated":true}]}}