{"id":12000,"date":"2020-05-10T14:41:47","date_gmt":"2020-05-10T12:41:47","guid":{"rendered":"http:\/\/www.tvk-gaj.pl\/~gajonline\/?p=12000"},"modified":"2020-05-14T17:51:04","modified_gmt":"2020-05-14T15:51:04","slug":"tomek-fotografuje-piekne-zdjecia-gaju","status":"publish","type":"post","link":"https:\/\/online.tvk-gaj.pl\/?p=12000","title":{"rendered":"Tomek Fotografuje &#8211; pi\u0119kne zdj\u0119cia Gaju"},"content":{"rendered":"\n<p>Zamieszczamy pi\u0119kn\u0105 galeri\u0119 zdj\u0119\u0107 Gaju autorstwa naszego Czytelnika, mieszka\u0144ca osiedla oraz mi\u0142o\u015bnika Gaju &#8211; Tomasz fotografuje.  [Aktualizacja z 14.05.20 &#8211; nowe zdj\u0119cia]<\/p>\n\n\n\n<p><\/p>\n\n\n\n<p>Zdj\u0119cia przedstawiaj\u0105 osiedle po deszczu oraz okolice ulicy \u015awieradowskiej. <\/p>\n\n\n\n<p><\/p>\n\n\n\n[ngg src=&#8221;galleries&#8221; ids=&#8221;110&#8243; display=&#8221;basic_thumbnail&#8221; thumbnail_crop=&#8221;0&#8243;]\n\n\n\n<p><\/p>\n\n\n\n<p><\/p>\n\n\n\n<p>Link do profilu autora: &nbsp;<a href=\"https:\/\/www.facebook.com\/tomekfotografuje89\/?__tn__=K-R&amp;eid=ARDOiK-hHQdxBPMoAUDV34n6Vl6t8UWgqgvD7ELYkhQ_Os50rS2TpyfgnM8_SbsyUQwIsV9G3RxwR-VF&amp;fref=mentions&amp;__xts__%5B0%5D=68.ARCMXSugLjevtKnduxfax3omzCgU4A8QkkAinTmWCv99xd_bej_OXyU1SrdzRrNeYiAuC8_9XjD_EvqV-TU_ZqAryWeTqZTcvAmHo8aSLAAELItEmC_VXAl6rjpDvVN0rd5pvCm0ZFrfGECzTmOjfTVFny55gaUARpJzyeeJKURqJyzIrAtJT2Lr3FVSprrdq8elTh-PldLr8r6azXD11_O3rd2Wlasaw7tyUqPeAXF3_uuwRrNX130PbH4kw_3uREZgFnPqqdTIzBLma-ZH4HhG1zsiZJJRoylgMAq47zyMc2ksnJ0QQVy1KDHdR-286eN3hsCCYV8qUJfJ2MOwgdQ1Rw\">https:\/\/www.facebook.com\/tomekfotografuje89\/<\/a><\/p>\n\n\n\n<p><\/p>\n\n\n\n<p><\/p>\n\n\n\n<p><\/p>\n","protected":false},"excerpt":{"rendered":"<p>Zamieszczamy pi\u0119kn\u0105 galeri\u0119 zdj\u0119\u0107 Gaju autorstwa naszego Czytelnika, mieszka\u0144ca osiedla oraz mi\u0142o\u015bnika Gaju &#8211; Tomasz fotografuje. [Aktualizacja z 14.05.20 &#8211; nowe zdj\u0119cia] Zdj\u0119cia przedstawiaj\u0105 osiedle po deszczu oraz okolice ulicy \u015awieradowskiej. Link do profilu autora: &nbsp;https:\/\/www.facebook.com\/tomekfotografuje89\/<\/p>\n","protected":false},"author":1,"featured_media":12001,"comment_status":"open","ping_status":"open","sticky":false,"template":"","format":"standard","meta":{"footnotes":""},"categories":[14,12],"tags":[112,1293,650],"class_list":["post-12000","post","type-post","status-publish","format-standard","has-post-thumbnail","hentry","category-aktualnosci","category-artykuly","tag-gaj","tag-piekne-zdjecia-osiedla","tag-zdjecia"],"_links":{"self":[{"href":"https:\/\/online.tvk-gaj.pl\/index.php?rest_route=\/wp\/v2\/posts\/12000","targetHints":{"allow":["GET"]}}],"collection":[{"href":"https:\/\/online.tvk-gaj.pl\/index.php?rest_route=\/wp\/v2\/posts"}],"about":[{"href":"https:\/\/online.tvk-gaj.pl\/index.php?rest_route=\/wp\/v2\/types\/post"}],"author":[{"embeddable":true,"href":"https:\/\/online.tvk-gaj.pl\/index.php?rest_route=\/wp\/v2\/users\/1"}],"replies":[{"embeddable":true,"href":"https:\/\/online.tvk-gaj.pl\/index.php?rest_route=%2Fwp%2Fv2%2Fcomments&post=12000"}],"version-history":[{"count":2,"href":"https:\/\/online.tvk-gaj.pl\/index.php?rest_route=\/wp\/v2\/posts\/12000\/revisions"}],"predecessor-version":[{"id":12048,"href":"https:\/\/online.tvk-gaj.pl\/index.php?rest_route=\/wp\/v2\/posts\/12000\/revisions\/12048"}],"wp:featuredmedia":[{"embeddable":true,"href":"https:\/\/online.tvk-gaj.pl\/index.php?rest_route=\/wp\/v2\/media\/12001"}],"wp:attachment":[{"href":"https:\/\/online.tvk-gaj.pl\/index.php?rest_route=%2Fwp%2Fv2%2Fmedia&parent=12000"}],"wp:term":[{"taxonomy":"category","embeddable":true,"href":"https:\/\/online.tvk-gaj.pl\/index.php?rest_route=%2Fwp%2Fv2%2Fcategories&post=12000"},{"taxonomy":"post_tag","embeddable":true,"href":"https:\/\/online.tvk-gaj.pl\/index.php?rest_route=%2Fwp%2Fv2%2Ftags&post=12000"}],"curies":[{"name":"wp","href":"https:\/\/api.w.org\/{rel}","templated":true}]}}