{"id":12062,"date":"2020-05-24T17:13:00","date_gmt":"2020-05-24T15:13:00","guid":{"rendered":"http:\/\/www.tvk-gaj.pl\/~gajonline\/?p=12062"},"modified":"2020-05-25T17:33:03","modified_gmt":"2020-05-25T15:33:03","slug":"informacje-dotyczace-wznowienia-zajec-w-szkolach-podstawowych-na-osiedlu","status":"publish","type":"post","link":"https:\/\/online.tvk-gaj.pl\/?p=12062","title":{"rendered":"Informacje dotycz\u0105ce wznowienia zaj\u0119\u0107 w szko\u0142ach podstawowych"},"content":{"rendered":"\n<p>Zgodnie z wytycznymi rz\u0105du 25 maja swoj\u0105 prac\u0119 wznawiaj\u0105 szko\u0142y podstawowe w ramach zaj\u0119\u0107 opieku\u0144czych dla klas I-III. Publikujemy zalecenia sanitarne oraz zasady pracy plac\u00f3wek o\u015bwiatowych we Wroc\u0142awiu, w tym na Gaju.<\/p>\n\n\n\n<p><\/p>\n\n\n\n<figure class=\"wp-block-image size-large\"><img loading=\"lazy\" decoding=\"async\" width=\"830\" height=\"425\" src=\"http:\/\/www.tvk-gaj.pl\/~gajonline\/wp-content\/uploads\/2020\/05\/lawkiszkola.jpg\" alt=\"\" class=\"wp-image-12063\" srcset=\"https:\/\/online.tvk-gaj.pl\/wp-content\/uploads\/2020\/05\/lawkiszkola.jpg 830w, https:\/\/online.tvk-gaj.pl\/wp-content\/uploads\/2020\/05\/lawkiszkola-300x154.jpg 300w, https:\/\/online.tvk-gaj.pl\/wp-content\/uploads\/2020\/05\/lawkiszkola-768x393.jpg 768w\" sizes=\"auto, (max-width: 830px) 100vw, 830px\" \/><\/figure>\n\n\n\n<p><\/p>\n\n\n\n<p><\/p>\n\n\n\n<p>Na Gaju znajduj\u0105 si\u0119 dwie szko\u0142y podstawowe &#8211; Szko\u0142a Podstawowa Nr 90 przy ulicy Orzechowej oraz Szko\u0142a Podstawowa Nr 32 przy ul. K\u0142odzkiej.<\/p>\n\n\n\n<p><\/p>\n\n\n\n<p><\/p>\n\n\n\n<p><strong>Szko\u0142a Podstawowa Nr 90<\/strong><\/p>\n\n\n\n<p><\/p>\n\n\n\n<figure class=\"wp-block-image size-large\"><img loading=\"lazy\" decoding=\"async\" width=\"960\" height=\"640\" src=\"http:\/\/www.tvk-gaj.pl\/~gajonline\/wp-content\/uploads\/2013\/06\/009.jpg\" alt=\"\" class=\"wp-image-1330\" srcset=\"https:\/\/online.tvk-gaj.pl\/wp-content\/uploads\/2013\/06\/009.jpg 960w, https:\/\/online.tvk-gaj.pl\/wp-content\/uploads\/2013\/06\/009-300x200.jpg 300w, https:\/\/online.tvk-gaj.pl\/wp-content\/uploads\/2013\/06\/009-321x214.jpg 321w, https:\/\/online.tvk-gaj.pl\/wp-content\/uploads\/2013\/06\/009-140x94.jpg 140w\" sizes=\"auto, (max-width: 960px) 100vw, 960px\" \/><\/figure>\n\n\n\n<p><\/p>\n\n\n\n<p><\/p>\n\n\n\n<p>Link: <a rel=\"noreferrer noopener\" href=\"https:\/\/sites.google.com\/site\/sp90wroc\/home\/klasy-i-iii--wznowienie-pracy\" target=\"_blank\"><span class=\"has-inline-color has-very-dark-gray-color\">Informacje dotycz\u0105ce wznowienia funkcjonowania Szko\u0142y Podstawowej Nr 90 od 25.05.2020<\/span><\/a><\/p>\n\n\n\n<p><\/p>\n\n\n\n<p><\/p>\n\n\n\n<p><\/p>\n\n\n\n<p><strong>Szko\u0142a Podstawowa Nr 32<\/strong><\/p>\n\n\n\n<p><\/p>\n\n\n\n<figure class=\"wp-block-image size-large\"><img loading=\"lazy\" decoding=\"async\" width=\"1024\" height=\"768\" src=\"http:\/\/www.tvk-gaj.pl\/~gajonline\/wp-content\/uploads\/2020\/05\/IMG_20191115_163336-1024x768.jpg\" alt=\"\" class=\"wp-image-12064\" srcset=\"https:\/\/online.tvk-gaj.pl\/wp-content\/uploads\/2020\/05\/IMG_20191115_163336-1024x768.jpg 1024w, https:\/\/online.tvk-gaj.pl\/wp-content\/uploads\/2020\/05\/IMG_20191115_163336-300x225.jpg 300w, https:\/\/online.tvk-gaj.pl\/wp-content\/uploads\/2020\/05\/IMG_20191115_163336-768x576.jpg 768w, https:\/\/online.tvk-gaj.pl\/wp-content\/uploads\/2020\/05\/IMG_20191115_163336-1536x1152.jpg 1536w, https:\/\/online.tvk-gaj.pl\/wp-content\/uploads\/2020\/05\/IMG_20191115_163336-2048x1536.jpg 2048w\" sizes=\"auto, (max-width: 1024px) 100vw, 1024px\" \/><\/figure>\n\n\n\n<p><\/p>\n\n\n\n<p>Link: <a rel=\"noreferrer noopener\" href=\"http:\/\/zsp21wroclaw.pl\/aktualnosci\/informacje-dotyczace-wznowienia-funkcjonowania-szkoly-podstawowej-nr-32-od-25052020-456\/typForm2\" target=\"_blank\"><span class=\"has-inline-color has-very-dark-gray-color\">Informacje dotycz\u0105ce wznowienia funkcjonowania Szko\u0142y Podstawowej Nr 32 od 25.05.2020r.<\/span><\/a><\/p>\n\n\n\n<p><\/p>\n\n\n\n<p><\/p>\n\n\n\n<p><\/p>\n\n\n\n<p><\/p>\n\n\n\n<p><\/p>\n\n\n\n<p>Wi\u0119cej informacji na temat bie\u017c\u0105cych zalece\u0144 epidemicznych dla plac\u00f3wek o\u015bwiatowych znajdziecie na <a href=\"https:\/\/www.wroclaw.pl\/portal\/jak-wroclawskie-szkoly-przygotowuja-sie-na-otwarcie-25-maja\" target=\"_blank\" rel=\"noreferrer noopener\"><span class=\"has-inline-color has-very-dark-gray-color\">stronie internetowej miasta Wroc\u0142awia<\/span><\/a>.<\/p>\n\n\n\n<p><\/p>\n\n\n\n<p><\/p>\n","protected":false},"excerpt":{"rendered":"<p>Zgodnie z wytycznymi rz\u0105du 25 maja swoj\u0105 prac\u0119 wznawiaj\u0105 szko\u0142y podstawowe w ramach zaj\u0119\u0107 opieku\u0144czych dla klas I-III. Publikujemy zalecenia sanitarne oraz zasady pracy plac\u00f3wek o\u015bwiatowych we Wroc\u0142awiu, w tym na Gaju. Na Gaju znajduj\u0105 si\u0119 dwie szko\u0142y podstawowe &#8211; Szko\u0142a Podstawowa Nr 90 przy ulicy Orzechowej oraz Szko\u0142a Podstawowa Nr 32 przy ul. K\u0142odzkiej. [&hellip;]<\/p>\n","protected":false},"author":1,"featured_media":12063,"comment_status":"open","ping_status":"open","sticky":false,"template":"","format":"standard","meta":{"footnotes":""},"categories":[14,12],"tags":[218,300,1296],"class_list":["post-12062","post","type-post","status-publish","format-standard","has-post-thumbnail","hentry","category-aktualnosci","category-artykuly","tag-orzechowa","tag-szkoly","tag-wznowienie-zajec"],"_links":{"self":[{"href":"https:\/\/online.tvk-gaj.pl\/index.php?rest_route=\/wp\/v2\/posts\/12062","targetHints":{"allow":["GET"]}}],"collection":[{"href":"https:\/\/online.tvk-gaj.pl\/index.php?rest_route=\/wp\/v2\/posts"}],"about":[{"href":"https:\/\/online.tvk-gaj.pl\/index.php?rest_route=\/wp\/v2\/types\/post"}],"author":[{"embeddable":true,"href":"https:\/\/online.tvk-gaj.pl\/index.php?rest_route=\/wp\/v2\/users\/1"}],"replies":[{"embeddable":true,"href":"https:\/\/online.tvk-gaj.pl\/index.php?rest_route=%2Fwp%2Fv2%2Fcomments&post=12062"}],"version-history":[{"count":5,"href":"https:\/\/online.tvk-gaj.pl\/index.php?rest_route=\/wp\/v2\/posts\/12062\/revisions"}],"predecessor-version":[{"id":12069,"href":"https:\/\/online.tvk-gaj.pl\/index.php?rest_route=\/wp\/v2\/posts\/12062\/revisions\/12069"}],"wp:featuredmedia":[{"embeddable":true,"href":"https:\/\/online.tvk-gaj.pl\/index.php?rest_route=\/wp\/v2\/media\/12063"}],"wp:attachment":[{"href":"https:\/\/online.tvk-gaj.pl\/index.php?rest_route=%2Fwp%2Fv2%2Fmedia&parent=12062"}],"wp:term":[{"taxonomy":"category","embeddable":true,"href":"https:\/\/online.tvk-gaj.pl\/index.php?rest_route=%2Fwp%2Fv2%2Fcategories&post=12062"},{"taxonomy":"post_tag","embeddable":true,"href":"https:\/\/online.tvk-gaj.pl\/index.php?rest_route=%2Fwp%2Fv2%2Ftags&post=12062"}],"curies":[{"name":"wp","href":"https:\/\/api.w.org\/{rel}","templated":true}]}}