{"id":12082,"date":"2020-06-08T09:21:00","date_gmt":"2020-06-08T07:21:00","guid":{"rendered":"http:\/\/www.tvk-gaj.pl\/~gajonline\/?p=12082"},"modified":"2020-06-08T18:46:23","modified_gmt":"2020-06-08T16:46:23","slug":"fundusz-osiedlowy-wybrane-projekty-na-gaju","status":"publish","type":"post","link":"https:\/\/online.tvk-gaj.pl\/?p=12082","title":{"rendered":"Fundusz osiedlowy &#8211; wybrane projekty na Gaju"},"content":{"rendered":"\n<p>Publikujemy list\u0119 zatwierdzonych przez Rad\u0119 Osiedla Gaj projekt\u00f3w Funduszu Osiedlowego na lata 2020-2021.<\/p>\n\n\n\n<p><\/p>\n\n\n\n<p><\/p>\n\n\n\n<figure class=\"wp-block-image size-large\"><img decoding=\"async\" src=\"http:\/\/www.tvk-gaj.pl\/~gajonline\/wp-content\/uploads\/2020\/06\/fundusz-osiedlowy-wroclaw.jpg\" alt=\"\" class=\"wp-image-12083\"\/><\/figure>\n\n\n\n<p><\/p>\n\n\n\n<p><\/p>\n\n\n\n<p><\/p>\n\n\n\n<p><strong>Czym jest fundusz osiedlowy?<\/strong><\/p>\n\n\n\n<p>Fundusz osiedlowy to (miejskie) narz\u0119dzie umo\u017cliwiaj\u0105ce skuteczne dzia\u0142anie osiedli poprzez <strong>inwestycje s\u0142u\u017c\u0105ce mieszka\u0144com<\/strong> w podnoszeniu jako\u015bci \u017cycia w miejscu ich zamieszkiwania. Tak\u0105 definicj\u0119 funduszu osiedlowego przygotowa\u0142 magistrat tworz\u0105c pilota\u017cowy dla Wroc\u0142awia projekt przydzielenia bud\u017cetu inwestycyjnego dla ka\u017cdego wroc\u0142awskiego osiedla. <\/p>\n\n\n\n<blockquote class=\"wp-block-quote is-layout-flow wp-block-quote-is-layout-flow\"><p>W skr\u00f3cie ka\u017cde osiedle w ramach bud\u017cetu miasta otrzyma mo\u017cno\u015b\u0107 zadysponowania okre\u015blonej puli \u015brodk\u00f3w, z przeznaczeniem na realizacj\u0119 wybranych projekt\u00f3w inwestycyjnych. B\u0119dzie mo\u017cna ubiega\u0107 si\u0119&nbsp; o realizacj\u0119 \u201edrobnych\u201d, ale potrzebnych inwestycji na swoim terenie. Bardzo istotnym w tym przypadku b\u0119dzie g\u0142os i wola mieszka\u0144c\u00f3w. Wymogiem b\u0119dzie przeprowadzenie lokalnych konsultacji spo\u0142ecznych poprzedzaj\u0105cych aplikowanie o te \u015brodki bud\u017cetowe.<\/p><cite><br><em>\u0179rod\u0142o: www.wroclaw.pl<\/em><\/cite><\/blockquote>\n\n\n\n<p><\/p>\n\n\n\n<p><\/p>\n\n\n\n<div class=\"wp-block-image is-style-default\"><figure class=\"aligncenter size-large\"><img loading=\"lazy\" decoding=\"async\" width=\"1024\" height=\"768\" src=\"http:\/\/www.tvk-gaj.pl\/~gajonline\/wp-content\/uploads\/2019\/03\/2019-03-30-11.56.35-1024x768.jpg\" alt=\"\" class=\"wp-image-10941\" srcset=\"https:\/\/online.tvk-gaj.pl\/wp-content\/uploads\/2019\/03\/2019-03-30-11.56.35-1024x768.jpg 1024w, https:\/\/online.tvk-gaj.pl\/wp-content\/uploads\/2019\/03\/2019-03-30-11.56.35-300x225.jpg 300w, https:\/\/online.tvk-gaj.pl\/wp-content\/uploads\/2019\/03\/2019-03-30-11.56.35-768x576.jpg 768w\" sizes=\"auto, (max-width: 1024px) 100vw, 1024px\" \/><figcaption><em>Zdj\u0119cie pogl\u0105dowe. <\/em><\/figcaption><\/figure><\/div>\n\n\n\n<p><\/p>\n\n\n\n<p><\/p>\n\n\n\n<p><\/p>\n\n\n\n<p><strong>Jakim bud\u017cetem dysponuje Gaj na lata 2020-2021?<\/strong><\/p>\n\n\n\n<p>Kwota jak\u0105 dysponuje Osiedle Gaj (na lata 2020-2021) to: <strong>1 039 623, 22z\u0142. <\/strong><\/p>\n\n\n\n<p><\/p>\n\n\n\n<p><\/p>\n\n\n\n<p><strong>Projekty zatwierdzone przez Rad\u0119 Osiedla Gaj:<\/strong><\/p>\n\n\n\n<p><\/p>\n\n\n\n<p><em>Opublikowan\u0105 list\u0119 nale\u017cy traktowa\u0107 jako wst\u0119pn\u0105, z kt\u00f3rej tylko cz\u0119\u015b\u0107 zostanie zrealizowana. Pozosta\u0142e projekty trafi\u0105 na tzw. list\u0119 rezerwow\u0105. <\/em><\/p>\n\n\n\n<p><\/p>\n\n\n\n<p><\/p>\n\n\n\n<blockquote class=\"wp-block-quote is-layout-flow wp-block-quote-is-layout-flow\"><p>1. Parking na ulicy Krynickiej 34-42 (etap I)<\/p><p>2. Park S\u0142oneczny &#8211; monta\u017c nowych \u0142awek<\/p><p>3. Ulica Krynicka 82-92 &#8211; wymiana nawierzchni jezdni i budowa chodnika<\/p><p>4. Progi drogowe &#8211; poduszki berli\u0144skie wzd\u0142u\u017c ulic \u015awieradowskiej i Niemcza\u0144skiej<\/p><p>5. Wjazd do Przedszkola nr 49 im. Tysi\u0105clecia Miasta Wroc\u0142awia<\/p><p>6. Przebudowa ul. Dzia\u0142kowej i podw\u00f3rek (etap I &#8211; projekt rewitalizacji)<\/p><p>7. Ulica Radkowska &#8211; remont ulicy.<\/p><\/blockquote>\n\n\n\n<p><\/p>\n\n\n\n<p><\/p>\n\n\n\n<p><strong>Co dalej z projektami?<\/strong><\/p>\n\n\n\n<p>Ostateczny zakres i kosztorys zg\u0142oszonych projekt\u00f3w b\u0119dzie konsultowany z magistratem w terminie do 24 sierpnia. Ostateczne wyniki konsultacji, a wi\u0119c list\u0119 projekt\u00f3w przekazanych do realizacji poznamy 31 sierpnia. O dalszych etapach funduszu osiedlowego b\u0119dziemy Was na bie\u017c\u0105co informowa\u0107. <\/p>\n\n\n\n<p><\/p>\n\n\n\n<p><\/p>\n\n\n\n<p><\/p>\n\n\n\n<p><\/p>\n\n\n\n<p><\/p>\n","protected":false},"excerpt":{"rendered":"<p>Publikujemy list\u0119 zatwierdzonych przez Rad\u0119 Osiedla Gaj projekt\u00f3w Funduszu Osiedlowego na lata 2020-2021. Czym jest fundusz osiedlowy? Fundusz osiedlowy to (miejskie) narz\u0119dzie umo\u017cliwiaj\u0105ce skuteczne dzia\u0142anie osiedli poprzez inwestycje s\u0142u\u017c\u0105ce mieszka\u0144com w podnoszeniu jako\u015bci \u017cycia w miejscu ich zamieszkiwania. Tak\u0105 definicj\u0119 funduszu osiedlowego przygotowa\u0142 magistrat tworz\u0105c pilota\u017cowy dla Wroc\u0142awia projekt przydzielenia bud\u017cetu inwestycyjnego dla ka\u017cdego wroc\u0142awskiego [&hellip;]<\/p>\n","protected":false},"author":1,"featured_media":12083,"comment_status":"open","ping_status":"open","sticky":false,"template":"","format":"standard","meta":{"footnotes":""},"categories":[14,12],"tags":[1300,1228,112,166,1299,1301,135],"class_list":["post-12082","post","type-post","status-publish","format-standard","has-post-thumbnail","hentry","category-aktualnosci","category-artykuly","tag-1mln-dla-gaju","tag-fundusz-osiedlowy","tag-gaj","tag-osiedle-gaj","tag-pieniadze","tag-projekty-na-gaju-fundusz-osiedlowy","tag-rada-osiedla-gaj"],"_links":{"self":[{"href":"https:\/\/online.tvk-gaj.pl\/index.php?rest_route=\/wp\/v2\/posts\/12082","targetHints":{"allow":["GET"]}}],"collection":[{"href":"https:\/\/online.tvk-gaj.pl\/index.php?rest_route=\/wp\/v2\/posts"}],"about":[{"href":"https:\/\/online.tvk-gaj.pl\/index.php?rest_route=\/wp\/v2\/types\/post"}],"author":[{"embeddable":true,"href":"https:\/\/online.tvk-gaj.pl\/index.php?rest_route=\/wp\/v2\/users\/1"}],"replies":[{"embeddable":true,"href":"https:\/\/online.tvk-gaj.pl\/index.php?rest_route=%2Fwp%2Fv2%2Fcomments&post=12082"}],"version-history":[{"count":6,"href":"https:\/\/online.tvk-gaj.pl\/index.php?rest_route=\/wp\/v2\/posts\/12082\/revisions"}],"predecessor-version":[{"id":12093,"href":"https:\/\/online.tvk-gaj.pl\/index.php?rest_route=\/wp\/v2\/posts\/12082\/revisions\/12093"}],"wp:featuredmedia":[{"embeddable":true,"href":"https:\/\/online.tvk-gaj.pl\/index.php?rest_route=\/wp\/v2\/media\/12083"}],"wp:attachment":[{"href":"https:\/\/online.tvk-gaj.pl\/index.php?rest_route=%2Fwp%2Fv2%2Fmedia&parent=12082"}],"wp:term":[{"taxonomy":"category","embeddable":true,"href":"https:\/\/online.tvk-gaj.pl\/index.php?rest_route=%2Fwp%2Fv2%2Fcategories&post=12082"},{"taxonomy":"post_tag","embeddable":true,"href":"https:\/\/online.tvk-gaj.pl\/index.php?rest_route=%2Fwp%2Fv2%2Ftags&post=12082"}],"curies":[{"name":"wp","href":"https:\/\/api.w.org\/{rel}","templated":true}]}}