{"id":12100,"date":"2020-06-25T20:10:55","date_gmt":"2020-06-25T18:10:55","guid":{"rendered":"http:\/\/www.tvk-gaj.pl\/~gajonline\/?p=12100"},"modified":"2020-06-25T20:11:57","modified_gmt":"2020-06-25T18:11:57","slug":"wybory-prezydenckie-2020-gdzie-glosowac","status":"publish","type":"post","link":"https:\/\/online.tvk-gaj.pl\/?p=12100","title":{"rendered":"Wybory Prezydenckie 2020 &#8211; gdzie g\u0142osowa\u0107"},"content":{"rendered":"\n<p>W najbli\u017csz\u0105 niedziel\u0119, 28 czerwca, w godz. 7-21, odb\u0119d\u0105 si\u0119 wybory Prezydenta Rzeczypospolitej Polskiej. Je\u017celi jeszcze nie wiecie gdzie mo\u017cecie g\u0142osowa\u0107 oraz pod jakim adresem znajduje si\u0119 Wasz lokal wyborczy to publikujemy list\u0119 lokali wyborczych znajduj\u0105cych si\u0119 w obr\u0119bie Gaju.<\/p>\n\n\n\n<p><\/p>\n\n\n\n<p><\/p>\n\n\n\n<figure class=\"wp-block-image size-large\"><img loading=\"lazy\" decoding=\"async\" width=\"960\" height=\"720\" src=\"http:\/\/www.tvk-gaj.pl\/~gajonline\/wp-content\/uploads\/2013\/05\/PICT3455.jpg\" alt=\"\" class=\"wp-image-1139\" srcset=\"https:\/\/online.tvk-gaj.pl\/wp-content\/uploads\/2013\/05\/PICT3455.jpg 960w, https:\/\/online.tvk-gaj.pl\/wp-content\/uploads\/2013\/05\/PICT3455-300x225.jpg 300w\" sizes=\"auto, (max-width: 960px) 100vw, 960px\" \/><\/figure>\n\n\n\n<p><\/p>\n\n\n\n<p><\/p>\n\n\n\n<p><strong>Lista okr\u0119g\u00f3w wyborczych na Gaju<\/strong><\/p>\n\n\n\n<p><\/p>\n\n\n\n<p><\/p>\n\n\n\n<figure class=\"wp-block-image size-large\"><img loading=\"lazy\" decoding=\"async\" width=\"949\" height=\"1024\" src=\"http:\/\/www.tvk-gaj.pl\/~gajonline\/wp-content\/uploads\/2020\/06\/Zrzut-ekranu-2020-06-25-o-19.32.45-949x1024.png\" alt=\"\" class=\"wp-image-12102\" srcset=\"https:\/\/online.tvk-gaj.pl\/wp-content\/uploads\/2020\/06\/Zrzut-ekranu-2020-06-25-o-19.32.45-949x1024.png 949w, https:\/\/online.tvk-gaj.pl\/wp-content\/uploads\/2020\/06\/Zrzut-ekranu-2020-06-25-o-19.32.45-278x300.png 278w, https:\/\/online.tvk-gaj.pl\/wp-content\/uploads\/2020\/06\/Zrzut-ekranu-2020-06-25-o-19.32.45-768x829.png 768w, https:\/\/online.tvk-gaj.pl\/wp-content\/uploads\/2020\/06\/Zrzut-ekranu-2020-06-25-o-19.32.45.png 1111w\" sizes=\"auto, (max-width: 949px) 100vw, 949px\" \/><\/figure>\n\n\n\n<p><\/p>\n\n\n\n<p><\/p>\n\n\n\n<p><strong>Wyszukiwarka lokalu wyborczego<\/strong><\/p>\n\n\n\n<p><\/p>\n\n\n\n<div class=\"wp-block-image\"><figure class=\"aligncenter\"><a href=\"http:\/\/www.wroclaw.pl\/komisje-wyborcze-lokale-wyborcze-wroclaw-wyszukiwarka\"><img loading=\"lazy\" decoding=\"async\" width=\"630\" height=\"350\" src=\"http:\/\/www.tvk-gaj.pl\/~gajonline\/wp-content\/uploads\/2015\/10\/wyszukiwarka-lokali-wyborczych.jpg\" alt=\"wyszukiwarka-lokali-wyborczych\" class=\"wp-image-5140\" srcset=\"https:\/\/online.tvk-gaj.pl\/wp-content\/uploads\/2015\/10\/wyszukiwarka-lokali-wyborczych.jpg 630w, https:\/\/online.tvk-gaj.pl\/wp-content\/uploads\/2015\/10\/wyszukiwarka-lokali-wyborczych-300x167.jpg 300w\" sizes=\"auto, (max-width: 630px) 100vw, 630px\" \/><\/a><\/figure><\/div>\n\n\n\n<p><\/p>\n\n\n\n<p><\/p>\n\n\n\n<p>Miasto udost\u0119pni\u0142o na swojej stronie www wyszukiwark\u0119 lokali wyborczych po adresie zamieszkania. Wyszukiwarka dost\u0119pna <a href=\"https:\/\/gis.um.wroc.pl\/portal\/apps\/webappviewer\/index.html?id=0cf4a7fc9d6f450d9234d58db37756d7\" target=\"_blank\" rel=\"noreferrer noopener\">pod tym adresem.<\/a><\/p>\n\n\n\n<p><\/p>\n\n\n\n<p><\/p>\n\n\n\n<p><\/p>\n","protected":false},"excerpt":{"rendered":"<p>W najbli\u017csz\u0105 niedziel\u0119, 28 czerwca, w godz. 7-21, odb\u0119d\u0105 si\u0119 wybory Prezydenta Rzeczypospolitej Polskiej. Je\u017celi jeszcze nie wiecie gdzie mo\u017cecie g\u0142osowa\u0107 oraz pod jakim adresem znajduje si\u0119 Wasz lokal wyborczy to publikujemy list\u0119 lokali wyborczych znajduj\u0105cych si\u0119 w obr\u0119bie Gaju. Lista okr\u0119g\u00f3w wyborczych na Gaju Wyszukiwarka lokalu wyborczego Miasto udost\u0119pni\u0142o na swojej stronie www wyszukiwark\u0119 [&hellip;]<\/p>\n","protected":false},"author":1,"featured_media":12101,"comment_status":"open","ping_status":"open","sticky":false,"template":"","format":"standard","meta":{"footnotes":""},"categories":[14,12],"tags":[112,1309,166,1306,1308],"class_list":["post-12100","post","type-post","status-publish","format-standard","has-post-thumbnail","hentry","category-aktualnosci","category-artykuly","tag-gaj","tag-lokale-wyborcze-na-gaju","tag-osiedle-gaj","tag-wybory-2020","tag-wybory-na-gaju"],"_links":{"self":[{"href":"https:\/\/online.tvk-gaj.pl\/index.php?rest_route=\/wp\/v2\/posts\/12100","targetHints":{"allow":["GET"]}}],"collection":[{"href":"https:\/\/online.tvk-gaj.pl\/index.php?rest_route=\/wp\/v2\/posts"}],"about":[{"href":"https:\/\/online.tvk-gaj.pl\/index.php?rest_route=\/wp\/v2\/types\/post"}],"author":[{"embeddable":true,"href":"https:\/\/online.tvk-gaj.pl\/index.php?rest_route=\/wp\/v2\/users\/1"}],"replies":[{"embeddable":true,"href":"https:\/\/online.tvk-gaj.pl\/index.php?rest_route=%2Fwp%2Fv2%2Fcomments&post=12100"}],"version-history":[{"count":3,"href":"https:\/\/online.tvk-gaj.pl\/index.php?rest_route=\/wp\/v2\/posts\/12100\/revisions"}],"predecessor-version":[{"id":12105,"href":"https:\/\/online.tvk-gaj.pl\/index.php?rest_route=\/wp\/v2\/posts\/12100\/revisions\/12105"}],"wp:featuredmedia":[{"embeddable":true,"href":"https:\/\/online.tvk-gaj.pl\/index.php?rest_route=\/wp\/v2\/media\/12101"}],"wp:attachment":[{"href":"https:\/\/online.tvk-gaj.pl\/index.php?rest_route=%2Fwp%2Fv2%2Fmedia&parent=12100"}],"wp:term":[{"taxonomy":"category","embeddable":true,"href":"https:\/\/online.tvk-gaj.pl\/index.php?rest_route=%2Fwp%2Fv2%2Fcategories&post=12100"},{"taxonomy":"post_tag","embeddable":true,"href":"https:\/\/online.tvk-gaj.pl\/index.php?rest_route=%2Fwp%2Fv2%2Ftags&post=12100"}],"curies":[{"name":"wp","href":"https:\/\/api.w.org\/{rel}","templated":true}]}}