{"id":12107,"date":"2020-08-02T14:18:45","date_gmt":"2020-08-02T12:18:45","guid":{"rendered":"http:\/\/www.tvk-gaj.pl\/~gajonline\/?p=12107"},"modified":"2020-08-02T14:19:35","modified_gmt":"2020-08-02T12:19:35","slug":"klopotliwe-skrzyzowanie-jablecznej-z-orzechowa","status":"publish","type":"post","link":"https:\/\/online.tvk-gaj.pl\/?p=12107","title":{"rendered":"K\u0142opotliwe skrzy\u017cowanie Jab\u0142ecznej z Orzechow\u0105"},"content":{"rendered":"\n<p>Skrzy\u017cowanie ulic Jab\u0142ecznej i Orzechowej cz\u0119sto bywa \u015bwiadkiem niebezpiecznych sytuacji wymuszania pierwsze\u0144stwa przejazdu. Wyja\u015bniamy wi\u0119c kto na tym skrzy\u017cowaniu ma pierwsze\u0144stwo i jaki jest status prawny ulicy Jab\u0142ecznej. <\/p>\n\n\n\n<p><\/p>\n\n\n\n<p>Interpretacja przepis\u00f3w ruchu drogowego bywa czasem k\u0142opotliwa nie tylko dla najm\u0142odszych sta\u017cem kierowc\u00f3w. \u015awietnym tego przyk\u0142adem jest popularne na Gaju skrzy\u017cowanie ulic Orzechowej i Jab\u0142ecznej. <\/p>\n\n\n\n<p><\/p>\n\n\n\n<figure class=\"wp-block-image size-large\"><img loading=\"lazy\" decoding=\"async\" width=\"1024\" height=\"674\" src=\"http:\/\/www.tvk-gaj.pl\/~gajonline\/wp-content\/uploads\/2020\/08\/Zrzut-ekranu-2020-08-2-o-13.51.40-1-1024x674.png\" alt=\"\" class=\"wp-image-12112\" srcset=\"https:\/\/online.tvk-gaj.pl\/wp-content\/uploads\/2020\/08\/Zrzut-ekranu-2020-08-2-o-13.51.40-1-1024x674.png 1024w, https:\/\/online.tvk-gaj.pl\/wp-content\/uploads\/2020\/08\/Zrzut-ekranu-2020-08-2-o-13.51.40-1-300x197.png 300w, https:\/\/online.tvk-gaj.pl\/wp-content\/uploads\/2020\/08\/Zrzut-ekranu-2020-08-2-o-13.51.40-1-768x506.png 768w, https:\/\/online.tvk-gaj.pl\/wp-content\/uploads\/2020\/08\/Zrzut-ekranu-2020-08-2-o-13.51.40-1-207x136.png 207w, https:\/\/online.tvk-gaj.pl\/wp-content\/uploads\/2020\/08\/Zrzut-ekranu-2020-08-2-o-13.51.40-1-260x170.png 260w, https:\/\/online.tvk-gaj.pl\/wp-content\/uploads\/2020\/08\/Zrzut-ekranu-2020-08-2-o-13.51.40-1-430x283.png 430w, https:\/\/online.tvk-gaj.pl\/wp-content\/uploads\/2020\/08\/Zrzut-ekranu-2020-08-2-o-13.51.40-1.png 1463w\" sizes=\"auto, (max-width: 1024px) 100vw, 1024px\" \/><\/figure>\n\n\n\n<p><\/p>\n\n\n\n<p>Ulica Jab\u0142eczna jest <strong>drog\u0105 wewn\u0119trzn\u0105 oraz drog\u0105 prywatn\u0105<\/strong>, b\u0119d\u0105c\u0105 w zarz\u0105dzaniu mieszka\u0144c\u00f3w wsp\u00f3lnot mieszkaniowych zlokalizowanych przy tej ulicy.<\/p>\n\n\n\n<figure class=\"wp-block-image size-large\"><img loading=\"lazy\" decoding=\"async\" width=\"1024\" height=\"673\" src=\"http:\/\/www.tvk-gaj.pl\/~gajonline\/wp-content\/uploads\/2020\/08\/Zrzut-ekranu-2020-08-2-o-13.51.18-1024x673.png\" alt=\"\" class=\"wp-image-12113\" srcset=\"https:\/\/online.tvk-gaj.pl\/wp-content\/uploads\/2020\/08\/Zrzut-ekranu-2020-08-2-o-13.51.18-1024x673.png 1024w, https:\/\/online.tvk-gaj.pl\/wp-content\/uploads\/2020\/08\/Zrzut-ekranu-2020-08-2-o-13.51.18-300x197.png 300w, https:\/\/online.tvk-gaj.pl\/wp-content\/uploads\/2020\/08\/Zrzut-ekranu-2020-08-2-o-13.51.18-768x505.png 768w, https:\/\/online.tvk-gaj.pl\/wp-content\/uploads\/2020\/08\/Zrzut-ekranu-2020-08-2-o-13.51.18-207x136.png 207w, https:\/\/online.tvk-gaj.pl\/wp-content\/uploads\/2020\/08\/Zrzut-ekranu-2020-08-2-o-13.51.18-260x170.png 260w, https:\/\/online.tvk-gaj.pl\/wp-content\/uploads\/2020\/08\/Zrzut-ekranu-2020-08-2-o-13.51.18-430x283.png 430w, https:\/\/online.tvk-gaj.pl\/wp-content\/uploads\/2020\/08\/Zrzut-ekranu-2020-08-2-o-13.51.18.png 1435w\" sizes=\"auto, (max-width: 1024px) 100vw, 1024px\" \/><\/figure>\n\n\n\n<p><\/p>\n\n\n\n<p>Informacj\u0119 o drodze wewn\u0119trznej stanowi\u0105\u00a0znaki drogowe D-46 &#8222;Droga wewn\u0119trzna&#8221;. <\/p>\n\n\n\n<p><\/p>\n\n\n\n<p>Pos\u0142uguj\u0105c si\u0119 &#8211; uproszczon\u0105 definicj\u0105\u00a0drogi wewn\u0119trznej:<\/p>\n\n\n\n<p><\/p>\n\n\n\n<blockquote class=\"wp-block-quote is-layout-flow wp-block-quote-is-layout-flow\"><p><strong>Droga<\/strong>\u00a0niepubliczna, w\u0142a\u015bciwie\u00a0<strong>droga wewn\u0119trzna<\/strong>\u00a0\u2013<strong>droga<\/strong>,\u00a0<strong>droga<\/strong>\u00a0rowerowa, parking, plac przeznaczony do ruchu pojazd\u00f3w, niezaliczona do \u017cadnej z kategorii dr\u00f3g publicznych i niezlokalizowana w pasie drogowym\u00a0<strong>drogi<\/strong>\u00a0publicznej.<\/p><\/blockquote>\n\n\n\n<p><\/p>\n\n\n\n<figure class=\"wp-block-image size-large\"><img loading=\"lazy\" decoding=\"async\" width=\"1024\" height=\"674\" src=\"http:\/\/www.tvk-gaj.pl\/~gajonline\/wp-content\/uploads\/2020\/08\/Zrzut-ekranu-2020-08-2-o-14.17.11-1024x674.png\" alt=\"\" class=\"wp-image-12114\" srcset=\"https:\/\/online.tvk-gaj.pl\/wp-content\/uploads\/2020\/08\/Zrzut-ekranu-2020-08-2-o-14.17.11-1024x674.png 1024w, https:\/\/online.tvk-gaj.pl\/wp-content\/uploads\/2020\/08\/Zrzut-ekranu-2020-08-2-o-14.17.11-300x197.png 300w, https:\/\/online.tvk-gaj.pl\/wp-content\/uploads\/2020\/08\/Zrzut-ekranu-2020-08-2-o-14.17.11-768x506.png 768w, https:\/\/online.tvk-gaj.pl\/wp-content\/uploads\/2020\/08\/Zrzut-ekranu-2020-08-2-o-14.17.11-207x136.png 207w, https:\/\/online.tvk-gaj.pl\/wp-content\/uploads\/2020\/08\/Zrzut-ekranu-2020-08-2-o-14.17.11-260x170.png 260w, https:\/\/online.tvk-gaj.pl\/wp-content\/uploads\/2020\/08\/Zrzut-ekranu-2020-08-2-o-14.17.11-430x283.png 430w, https:\/\/online.tvk-gaj.pl\/wp-content\/uploads\/2020\/08\/Zrzut-ekranu-2020-08-2-o-14.17.11.png 1463w\" sizes=\"auto, (max-width: 1024px) 100vw, 1024px\" \/><\/figure>\n\n\n\n<p><\/p>\n\n\n\n<p><\/p>\n\n\n\n<p><\/p>\n\n\n\n<p>Wyje\u017cd\u017caj\u0105cy z drogi wewn\u0119trznej s\u0105 w\u0142\u0105czaj\u0105cymi si\u0119 do ruchu st\u0105d <strong>pierwsze\u0144stwo przejazdu na skrzy\u017cowaniu z Orzechow\u0105 maj\u0105 pojazdy poruszaj\u0105ce si\u0119 ulic\u0105 Orzechow\u0105.<\/strong> Nie ma tutaj zastosowanie regu\u0142y prawej r\u0119ki. Pojazdy wyje\u017cd\u017caj\u0105ce z ulicy Jab\u0142ecznej s\u0105 w\u0142\u0105czaj\u0105cymi si\u0119 do ruchu i to one maj\u0105\u00a0obowi\u0105zek ust\u0105pienia pierwsze\u0144stwa przejazdu.<\/p>\n\n\n\n<p><\/p>\n\n\n\n<p>To samo tyczy si\u0119 skrzy\u017cowania ulic Jab\u0142ecznej i Borowskiej, cho\u0107 tam obecno\u015b\u0107 skrzy\u017cowania o ruchu kierowanym, tj. z sygnalizacj\u0105 \u015bwietln\u0105, znacz\u0105co u\u0142atwia interpretacj\u0119 przepis\u00f3w prawo o ruchu drogowym .<\/p>\n\n\n\n<p><\/p>\n\n\n\n<p><\/p>\n\n\n\n<p><\/p>\n\n\n\n<p><\/p>\n","protected":false},"excerpt":{"rendered":"<p>Skrzy\u017cowanie ulic Jab\u0142ecznej i Orzechowej cz\u0119sto bywa \u015bwiadkiem niebezpiecznych sytuacji wymuszania pierwsze\u0144stwa przejazdu. Wyja\u015bniamy wi\u0119c kto na tym skrzy\u017cowaniu ma pierwsze\u0144stwo i jaki jest status prawny ulicy Jab\u0142ecznej. Interpretacja przepis\u00f3w ruchu drogowego bywa czasem k\u0142opotliwa nie tylko dla najm\u0142odszych sta\u017cem kierowc\u00f3w. \u015awietnym tego przyk\u0142adem jest popularne na Gaju skrzy\u017cowanie ulic Orzechowej i Jab\u0142ecznej. Ulica Jab\u0142eczna [&hellip;]<\/p>\n","protected":false},"author":1,"featured_media":12111,"comment_status":"open","ping_status":"open","sticky":false,"template":"","format":"standard","meta":{"footnotes":""},"categories":[14,12],"tags":[252,250,218,248],"class_list":["post-12107","post","type-post","status-publish","format-standard","has-post-thumbnail","hentry","category-aktualnosci","category-artykuly","tag-droga-wewnetrzna","tag-jableczna","tag-orzechowa","tag-skrzyzowanie"],"_links":{"self":[{"href":"https:\/\/online.tvk-gaj.pl\/index.php?rest_route=\/wp\/v2\/posts\/12107","targetHints":{"allow":["GET"]}}],"collection":[{"href":"https:\/\/online.tvk-gaj.pl\/index.php?rest_route=\/wp\/v2\/posts"}],"about":[{"href":"https:\/\/online.tvk-gaj.pl\/index.php?rest_route=\/wp\/v2\/types\/post"}],"author":[{"embeddable":true,"href":"https:\/\/online.tvk-gaj.pl\/index.php?rest_route=\/wp\/v2\/users\/1"}],"replies":[{"embeddable":true,"href":"https:\/\/online.tvk-gaj.pl\/index.php?rest_route=%2Fwp%2Fv2%2Fcomments&post=12107"}],"version-history":[{"count":2,"href":"https:\/\/online.tvk-gaj.pl\/index.php?rest_route=\/wp\/v2\/posts\/12107\/revisions"}],"predecessor-version":[{"id":12116,"href":"https:\/\/online.tvk-gaj.pl\/index.php?rest_route=\/wp\/v2\/posts\/12107\/revisions\/12116"}],"wp:featuredmedia":[{"embeddable":true,"href":"https:\/\/online.tvk-gaj.pl\/index.php?rest_route=\/wp\/v2\/media\/12111"}],"wp:attachment":[{"href":"https:\/\/online.tvk-gaj.pl\/index.php?rest_route=%2Fwp%2Fv2%2Fmedia&parent=12107"}],"wp:term":[{"taxonomy":"category","embeddable":true,"href":"https:\/\/online.tvk-gaj.pl\/index.php?rest_route=%2Fwp%2Fv2%2Fcategories&post=12107"},{"taxonomy":"post_tag","embeddable":true,"href":"https:\/\/online.tvk-gaj.pl\/index.php?rest_route=%2Fwp%2Fv2%2Ftags&post=12107"}],"curies":[{"name":"wp","href":"https:\/\/api.w.org\/{rel}","templated":true}]}}