{"id":12122,"date":"2020-08-20T13:18:09","date_gmt":"2020-08-20T11:18:09","guid":{"rendered":"http:\/\/www.tvk-gaj.pl\/~gajonline\/?p=12122"},"modified":"2020-09-02T20:26:07","modified_gmt":"2020-09-02T18:26:07","slug":"zmarl-radny-osiedla-gaj","status":"publish","type":"post","link":"https:\/\/online.tvk-gaj.pl\/?p=12122","title":{"rendered":"Zmar\u0142 radny Osiedla Gaj"},"content":{"rendered":"\n<p>Z g\u0142\u0119bokim \u017calem informujemy, \u017ce zmar\u0142 radny Osiedla Gaj &#8211; Pan Marian Badziak.<\/p>\n\n\n\n<!--more-->\n\n\n\n<p><\/p>\n\n\n\n<p>Uroczysto\u015bci pogrzebowe odb\u0119d\u0105 si\u0119 w najbli\u017cszy pi\u0105tek, 21 sierpnia, o godzinie 11:00 na cmentarzu Ducha \u015awi\u0119tego przy ul. Bardzkiej.&nbsp;<\/p>\n\n\n\n<p><\/p>\n\n\n\n<figure class=\"wp-block-image size-large\"><img loading=\"lazy\" decoding=\"async\" width=\"1024\" height=\"723\" src=\"http:\/\/www.tvk-gaj.pl\/~gajonline\/wp-content\/uploads\/2020\/08\/Zrzut-ekranu-2020-08-18-o-20.57.31-1024x723.png\" alt=\"\" class=\"wp-image-12153\" srcset=\"https:\/\/online.tvk-gaj.pl\/wp-content\/uploads\/2020\/08\/Zrzut-ekranu-2020-08-18-o-20.57.31-1024x723.png 1024w, https:\/\/online.tvk-gaj.pl\/wp-content\/uploads\/2020\/08\/Zrzut-ekranu-2020-08-18-o-20.57.31-300x212.png 300w, https:\/\/online.tvk-gaj.pl\/wp-content\/uploads\/2020\/08\/Zrzut-ekranu-2020-08-18-o-20.57.31-768x542.png 768w, https:\/\/online.tvk-gaj.pl\/wp-content\/uploads\/2020\/08\/Zrzut-ekranu-2020-08-18-o-20.57.31.png 1271w\" sizes=\"auto, (max-width: 1024px) 100vw, 1024px\" \/><\/figure>\n\n\n\n<p><\/p>\n\n\n\n<p>Pogr\u0105\u017conej w \u017calu rodzinie sk\u0142adamy najszczersze kondolencje.<\/p>\n\n\n\n<p><\/p>\n\n\n\n<p><\/p>\n\n\n\n<p><\/p>\n\n\n\n<p><\/p>\n\n\n\n<p><em>Przewodnicz\u0105cy Rady Osiedla Gaj &#8211; Adam Wojtaszewski. <\/em><\/p>\n\n\n\n<p><\/p>\n","protected":false},"excerpt":{"rendered":"<p>Z g\u0142\u0119bokim \u017calem informujemy, \u017ce zmar\u0142 radny Osiedla Gaj &#8211; Pan Marian Badziak.<\/p>\n","protected":false},"author":1,"featured_media":12154,"comment_status":"open","ping_status":"open","sticky":false,"template":"","format":"standard","meta":{"footnotes":""},"categories":[14],"tags":[1315,135,1316],"class_list":["post-12122","post","type-post","status-publish","format-standard","has-post-thumbnail","hentry","category-aktualnosci","tag-marian-badziak","tag-rada-osiedla-gaj","tag-zmarl-radny-osiedla-gaj"],"_links":{"self":[{"href":"https:\/\/online.tvk-gaj.pl\/index.php?rest_route=\/wp\/v2\/posts\/12122","targetHints":{"allow":["GET"]}}],"collection":[{"href":"https:\/\/online.tvk-gaj.pl\/index.php?rest_route=\/wp\/v2\/posts"}],"about":[{"href":"https:\/\/online.tvk-gaj.pl\/index.php?rest_route=\/wp\/v2\/types\/post"}],"author":[{"embeddable":true,"href":"https:\/\/online.tvk-gaj.pl\/index.php?rest_route=\/wp\/v2\/users\/1"}],"replies":[{"embeddable":true,"href":"https:\/\/online.tvk-gaj.pl\/index.php?rest_route=%2Fwp%2Fv2%2Fcomments&post=12122"}],"version-history":[{"count":3,"href":"https:\/\/online.tvk-gaj.pl\/index.php?rest_route=\/wp\/v2\/posts\/12122\/revisions"}],"predecessor-version":[{"id":12161,"href":"https:\/\/online.tvk-gaj.pl\/index.php?rest_route=\/wp\/v2\/posts\/12122\/revisions\/12161"}],"wp:featuredmedia":[{"embeddable":true,"href":"https:\/\/online.tvk-gaj.pl\/index.php?rest_route=\/wp\/v2\/media\/12154"}],"wp:attachment":[{"href":"https:\/\/online.tvk-gaj.pl\/index.php?rest_route=%2Fwp%2Fv2%2Fmedia&parent=12122"}],"wp:term":[{"taxonomy":"category","embeddable":true,"href":"https:\/\/online.tvk-gaj.pl\/index.php?rest_route=%2Fwp%2Fv2%2Fcategories&post=12122"},{"taxonomy":"post_tag","embeddable":true,"href":"https:\/\/online.tvk-gaj.pl\/index.php?rest_route=%2Fwp%2Fv2%2Ftags&post=12122"}],"curies":[{"name":"wp","href":"https:\/\/api.w.org\/{rel}","templated":true}]}}