{"id":12160,"date":"2020-09-02T20:38:21","date_gmt":"2020-09-02T18:38:21","guid":{"rendered":"http:\/\/www.tvk-gaj.pl\/~gajonline\/?p=12160"},"modified":"2021-02-04T20:15:39","modified_gmt":"2021-02-04T19:15:39","slug":"biblioteka-osiedlowa-znow-otwarta","status":"publish","type":"post","link":"https:\/\/online.tvk-gaj.pl\/?p=12160","title":{"rendered":"Biblioteka Osiedlowa zn\u00f3w otwarta!"},"content":{"rendered":"\n<p><\/p>\n\n\n\n<p>Po kilku miesi\u0119cznej przerwie w funkcjonowaniu &#8211; spowodowanej pandemi\u0105 koronawirusa i ograniczeniami sanitarnymi &#8211; Biblioteka Osiedlowa na Gaju wznawia swoj\u0105 dzia\u0142alno\u015b\u0107. <\/p>\n\n\n\n<!--more-->\n\n\n\n<p><\/p>\n\n\n\n<p>Osiedlowa Biblioteka to projekt Rady Osiedla Gaj. Jest to alternatywa dla do\u015b\u0107 odleg\u0142ych dla mieszka\u0144c\u00f3w osiedla plac\u00f3wek bibliotek miejskich. <\/p>\n\n\n\n<p><\/p>\n\n\n\n<p>Celem dzia\u0142alno\u015bci biblioteki jest promowanie czytelnictwa, integracja mieszka\u0144c\u00f3w oraz rozwijanie dzia\u0142alno\u015bci Klubu Seniora na inne grupy spo\u0142eczne. <\/p>\n\n\n\n<p><\/p>\n\n\n\n<figure class=\"wp-block-image size-large\"><img loading=\"lazy\" decoding=\"async\" width=\"1024\" height=\"768\" src=\"http:\/\/www.tvk-gaj.pl\/~gajonline\/wp-content\/uploads\/2018\/01\/20180111_180020-1024x768.jpg\" alt=\"\" class=\"wp-image-9915\" srcset=\"https:\/\/online.tvk-gaj.pl\/wp-content\/uploads\/2018\/01\/20180111_180020-1024x768.jpg 1024w, https:\/\/online.tvk-gaj.pl\/wp-content\/uploads\/2018\/01\/20180111_180020-300x225.jpg 300w, https:\/\/online.tvk-gaj.pl\/wp-content\/uploads\/2018\/01\/20180111_180020-768x576.jpg 768w\" sizes=\"auto, (max-width: 1024px) 100vw, 1024px\" \/><\/figure>\n\n\n\n<p><\/p>\n\n\n\n<p><\/p>\n\n\n\n<p><\/p>\n\n\n\n<p><strong>Biblioteka mie\u015bci si\u0119 w Klubie Seniora na Gaju w budynku przychodni zdrowia przy ul. Krynickiej 51 (wej\u015bcie ko\u0142o apteki). <\/strong><\/p>\n\n\n\n<p><\/p>\n\n\n\n<p>Biblioteka czynna jest w ka\u017cd\u0105 \u015brod\u0119 w godzinach 18:00-20:00.<\/p>\n\n\n\n<p><\/p>\n\n\n\n<p><\/p>\n\n\n\n<figure class=\"wp-block-image size-large\"><img loading=\"lazy\" decoding=\"async\" width=\"706\" height=\"941\" src=\"http:\/\/www.tvk-gaj.pl\/~gajonline\/wp-content\/uploads\/2020\/03\/biblioksiazki.jpg\" alt=\"\" class=\"wp-image-11927\" srcset=\"https:\/\/online.tvk-gaj.pl\/wp-content\/uploads\/2020\/03\/biblioksiazki.jpg 706w, https:\/\/online.tvk-gaj.pl\/wp-content\/uploads\/2020\/03\/biblioksiazki-225x300.jpg 225w\" sizes=\"auto, (max-width: 706px) 100vw, 706px\" \/><\/figure>\n\n\n\n<p><\/p>\n\n\n\n<p><\/p>\n\n\n\n<p><\/p>\n\n\n\n<p><strong>ZASADY KORZYSTANIA Z PLAC\u00d3WKI:<\/strong><\/p>\n\n\n\n<p><\/p>\n\n\n\n<p><\/p>\n\n\n\n<figure class=\"wp-block-image size-large\"><img loading=\"lazy\" decoding=\"async\" width=\"1024\" height=\"704\" src=\"http:\/\/www.tvk-gaj.pl\/~gajonline\/wp-content\/uploads\/2020\/09\/Zrzut-ekranu-2020-09-2-o-20.34.09-1-1024x704.png\" alt=\"\" class=\"wp-image-12171\" srcset=\"https:\/\/online.tvk-gaj.pl\/wp-content\/uploads\/2020\/09\/Zrzut-ekranu-2020-09-2-o-20.34.09-1-1024x704.png 1024w, https:\/\/online.tvk-gaj.pl\/wp-content\/uploads\/2020\/09\/Zrzut-ekranu-2020-09-2-o-20.34.09-1-300x206.png 300w, https:\/\/online.tvk-gaj.pl\/wp-content\/uploads\/2020\/09\/Zrzut-ekranu-2020-09-2-o-20.34.09-1-768x528.png 768w, https:\/\/online.tvk-gaj.pl\/wp-content\/uploads\/2020\/09\/Zrzut-ekranu-2020-09-2-o-20.34.09-1.png 1246w\" sizes=\"auto, (max-width: 1024px) 100vw, 1024px\" \/><\/figure>\n\n\n\n<p><\/p>\n\n\n\n<p><\/p>\n\n\n\n<figure class=\"wp-block-image size-large\"><img loading=\"lazy\" decoding=\"async\" width=\"1024\" height=\"705\" src=\"http:\/\/www.tvk-gaj.pl\/~gajonline\/wp-content\/uploads\/2020\/09\/Zrzut-ekranu-2020-09-2-o-20.34.25-1-1024x705.png\" alt=\"\" class=\"wp-image-12172\" srcset=\"https:\/\/online.tvk-gaj.pl\/wp-content\/uploads\/2020\/09\/Zrzut-ekranu-2020-09-2-o-20.34.25-1-1024x705.png 1024w, https:\/\/online.tvk-gaj.pl\/wp-content\/uploads\/2020\/09\/Zrzut-ekranu-2020-09-2-o-20.34.25-1-300x207.png 300w, https:\/\/online.tvk-gaj.pl\/wp-content\/uploads\/2020\/09\/Zrzut-ekranu-2020-09-2-o-20.34.25-1-768x529.png 768w, https:\/\/online.tvk-gaj.pl\/wp-content\/uploads\/2020\/09\/Zrzut-ekranu-2020-09-2-o-20.34.25-1.png 1257w\" sizes=\"auto, (max-width: 1024px) 100vw, 1024px\" \/><\/figure>\n\n\n\n<p><\/p>\n\n\n\n<p><\/p>\n\n\n\n<p><\/p>\n\n\n\n<p><strong>Korzystanie z ksi\u0119gozbioru\u00a0jest bezp\u0142atne<\/strong>!<\/p>\n\n\n\n<p><\/p>\n\n\n\n<p><\/p>\n","protected":false},"excerpt":{"rendered":"<p>Po kilku miesi\u0119cznej przerwie w funkcjonowaniu &#8211; spowodowanej pandemi\u0105 koronawirusa i ograniczeniami sanitarnymi &#8211; Biblioteka Osiedlowa na Gaju wznawia swoj\u0105 dzia\u0142alno\u015b\u0107.<\/p>\n","protected":false},"author":1,"featured_media":11919,"comment_status":"open","ping_status":"open","sticky":false,"template":"","format":"standard","meta":{"footnotes":""},"categories":[14,12,1420],"tags":[684,1262,1317,112,421,680],"class_list":["post-12160","post","type-post","status-publish","format-standard","has-post-thumbnail","hentry","category-aktualnosci","category-artykuly","category-biblioteka","tag-biblioteka","tag-biblioteka-osiedlowa","tag-biblioteka-osiedlowa-na-gaju","tag-gaj","tag-klub-seniora-na-gaju","tag-ksiazki"],"_links":{"self":[{"href":"https:\/\/online.tvk-gaj.pl\/index.php?rest_route=\/wp\/v2\/posts\/12160","targetHints":{"allow":["GET"]}}],"collection":[{"href":"https:\/\/online.tvk-gaj.pl\/index.php?rest_route=\/wp\/v2\/posts"}],"about":[{"href":"https:\/\/online.tvk-gaj.pl\/index.php?rest_route=\/wp\/v2\/types\/post"}],"author":[{"embeddable":true,"href":"https:\/\/online.tvk-gaj.pl\/index.php?rest_route=\/wp\/v2\/users\/1"}],"replies":[{"embeddable":true,"href":"https:\/\/online.tvk-gaj.pl\/index.php?rest_route=%2Fwp%2Fv2%2Fcomments&post=12160"}],"version-history":[{"count":3,"href":"https:\/\/online.tvk-gaj.pl\/index.php?rest_route=\/wp\/v2\/posts\/12160\/revisions"}],"predecessor-version":[{"id":12173,"href":"https:\/\/online.tvk-gaj.pl\/index.php?rest_route=\/wp\/v2\/posts\/12160\/revisions\/12173"}],"wp:featuredmedia":[{"embeddable":true,"href":"https:\/\/online.tvk-gaj.pl\/index.php?rest_route=\/wp\/v2\/media\/11919"}],"wp:attachment":[{"href":"https:\/\/online.tvk-gaj.pl\/index.php?rest_route=%2Fwp%2Fv2%2Fmedia&parent=12160"}],"wp:term":[{"taxonomy":"category","embeddable":true,"href":"https:\/\/online.tvk-gaj.pl\/index.php?rest_route=%2Fwp%2Fv2%2Fcategories&post=12160"},{"taxonomy":"post_tag","embeddable":true,"href":"https:\/\/online.tvk-gaj.pl\/index.php?rest_route=%2Fwp%2Fv2%2Ftags&post=12160"}],"curies":[{"name":"wp","href":"https:\/\/api.w.org\/{rel}","templated":true}]}}