{"id":12203,"date":"2020-09-18T21:07:00","date_gmt":"2020-09-18T19:07:00","guid":{"rendered":"http:\/\/www.tvk-gaj.pl\/~gajonline\/?p=12203"},"modified":"2020-10-11T13:46:45","modified_gmt":"2020-10-11T11:46:45","slug":"wroclawski-budzet-obywatelski-2020-ruszylo-glosowanie","status":"publish","type":"post","link":"https:\/\/online.tvk-gaj.pl\/?p=12203","title":{"rendered":"Wroc\u0142awski Bud\u017cet Obywatelski 2020: ruszy\u0142o g\u0142osowanie!"},"content":{"rendered":"\n<p>18 wrze\u015bnia rozpocz\u0119\u0142o si\u0119 g\u0142osowanie do tegorocznej edycji Wroc\u0142awskiego Bud\u017cetu Obywatelskiego. Zach\u0119camy i zapraszamy do g\u0142osowania we Wroc\u0142awskim Bud\u017cecie Obywatelskim 2020! <\/p>\n\n\n\n<!--more-->\n\n\n\n<p><\/p>\n\n\n\n<p><\/p>\n\n\n\n<p><strong>WBO 2020<\/strong><\/p>\n\n\n\n<p><\/p>\n\n\n\n<p><\/p>\n\n\n\n<p>Ruszy\u0142o g\u0142osowanie w tegorocznej edycji Wroc\u0142awskiego Bud\u017cetu Obywatelskiego.  Do 5 pa\u017adziernika wybiera\u0107 mo\u017cemy spo\u015br\u00f3d 199 projekt\u00f3w, za\u015b \u0142\u0105czna pula pieni\u0119dzy przeznaczonych na realizacj\u0119 zwyci\u0119skich pomys\u0142\u00f3w to 25 mln z\u0142otych. <\/p>\n\n\n\n<p><\/p>\n\n\n\n<p><\/p>\n\n\n\n<figure class=\"wp-block-image size-large\"><img loading=\"lazy\" decoding=\"async\" width=\"791\" height=\"360\" src=\"http:\/\/www.tvk-gaj.pl\/~gajonline\/wp-content\/uploads\/2020\/09\/WBO-header-WBO20-790x360-1.png\" alt=\"\" class=\"wp-image-12204\" srcset=\"https:\/\/online.tvk-gaj.pl\/wp-content\/uploads\/2020\/09\/WBO-header-WBO20-790x360-1.png 791w, https:\/\/online.tvk-gaj.pl\/wp-content\/uploads\/2020\/09\/WBO-header-WBO20-790x360-1-300x137.png 300w, https:\/\/online.tvk-gaj.pl\/wp-content\/uploads\/2020\/09\/WBO-header-WBO20-790x360-1-768x350.png 768w\" sizes=\"auto, (max-width: 791px) 100vw, 791px\" \/><\/figure>\n\n\n\n<p><\/p>\n\n\n\n<p><\/p>\n\n\n\n<p>W tym roku g\u0142osowanie trwa w terminie od 18 wrze\u015bnia do 5 pa\u017adziernika. W g\u0142osowaniu bierze udzia\u0142 199 projekt\u00f3w, w tym 122 projekty osiedlowe (do 750 tys. z\u0142) i 77 ponadosiedlowych (do 2 mln z\u0142). <\/p>\n\n\n\n<p><\/p>\n\n\n\n<p><\/p>\n\n\n\n<figure class=\"wp-block-image size-large\"><img loading=\"lazy\" decoding=\"async\" width=\"790\" height=\"361\" src=\"http:\/\/www.tvk-gaj.pl\/~gajonline\/wp-content\/uploads\/2020\/09\/WBO-budzet-790x360-1.png\" alt=\"\" class=\"wp-image-12209\" srcset=\"https:\/\/online.tvk-gaj.pl\/wp-content\/uploads\/2020\/09\/WBO-budzet-790x360-1.png 790w, https:\/\/online.tvk-gaj.pl\/wp-content\/uploads\/2020\/09\/WBO-budzet-790x360-1-300x137.png 300w, https:\/\/online.tvk-gaj.pl\/wp-content\/uploads\/2020\/09\/WBO-budzet-790x360-1-768x351.png 768w\" sizes=\"auto, (max-width: 790px) 100vw, 790px\" \/><\/figure>\n\n\n\n<p><\/p>\n\n\n\n<p><\/p>\n\n\n\n<p><strong>FILM PROMOCYJNY <\/strong><\/p>\n\n\n\n<p><\/p>\n\n\n\n<p><\/p>\n\n\n\n<p><\/p>\n\n\n\n<figure class=\"wp-block-embed-youtube wp-block-embed is-type-video is-provider-youtube wp-embed-aspect-16-9 wp-has-aspect-ratio\"><div class=\"wp-block-embed__wrapper\">\n<iframe loading=\"lazy\" title=\"Wroc\u0142awski Bud\u017cet Obywatelski 2020 - g\u0142osowanie rusza 18 wrze\u015bnia\" width=\"838\" height=\"471\" src=\"https:\/\/www.youtube.com\/embed\/3dXSFc2biHM?feature=oembed\" frameborder=\"0\" allow=\"accelerometer; autoplay; clipboard-write; encrypted-media; gyroscope; picture-in-picture; web-share\" referrerpolicy=\"strict-origin-when-cross-origin\" allowfullscreen><\/iframe>\n<\/div><\/figure>\n\n\n\n<p><\/p>\n\n\n\n<p><\/p>\n\n\n\n<p><\/p>\n\n\n\n<p><strong>G\u0141OSOWANIE <\/strong><\/p>\n\n\n\n<p><\/p>\n\n\n\n<p><\/p>\n\n\n\n<p>G\u0142osowanie rozpocz\u0119\u0142o si\u0119 18 wrze\u015bnia o godzinie 9.00, potrwa dwa tygodnie i zako\u0144czy si\u0119 5 pa\u017adziernika o godz. 23.59. Podobnie jak w zesz\u0142ym roku g\u0142osowanie odbywa si\u0119 w formie elektronicznej i w formie papierowej. W tym roku szczeg\u00f3lnie polecamy g\u0142osowanie elektroniczne!<\/p>\n\n\n\n<p><\/p>\n\n\n\n<p><\/p>\n\n\n\n<div class=\"wp-block-image\"><figure class=\"aligncenter size-large\"><img loading=\"lazy\" decoding=\"async\" width=\"564\" height=\"640\" src=\"http:\/\/www.tvk-gaj.pl\/~gajonline\/wp-content\/uploads\/2020\/09\/glosowanie.png\" alt=\"\" class=\"wp-image-12213\" srcset=\"https:\/\/online.tvk-gaj.pl\/wp-content\/uploads\/2020\/09\/glosowanie.png 564w, https:\/\/online.tvk-gaj.pl\/wp-content\/uploads\/2020\/09\/glosowanie-264x300.png 264w\" sizes=\"auto, (max-width: 564px) 100vw, 564px\" \/><\/figure><\/div>\n\n\n\n<p><\/p>\n\n\n\n<p><\/p>\n\n\n\n<p>G\u0142os mo\u017ce odda\u0107\u00a0ka\u017cdy mieszkaniec Wroc\u0142awia, bez wzgl\u0119du na zameldowanie oraz wiek. Zag\u0142osowa\u0107 mo\u017cna raz na maksymalnie dwa projekty &#8211; jeden osiedlowy i jeden ponadosiedlowy. Do zag\u0142osowania potrzebny b\u0119dzie numer PESEL, urz\u0105dzenie z dost\u0119pem do internetu oraz telefon kom\u00f3rkowy do autoryzacji g\u0142osowania. Obcokrajowcy nieposiadaj\u0105cy numeru PESEL mog\u0105 g\u0142osowa\u0107 za pomoc\u0105 formularzy papierowych. W punkcie do g\u0142osowania zamiast numeru PESEL podaj\u0105 w\u00f3wczas numer innego ni\u017c dow\u00f3d osobisty dokumentu to\u017csamo\u015bci.<\/p>\n\n\n\n<p><\/p>\n\n\n\n<p><\/p>\n\n\n\n<p><\/p>\n\n\n\n<figure class=\"wp-block-image size-large\"><img loading=\"lazy\" decoding=\"async\" width=\"790\" height=\"361\" src=\"http:\/\/www.tvk-gaj.pl\/~gajonline\/wp-content\/uploads\/2020\/09\/WBO-instrukcja-790x360-1.png\" alt=\"\" class=\"wp-image-12212\" srcset=\"https:\/\/online.tvk-gaj.pl\/wp-content\/uploads\/2020\/09\/WBO-instrukcja-790x360-1.png 790w, https:\/\/online.tvk-gaj.pl\/wp-content\/uploads\/2020\/09\/WBO-instrukcja-790x360-1-300x137.png 300w, https:\/\/online.tvk-gaj.pl\/wp-content\/uploads\/2020\/09\/WBO-instrukcja-790x360-1-768x351.png 768w\" sizes=\"auto, (max-width: 790px) 100vw, 790px\" \/><\/figure>\n\n\n\n<p><\/p>\n\n\n\n<p><\/p>\n\n\n\n<p>G\u0142osowa\u0107 mo\u017cna elektronicznie na portalu\u00a0<a rel=\"noreferrer noopener\" href=\"http:\/\/www.wroclaw.pl\/wbo\" target=\"_blank\">www.wroclaw.pl\/wbo<\/a>\u00a0oraz za pomoc\u0105 formularzy papierowych dost\u0119pnych w Centrach Obs\u0142ugi Mieszka\u0144ca (adresy dost\u0119pne na stronie WBO). <\/p>\n\n\n\n<p><\/p>\n\n\n\n<p><\/p>\n\n\n\n<p><\/p>\n\n\n\n<p><strong>Serdecznie zach\u0119camy do wzi\u0119cia udzia\u0142u w g\u0142osowaniu! <\/strong><\/p>\n\n\n\n<p><\/p>\n\n\n\n<p><\/p>\n\n\n\n<figure class=\"wp-block-image size-large\"><a href=\"https:\/\/www.wroclaw.pl\/budzet-obywatelski-wroclaw\/glosowanie-wbo-2020\"><img loading=\"lazy\" decoding=\"async\" width=\"790\" height=\"201\" src=\"http:\/\/www.tvk-gaj.pl\/~gajonline\/wp-content\/uploads\/2020\/09\/WBO-glosuj-790x200-1.png\" alt=\"\" class=\"wp-image-12216\" srcset=\"https:\/\/online.tvk-gaj.pl\/wp-content\/uploads\/2020\/09\/WBO-glosuj-790x200-1.png 790w, https:\/\/online.tvk-gaj.pl\/wp-content\/uploads\/2020\/09\/WBO-glosuj-790x200-1-300x76.png 300w, https:\/\/online.tvk-gaj.pl\/wp-content\/uploads\/2020\/09\/WBO-glosuj-790x200-1-768x195.png 768w\" sizes=\"auto, (max-width: 790px) 100vw, 790px\" \/><\/a><\/figure>\n\n\n\n<p><\/p>\n\n\n\n<p><\/p>\n\n\n\n<p><\/p>\n\n\n\n<p>Wi\u0119cej informacji na temat WBO znajduje si\u0119 na stronie internetowej:\u00a0<a rel=\"noreferrer noopener\" href=\"http:\/\/www.wroclaw.pl\/wbo\" target=\"_blank\">www.wroclaw.pl\/wbo<\/a>\u00a0<\/p>\n\n\n\n<p><\/p>\n\n\n\n<p><\/p>\n\n\n\n<p><\/p>\n","protected":false},"excerpt":{"rendered":"<p>18 wrze\u015bnia rozpocz\u0119\u0142o si\u0119 g\u0142osowanie do tegorocznej edycji Wroc\u0142awskiego Bud\u017cetu Obywatelskiego. Zach\u0119camy i zapraszamy do g\u0142osowania we Wroc\u0142awskim Bud\u017cecie Obywatelskim 2020!<\/p>\n","protected":false},"author":1,"featured_media":12207,"comment_status":"open","ping_status":"open","sticky":false,"template":"","format":"standard","meta":{"footnotes":""},"categories":[14],"tags":[1329,1326,1323,1249,1321],"class_list":["post-12203","post","type-post","status-publish","format-standard","has-post-thumbnail","hentry","category-aktualnosci","tag-park-alpejski-na-gaju","tag-projekt-nr-138","tag-projekt-nr-15","tag-wbo-2020","tag-wroclawski-budzet-obywatelski-2020"],"_links":{"self":[{"href":"https:\/\/online.tvk-gaj.pl\/index.php?rest_route=\/wp\/v2\/posts\/12203","targetHints":{"allow":["GET"]}}],"collection":[{"href":"https:\/\/online.tvk-gaj.pl\/index.php?rest_route=\/wp\/v2\/posts"}],"about":[{"href":"https:\/\/online.tvk-gaj.pl\/index.php?rest_route=\/wp\/v2\/types\/post"}],"author":[{"embeddable":true,"href":"https:\/\/online.tvk-gaj.pl\/index.php?rest_route=\/wp\/v2\/users\/1"}],"replies":[{"embeddable":true,"href":"https:\/\/online.tvk-gaj.pl\/index.php?rest_route=%2Fwp%2Fv2%2Fcomments&post=12203"}],"version-history":[{"count":8,"href":"https:\/\/online.tvk-gaj.pl\/index.php?rest_route=\/wp\/v2\/posts\/12203\/revisions"}],"predecessor-version":[{"id":12219,"href":"https:\/\/online.tvk-gaj.pl\/index.php?rest_route=\/wp\/v2\/posts\/12203\/revisions\/12219"}],"wp:featuredmedia":[{"embeddable":true,"href":"https:\/\/online.tvk-gaj.pl\/index.php?rest_route=\/wp\/v2\/media\/12207"}],"wp:attachment":[{"href":"https:\/\/online.tvk-gaj.pl\/index.php?rest_route=%2Fwp%2Fv2%2Fmedia&parent=12203"}],"wp:term":[{"taxonomy":"category","embeddable":true,"href":"https:\/\/online.tvk-gaj.pl\/index.php?rest_route=%2Fwp%2Fv2%2Fcategories&post=12203"},{"taxonomy":"post_tag","embeddable":true,"href":"https:\/\/online.tvk-gaj.pl\/index.php?rest_route=%2Fwp%2Fv2%2Ftags&post=12203"}],"curies":[{"name":"wp","href":"https:\/\/api.w.org\/{rel}","templated":true}]}}