{"id":12220,"date":"2020-09-19T21:45:00","date_gmt":"2020-09-19T19:45:00","guid":{"rendered":"http:\/\/www.tvk-gaj.pl\/~gajonline\/?p=12220"},"modified":"2020-09-23T22:04:38","modified_gmt":"2020-09-23T20:04:38","slug":"wbo-2020-projekty-z-gaju","status":"publish","type":"post","link":"https:\/\/online.tvk-gaj.pl\/?p=12220","title":{"rendered":"WBO 2020: Polecane projekty z Gaju"},"content":{"rendered":"\n<p>Publikujemy list\u0119 tegorocznych projekt\u00f3w WBO z terenu Osiedla Gaj.<\/p>\n\n\n\n<!--more-->\n\n\n\n<p><\/p>\n\n\n\n<p><strong>Projekt nr 350: Mi\u0119dzypokoleniowa si\u0142ownia na powietrzu osiedla Gaj<\/strong><\/p>\n\n\n\n<p><\/p>\n\n\n\n<p><\/p>\n\n\n\n<figure class=\"wp-block-image size-large\"><img loading=\"lazy\" decoding=\"async\" width=\"1024\" height=\"243\" src=\"http:\/\/www.tvk-gaj.pl\/~gajonline\/wp-content\/uploads\/2020\/09\/Zrzut-ekranu-2020-09-23-o-21.50.45-1024x243.png\" alt=\"\" class=\"wp-image-12222\" srcset=\"https:\/\/online.tvk-gaj.pl\/wp-content\/uploads\/2020\/09\/Zrzut-ekranu-2020-09-23-o-21.50.45-1024x243.png 1024w, https:\/\/online.tvk-gaj.pl\/wp-content\/uploads\/2020\/09\/Zrzut-ekranu-2020-09-23-o-21.50.45-300x71.png 300w, https:\/\/online.tvk-gaj.pl\/wp-content\/uploads\/2020\/09\/Zrzut-ekranu-2020-09-23-o-21.50.45-768x183.png 768w, https:\/\/online.tvk-gaj.pl\/wp-content\/uploads\/2020\/09\/Zrzut-ekranu-2020-09-23-o-21.50.45.png 1102w\" sizes=\"auto, (max-width: 1024px) 100vw, 1024px\" \/><\/figure>\n\n\n\n<figure class=\"wp-block-image size-large\"><img loading=\"lazy\" decoding=\"async\" width=\"1024\" height=\"769\" src=\"http:\/\/www.tvk-gaj.pl\/~gajonline\/wp-content\/uploads\/2020\/09\/wbo-2020-350-1024x769.jpg\" alt=\"\" class=\"wp-image-12223\" srcset=\"https:\/\/online.tvk-gaj.pl\/wp-content\/uploads\/2020\/09\/wbo-2020-350-1024x769.jpg 1024w, https:\/\/online.tvk-gaj.pl\/wp-content\/uploads\/2020\/09\/wbo-2020-350-300x225.jpg 300w, https:\/\/online.tvk-gaj.pl\/wp-content\/uploads\/2020\/09\/wbo-2020-350-768x577.jpg 768w, https:\/\/online.tvk-gaj.pl\/wp-content\/uploads\/2020\/09\/wbo-2020-350.jpg 1200w\" sizes=\"auto, (max-width: 1024px) 100vw, 1024px\" \/><\/figure>\n\n\n\n<p><\/p>\n\n\n\n<figure class=\"wp-block-image size-large\"><img loading=\"lazy\" decoding=\"async\" width=\"724\" height=\"1024\" src=\"http:\/\/www.tvk-gaj.pl\/~gajonline\/wp-content\/uploads\/2020\/09\/Kamila-WBO-A3-724x1024.jpg\" alt=\"\" class=\"wp-image-12230\" srcset=\"https:\/\/online.tvk-gaj.pl\/wp-content\/uploads\/2020\/09\/Kamila-WBO-A3-724x1024.jpg 724w, https:\/\/online.tvk-gaj.pl\/wp-content\/uploads\/2020\/09\/Kamila-WBO-A3-212x300.jpg 212w, https:\/\/online.tvk-gaj.pl\/wp-content\/uploads\/2020\/09\/Kamila-WBO-A3-768x1086.jpg 768w, https:\/\/online.tvk-gaj.pl\/wp-content\/uploads\/2020\/09\/Kamila-WBO-A3-1086x1536.jpg 1086w, https:\/\/online.tvk-gaj.pl\/wp-content\/uploads\/2020\/09\/Kamila-WBO-A3-1448x2048.jpg 1448w, https:\/\/online.tvk-gaj.pl\/wp-content\/uploads\/2020\/09\/Kamila-WBO-A3-scaled.jpg 1810w\" sizes=\"auto, (max-width: 724px) 100vw, 724px\" \/><\/figure>\n\n\n\n<p><\/p>\n\n\n\n<p><\/p>\n\n\n\n<p><\/p>\n\n\n\n<p><\/p>\n\n\n\n<p><strong>Projekt nr 14: Park Alpejski<\/strong><\/p>\n\n\n\n<p><\/p>\n\n\n\n<p><\/p>\n\n\n\n<figure class=\"wp-block-image size-large\"><img loading=\"lazy\" decoding=\"async\" width=\"1024\" height=\"243\" src=\"http:\/\/www.tvk-gaj.pl\/~gajonline\/wp-content\/uploads\/2020\/09\/Zrzut-ekranu-2020-09-23-o-21.53.14-1024x243.png\" alt=\"\" class=\"wp-image-12224\" srcset=\"https:\/\/online.tvk-gaj.pl\/wp-content\/uploads\/2020\/09\/Zrzut-ekranu-2020-09-23-o-21.53.14-1024x243.png 1024w, https:\/\/online.tvk-gaj.pl\/wp-content\/uploads\/2020\/09\/Zrzut-ekranu-2020-09-23-o-21.53.14-300x71.png 300w, https:\/\/online.tvk-gaj.pl\/wp-content\/uploads\/2020\/09\/Zrzut-ekranu-2020-09-23-o-21.53.14-768x183.png 768w, https:\/\/online.tvk-gaj.pl\/wp-content\/uploads\/2020\/09\/Zrzut-ekranu-2020-09-23-o-21.53.14.png 1102w\" sizes=\"auto, (max-width: 1024px) 100vw, 1024px\" \/><\/figure>\n\n\n\n<figure class=\"wp-block-image size-large\"><img loading=\"lazy\" decoding=\"async\" width=\"1024\" height=\"769\" src=\"http:\/\/www.tvk-gaj.pl\/~gajonline\/wp-content\/uploads\/2020\/09\/wbo-2020-14-1024x769.jpg\" alt=\"\" class=\"wp-image-12225\" srcset=\"https:\/\/online.tvk-gaj.pl\/wp-content\/uploads\/2020\/09\/wbo-2020-14-1024x769.jpg 1024w, https:\/\/online.tvk-gaj.pl\/wp-content\/uploads\/2020\/09\/wbo-2020-14-300x225.jpg 300w, https:\/\/online.tvk-gaj.pl\/wp-content\/uploads\/2020\/09\/wbo-2020-14-768x577.jpg 768w, https:\/\/online.tvk-gaj.pl\/wp-content\/uploads\/2020\/09\/wbo-2020-14.jpg 1200w\" sizes=\"auto, (max-width: 1024px) 100vw, 1024px\" \/><\/figure>\n\n\n\n<p><\/p>\n\n\n\n<figure class=\"wp-block-image size-large\"><img loading=\"lazy\" decoding=\"async\" width=\"724\" height=\"1024\" src=\"http:\/\/www.tvk-gaj.pl\/~gajonline\/wp-content\/uploads\/2020\/09\/park-alpejski-wbo-2020-724x1024.jpg\" alt=\"\" class=\"wp-image-12231\" srcset=\"https:\/\/online.tvk-gaj.pl\/wp-content\/uploads\/2020\/09\/park-alpejski-wbo-2020-724x1024.jpg 724w, https:\/\/online.tvk-gaj.pl\/wp-content\/uploads\/2020\/09\/park-alpejski-wbo-2020-212x300.jpg 212w, https:\/\/online.tvk-gaj.pl\/wp-content\/uploads\/2020\/09\/park-alpejski-wbo-2020-768x1086.jpg 768w, https:\/\/online.tvk-gaj.pl\/wp-content\/uploads\/2020\/09\/park-alpejski-wbo-2020-1086x1536.jpg 1086w, https:\/\/online.tvk-gaj.pl\/wp-content\/uploads\/2020\/09\/park-alpejski-wbo-2020-1448x2048.jpg 1448w, https:\/\/online.tvk-gaj.pl\/wp-content\/uploads\/2020\/09\/park-alpejski-wbo-2020-scaled.jpg 1810w\" sizes=\"auto, (max-width: 724px) 100vw, 724px\" \/><\/figure>\n\n\n\n<p><\/p>\n\n\n\n<p><\/p>\n\n\n\n<p><\/p>\n\n\n\n<p><\/p>\n\n\n\n<p><strong>Projekt nr 15: Park Alpejski<\/strong><\/p>\n\n\n\n<p><\/p>\n\n\n\n<p><\/p>\n\n\n\n<figure class=\"wp-block-image size-large\"><img loading=\"lazy\" decoding=\"async\" width=\"1024\" height=\"243\" src=\"http:\/\/www.tvk-gaj.pl\/~gajonline\/wp-content\/uploads\/2020\/09\/Zrzut-ekranu-2020-09-23-o-21.55.03-1024x243.png\" alt=\"\" class=\"wp-image-12226\" srcset=\"https:\/\/online.tvk-gaj.pl\/wp-content\/uploads\/2020\/09\/Zrzut-ekranu-2020-09-23-o-21.55.03-1024x243.png 1024w, https:\/\/online.tvk-gaj.pl\/wp-content\/uploads\/2020\/09\/Zrzut-ekranu-2020-09-23-o-21.55.03-300x71.png 300w, https:\/\/online.tvk-gaj.pl\/wp-content\/uploads\/2020\/09\/Zrzut-ekranu-2020-09-23-o-21.55.03-768x183.png 768w, https:\/\/online.tvk-gaj.pl\/wp-content\/uploads\/2020\/09\/Zrzut-ekranu-2020-09-23-o-21.55.03.png 1102w\" sizes=\"auto, (max-width: 1024px) 100vw, 1024px\" \/><\/figure>\n\n\n\n<p><\/p>\n\n\n\n<figure class=\"wp-block-image size-large\"><img loading=\"lazy\" decoding=\"async\" width=\"1024\" height=\"768\" src=\"http:\/\/www.tvk-gaj.pl\/~gajonline\/wp-content\/uploads\/2020\/09\/wbo-2020-15-1024x768.jpg\" alt=\"\" class=\"wp-image-12227\" srcset=\"https:\/\/online.tvk-gaj.pl\/wp-content\/uploads\/2020\/09\/wbo-2020-15-1024x768.jpg 1024w, https:\/\/online.tvk-gaj.pl\/wp-content\/uploads\/2020\/09\/wbo-2020-15-300x225.jpg 300w, https:\/\/online.tvk-gaj.pl\/wp-content\/uploads\/2020\/09\/wbo-2020-15-768x576.jpg 768w, https:\/\/online.tvk-gaj.pl\/wp-content\/uploads\/2020\/09\/wbo-2020-15.jpg 1200w\" sizes=\"auto, (max-width: 1024px) 100vw, 1024px\" \/><\/figure>\n\n\n\n<p><\/p>\n\n\n\n<figure class=\"wp-block-image size-large\"><img loading=\"lazy\" decoding=\"async\" width=\"1024\" height=\"621\" src=\"http:\/\/www.tvk-gaj.pl\/~gajonline\/wp-content\/uploads\/2020\/09\/Zrzut-ekranu-2020-09-18-o-20.46.28-1024x621.png\" alt=\"\" class=\"wp-image-12232\" srcset=\"https:\/\/online.tvk-gaj.pl\/wp-content\/uploads\/2020\/09\/Zrzut-ekranu-2020-09-18-o-20.46.28-1024x621.png 1024w, https:\/\/online.tvk-gaj.pl\/wp-content\/uploads\/2020\/09\/Zrzut-ekranu-2020-09-18-o-20.46.28-300x182.png 300w, https:\/\/online.tvk-gaj.pl\/wp-content\/uploads\/2020\/09\/Zrzut-ekranu-2020-09-18-o-20.46.28-768x466.png 768w, https:\/\/online.tvk-gaj.pl\/wp-content\/uploads\/2020\/09\/Zrzut-ekranu-2020-09-18-o-20.46.28.png 1532w\" sizes=\"auto, (max-width: 1024px) 100vw, 1024px\" \/><\/figure>\n\n\n\n<p><\/p>\n\n\n\n<p><\/p>\n\n\n\n<p><\/p>\n\n\n\n<p><\/p>\n\n\n\n<p><strong>Projekt nr 138: Zielona \u015aciana osiedla Gaj #2<\/strong><\/p>\n\n\n\n<p><\/p>\n\n\n\n<p><\/p>\n\n\n\n<figure class=\"wp-block-image size-large\"><img loading=\"lazy\" decoding=\"async\" width=\"1024\" height=\"243\" src=\"http:\/\/www.tvk-gaj.pl\/~gajonline\/wp-content\/uploads\/2020\/09\/Zrzut-ekranu-2020-09-23-o-21.56.53-1024x243.png\" alt=\"\" class=\"wp-image-12228\" srcset=\"https:\/\/online.tvk-gaj.pl\/wp-content\/uploads\/2020\/09\/Zrzut-ekranu-2020-09-23-o-21.56.53-1024x243.png 1024w, https:\/\/online.tvk-gaj.pl\/wp-content\/uploads\/2020\/09\/Zrzut-ekranu-2020-09-23-o-21.56.53-300x71.png 300w, https:\/\/online.tvk-gaj.pl\/wp-content\/uploads\/2020\/09\/Zrzut-ekranu-2020-09-23-o-21.56.53-768x183.png 768w, https:\/\/online.tvk-gaj.pl\/wp-content\/uploads\/2020\/09\/Zrzut-ekranu-2020-09-23-o-21.56.53.png 1102w\" sizes=\"auto, (max-width: 1024px) 100vw, 1024px\" \/><\/figure>\n\n\n\n<p><\/p>\n\n\n\n<figure class=\"wp-block-image size-large\"><img loading=\"lazy\" decoding=\"async\" width=\"1024\" height=\"769\" src=\"http:\/\/www.tvk-gaj.pl\/~gajonline\/wp-content\/uploads\/2020\/09\/wbo-2020-138-1024x769.jpg\" alt=\"\" class=\"wp-image-12229\" srcset=\"https:\/\/online.tvk-gaj.pl\/wp-content\/uploads\/2020\/09\/wbo-2020-138-1024x769.jpg 1024w, https:\/\/online.tvk-gaj.pl\/wp-content\/uploads\/2020\/09\/wbo-2020-138-300x225.jpg 300w, https:\/\/online.tvk-gaj.pl\/wp-content\/uploads\/2020\/09\/wbo-2020-138-768x577.jpg 768w, https:\/\/online.tvk-gaj.pl\/wp-content\/uploads\/2020\/09\/wbo-2020-138.jpg 1200w\" sizes=\"auto, (max-width: 1024px) 100vw, 1024px\" \/><\/figure>\n\n\n\n<p><\/p>\n\n\n\n<figure class=\"wp-block-image size-large\"><img loading=\"lazy\" decoding=\"async\" width=\"1024\" height=\"639\" src=\"http:\/\/www.tvk-gaj.pl\/~gajonline\/wp-content\/uploads\/2020\/09\/Zrzut-ekranu-2020-09-23-o-22.01.04-1024x639.png\" alt=\"\" class=\"wp-image-12233\" srcset=\"https:\/\/online.tvk-gaj.pl\/wp-content\/uploads\/2020\/09\/Zrzut-ekranu-2020-09-23-o-22.01.04-1024x639.png 1024w, https:\/\/online.tvk-gaj.pl\/wp-content\/uploads\/2020\/09\/Zrzut-ekranu-2020-09-23-o-22.01.04-300x187.png 300w, https:\/\/online.tvk-gaj.pl\/wp-content\/uploads\/2020\/09\/Zrzut-ekranu-2020-09-23-o-22.01.04-768x479.png 768w, https:\/\/online.tvk-gaj.pl\/wp-content\/uploads\/2020\/09\/Zrzut-ekranu-2020-09-23-o-22.01.04.png 1167w\" sizes=\"auto, (max-width: 1024px) 100vw, 1024px\" \/><\/figure>\n\n\n\n<p><\/p>\n\n\n\n<p><\/p>\n\n\n\n<p><\/p>\n\n\n\n<p><\/p>\n\n\n\n<p><\/p>\n\n\n\n<p><strong>Serdecznie zach\u0119camy do wzi\u0119cia udzia\u0142u w g\u0142osowaniu!<\/strong><\/p>\n\n\n\n<p><\/p>\n\n\n\n<figure class=\"wp-block-image\"><a href=\"https:\/\/www.wroclaw.pl\/budzet-obywatelski-wroclaw\/glosowanie-wbo-2020\"><img loading=\"lazy\" decoding=\"async\" width=\"790\" height=\"201\" src=\"http:\/\/www.tvk-gaj.pl\/~gajonline\/wp-content\/uploads\/2020\/09\/WBO-glosuj-790x200-1.png\" alt=\"\" class=\"wp-image-12216\" srcset=\"https:\/\/online.tvk-gaj.pl\/wp-content\/uploads\/2020\/09\/WBO-glosuj-790x200-1.png 790w, https:\/\/online.tvk-gaj.pl\/wp-content\/uploads\/2020\/09\/WBO-glosuj-790x200-1-300x76.png 300w, https:\/\/online.tvk-gaj.pl\/wp-content\/uploads\/2020\/09\/WBO-glosuj-790x200-1-768x195.png 768w\" sizes=\"auto, (max-width: 790px) 100vw, 790px\" \/><\/a><\/figure>\n\n\n\n<p><\/p>\n\n\n\n<p><\/p>\n\n\n\n<p><\/p>\n\n\n\n<p>Wi\u0119cej informacji na temat WBO znajduje si\u0119 na stronie internetowej:\u00a0<a rel=\"noreferrer noopener\" href=\"http:\/\/www.wroclaw.pl\/wbo\" target=\"_blank\">www.wroclaw.pl\/wbo<\/a>\u00a0<\/p>\n\n\n\n<p><\/p>\n\n\n\n<p><\/p>\n\n\n\n<p><\/p>\n","protected":false},"excerpt":{"rendered":"<p>Publikujemy list\u0119 tegorocznych projekt\u00f3w WBO z terenu Osiedla Gaj.<\/p>\n","protected":false},"author":1,"featured_media":12221,"comment_status":"open","ping_status":"open","sticky":false,"template":"","format":"standard","meta":{"footnotes":""},"categories":[14],"tags":[112,1249,1321],"class_list":["post-12220","post","type-post","status-publish","format-standard","has-post-thumbnail","hentry","category-aktualnosci","tag-gaj","tag-wbo-2020","tag-wroclawski-budzet-obywatelski-2020"],"_links":{"self":[{"href":"https:\/\/online.tvk-gaj.pl\/index.php?rest_route=\/wp\/v2\/posts\/12220","targetHints":{"allow":["GET"]}}],"collection":[{"href":"https:\/\/online.tvk-gaj.pl\/index.php?rest_route=\/wp\/v2\/posts"}],"about":[{"href":"https:\/\/online.tvk-gaj.pl\/index.php?rest_route=\/wp\/v2\/types\/post"}],"author":[{"embeddable":true,"href":"https:\/\/online.tvk-gaj.pl\/index.php?rest_route=\/wp\/v2\/users\/1"}],"replies":[{"embeddable":true,"href":"https:\/\/online.tvk-gaj.pl\/index.php?rest_route=%2Fwp%2Fv2%2Fcomments&post=12220"}],"version-history":[{"count":5,"href":"https:\/\/online.tvk-gaj.pl\/index.php?rest_route=\/wp\/v2\/posts\/12220\/revisions"}],"predecessor-version":[{"id":12238,"href":"https:\/\/online.tvk-gaj.pl\/index.php?rest_route=\/wp\/v2\/posts\/12220\/revisions\/12238"}],"wp:featuredmedia":[{"embeddable":true,"href":"https:\/\/online.tvk-gaj.pl\/index.php?rest_route=\/wp\/v2\/media\/12221"}],"wp:attachment":[{"href":"https:\/\/online.tvk-gaj.pl\/index.php?rest_route=%2Fwp%2Fv2%2Fmedia&parent=12220"}],"wp:term":[{"taxonomy":"category","embeddable":true,"href":"https:\/\/online.tvk-gaj.pl\/index.php?rest_route=%2Fwp%2Fv2%2Fcategories&post=12220"},{"taxonomy":"post_tag","embeddable":true,"href":"https:\/\/online.tvk-gaj.pl\/index.php?rest_route=%2Fwp%2Fv2%2Ftags&post=12220"}],"curies":[{"name":"wp","href":"https:\/\/api.w.org\/{rel}","templated":true}]}}