{"id":12242,"date":"2020-09-27T20:24:04","date_gmt":"2020-09-27T18:24:04","guid":{"rendered":"http:\/\/www.tvk-gaj.pl\/~gajonline\/?p=12242"},"modified":"2020-09-28T19:34:47","modified_gmt":"2020-09-28T17:34:47","slug":"wycieczka-seniorow-z-gaju-do-drezna","status":"publish","type":"post","link":"https:\/\/online.tvk-gaj.pl\/?p=12242","title":{"rendered":"Wycieczka Senior\u00f3w z Gaju do Drezna"},"content":{"rendered":"\n<p>19 wrze\u015bnia odby\u0142a si\u0119 wycieczka senior\u00f3w Osiedla Gaj do Drezna. Wyjazd zorganizowany przez Rad\u0119 Osiedla Gaj umo\u017cliwi\u0142 seniorom z osiedla (w tym zrzeszonym w Klubie Seniora na Gaju) zwiedzanie jednego z najpi\u0119kniejszych miast Niemiec.<\/p>\n\n\n\n<!--more-->\n\n\n\n<p><\/p>\n\n\n\n<figure class=\"wp-block-image size-large\"><img loading=\"lazy\" decoding=\"async\" width=\"800\" height=\"800\" src=\"http:\/\/www.tvk-gaj.pl\/~gajonline\/wp-content\/uploads\/2020\/09\/drezno2020.png\" alt=\"\" class=\"wp-image-12280\" srcset=\"https:\/\/online.tvk-gaj.pl\/wp-content\/uploads\/2020\/09\/drezno2020.png 800w, https:\/\/online.tvk-gaj.pl\/wp-content\/uploads\/2020\/09\/drezno2020-300x300.png 300w, https:\/\/online.tvk-gaj.pl\/wp-content\/uploads\/2020\/09\/drezno2020-150x150.png 150w, https:\/\/online.tvk-gaj.pl\/wp-content\/uploads\/2020\/09\/drezno2020-768x768.png 768w, https:\/\/online.tvk-gaj.pl\/wp-content\/uploads\/2020\/09\/drezno2020-160x160.png 160w, https:\/\/online.tvk-gaj.pl\/wp-content\/uploads\/2020\/09\/drezno2020-240x240.png 240w, https:\/\/online.tvk-gaj.pl\/wp-content\/uploads\/2020\/09\/drezno2020-60x60.png 60w, https:\/\/online.tvk-gaj.pl\/wp-content\/uploads\/2020\/09\/drezno2020-184x184.png 184w\" sizes=\"auto, (max-width: 800px) 100vw, 800px\" \/><\/figure>\n\n\n\n<p><\/p>\n\n\n\n<p><\/p>\n\n\n\n<p>Celem wyjazdu do Drezna by\u0142o zintegrowanie spo\u0142eczno\u015bci senior\u00f3w z osiedla oraz umo\u017cliwienie im wsp\u00f3lnego sp\u0119dzenia czasu i poznania dziedzictwa historyczno-kulturowego Niemiec.<\/p>\n\n\n\n<p>Wyjazd sfinansowany zosta\u0142 z \u015brodk\u00f3w miejskiego Funduszu Czasu Wolnego, a organizatorem by\u0142a Rada Osiedla Gaj. <\/p>\n\n\n\n<p><\/p>\n\n\n\n<p><\/p>\n\n\n\n<figure class=\"wp-block-image size-large\"><img loading=\"lazy\" decoding=\"async\" width=\"800\" height=\"800\" src=\"http:\/\/www.tvk-gaj.pl\/~gajonline\/wp-content\/uploads\/2020\/09\/drezno3.png\" alt=\"\" class=\"wp-image-12340\" srcset=\"https:\/\/online.tvk-gaj.pl\/wp-content\/uploads\/2020\/09\/drezno3.png 800w, https:\/\/online.tvk-gaj.pl\/wp-content\/uploads\/2020\/09\/drezno3-300x300.png 300w, https:\/\/online.tvk-gaj.pl\/wp-content\/uploads\/2020\/09\/drezno3-150x150.png 150w, https:\/\/online.tvk-gaj.pl\/wp-content\/uploads\/2020\/09\/drezno3-768x768.png 768w, https:\/\/online.tvk-gaj.pl\/wp-content\/uploads\/2020\/09\/drezno3-160x160.png 160w, https:\/\/online.tvk-gaj.pl\/wp-content\/uploads\/2020\/09\/drezno3-240x240.png 240w, https:\/\/online.tvk-gaj.pl\/wp-content\/uploads\/2020\/09\/drezno3-60x60.png 60w, https:\/\/online.tvk-gaj.pl\/wp-content\/uploads\/2020\/09\/drezno3-184x184.png 184w\" sizes=\"auto, (max-width: 800px) 100vw, 800px\" \/><\/figure>\n\n\n\n<p><\/p>\n\n\n\n<p><\/p>\n\n\n\n<p>Na wycieczk\u0119 wyjecha\u0142o blisko 30 senior\u00f3w zrzeszonych m.in. w Klubie Seniora na Gaju i Polskim Zwi\u0105zku Emeryt\u00f3w, Rencist\u00f3w i Inwalid\u00f3w &#8211; ko\u0142o Gaj. Ze wzgl\u0119du na bezpiecze\u0144stwo sanitarno-epidemiologiczne liczba uczestnik\u00f3w wyjazdu musia\u0142a zosta\u0107 ograniczona oraz zastosowane zosta\u0142y wszystkie mo\u017cliwe \u015brodki bezpiecze\u0144stwa. <\/p>\n\n\n\n<p><\/p>\n\n\n\n<figure class=\"wp-block-image size-large\"><img loading=\"lazy\" decoding=\"async\" width=\"800\" height=\"800\" src=\"http:\/\/www.tvk-gaj.pl\/~gajonline\/wp-content\/uploads\/2020\/09\/drezno2.png\" alt=\"\" class=\"wp-image-12336\" srcset=\"https:\/\/online.tvk-gaj.pl\/wp-content\/uploads\/2020\/09\/drezno2.png 800w, https:\/\/online.tvk-gaj.pl\/wp-content\/uploads\/2020\/09\/drezno2-300x300.png 300w, https:\/\/online.tvk-gaj.pl\/wp-content\/uploads\/2020\/09\/drezno2-150x150.png 150w, https:\/\/online.tvk-gaj.pl\/wp-content\/uploads\/2020\/09\/drezno2-768x768.png 768w, https:\/\/online.tvk-gaj.pl\/wp-content\/uploads\/2020\/09\/drezno2-160x160.png 160w, https:\/\/online.tvk-gaj.pl\/wp-content\/uploads\/2020\/09\/drezno2-240x240.png 240w, https:\/\/online.tvk-gaj.pl\/wp-content\/uploads\/2020\/09\/drezno2-60x60.png 60w, https:\/\/online.tvk-gaj.pl\/wp-content\/uploads\/2020\/09\/drezno2-184x184.png 184w\" sizes=\"auto, (max-width: 800px) 100vw, 800px\" \/><\/figure>\n\n\n\n<p><\/p>\n\n\n\n<p>Wyjazd przebieg\u0142 w bardzo dobrej atmosferze oraz pi\u0119knych warunkach pogodowych, co tylko podkre\u015bli\u0142o pi\u0119kno Drezna. G\u0142\u00f3wnym punktem programu by\u0142o zwiedzanie Zwinger, a w nim Galerii Malarstwa Starych Mistrz\u00f3w oraz Muzeum Porcelany.Nast\u0119pnie odby\u0142 si\u0119 spacer i zwiedzanie starego miasta, w tym Zamku Kr\u00f3lewskiego i Ko\u015bci\u00f3\u0142a Marii Panny. Wycieczka zako\u0144czy\u0142a si\u0119 spacerem po bulwarach nad \u0141ab\u0105 oraz kolacj\u0105 w Kliczkowie.<\/p>\n\n\n\n<p><\/p>\n\n\n\n<p><\/p>\n\n\n\n<p><\/p>\n\n\n\n<p><strong>Zapraszamy do obejrzenia galerii zdj\u0119\u0107 z wyjazdu!<\/strong><\/p>\n\n\n\n[ngg src=&#8221;galleries&#8221; ids=&#8221;112&#8243; display=&#8221;basic_thumbnail&#8221; thumbnail_crop=&#8221;0&#8243;]\n\n\n\n<p><\/p>\n\n\n\n<p><\/p>\n\n\n\n<p><em><em>Za wyjazd i organizacj\u0119 dzi\u0119kujemy szczeg\u00f3lnie Skarbnikowi Rady Osiedla Gaj Panu Boles\u0142awowi Olszewskiemu oraz Przewodnicz\u0105cemu Zarz\u0105du RO Gaj Panu Stefanowi Zydorowiczowi.<\/em><\/em><\/p>\n\n\n\n<p><\/p>\n\n\n\n<p><\/p>\n","protected":false},"excerpt":{"rendered":"<p>19 wrze\u015bnia odby\u0142a si\u0119 wycieczka senior\u00f3w Osiedla Gaj do Drezna. Wyjazd zorganizowany przez Rad\u0119 Osiedla Gaj umo\u017cliwi\u0142 seniorom z osiedla (w tym zrzeszonym w Klubie Seniora na Gaju) zwiedzanie jednego z najpi\u0119kniejszych miast Niemiec.<\/p>\n","protected":false},"author":1,"featured_media":12332,"comment_status":"open","ping_status":"open","sticky":false,"template":"","format":"standard","meta":{"footnotes":""},"categories":[14,12],"tags":[1333,293,421,152],"class_list":["post-12242","post","type-post","status-publish","format-standard","has-post-thumbnail","hentry","category-aktualnosci","category-artykuly","tag-drezno","tag-fotorelacja","tag-klub-seniora-na-gaju","tag-seniorzy"],"_links":{"self":[{"href":"https:\/\/online.tvk-gaj.pl\/index.php?rest_route=\/wp\/v2\/posts\/12242","targetHints":{"allow":["GET"]}}],"collection":[{"href":"https:\/\/online.tvk-gaj.pl\/index.php?rest_route=\/wp\/v2\/posts"}],"about":[{"href":"https:\/\/online.tvk-gaj.pl\/index.php?rest_route=\/wp\/v2\/types\/post"}],"author":[{"embeddable":true,"href":"https:\/\/online.tvk-gaj.pl\/index.php?rest_route=\/wp\/v2\/users\/1"}],"replies":[{"embeddable":true,"href":"https:\/\/online.tvk-gaj.pl\/index.php?rest_route=%2Fwp%2Fv2%2Fcomments&post=12242"}],"version-history":[{"count":10,"href":"https:\/\/online.tvk-gaj.pl\/index.php?rest_route=\/wp\/v2\/posts\/12242\/revisions"}],"predecessor-version":[{"id":12343,"href":"https:\/\/online.tvk-gaj.pl\/index.php?rest_route=\/wp\/v2\/posts\/12242\/revisions\/12343"}],"wp:featuredmedia":[{"embeddable":true,"href":"https:\/\/online.tvk-gaj.pl\/index.php?rest_route=\/wp\/v2\/media\/12332"}],"wp:attachment":[{"href":"https:\/\/online.tvk-gaj.pl\/index.php?rest_route=%2Fwp%2Fv2%2Fmedia&parent=12242"}],"wp:term":[{"taxonomy":"category","embeddable":true,"href":"https:\/\/online.tvk-gaj.pl\/index.php?rest_route=%2Fwp%2Fv2%2Fcategories&post=12242"},{"taxonomy":"post_tag","embeddable":true,"href":"https:\/\/online.tvk-gaj.pl\/index.php?rest_route=%2Fwp%2Fv2%2Ftags&post=12242"}],"curies":[{"name":"wp","href":"https:\/\/api.w.org\/{rel}","templated":true}]}}