{"id":12397,"date":"2020-10-12T19:35:34","date_gmt":"2020-10-12T17:35:34","guid":{"rendered":"http:\/\/www.tvk-gaj.pl\/~gajonline\/?p=12397"},"modified":"2020-10-21T22:32:31","modified_gmt":"2020-10-21T20:32:31","slug":"wyjatkowy-mecz-na-gaju-gwiazdy-slaska-vs-druzyna-osiedlowa","status":"publish","type":"post","link":"https:\/\/online.tvk-gaj.pl\/?p=12397","title":{"rendered":"Wyj\u0105tkowy mecz na Gaju: gwiazdy \u015al\u0105ska vs. dru\u017cyna osiedlowa"},"content":{"rendered":"\n<p>Z okazji 10 cio-lecia Klubu pi\u0142karskiego &#8222;Silesia Wroc\u0142aw Gaj&#8221; oraz programu Funduszu Czasu Wolnego w niedziel\u0119, 11 pa\u017adziernika, o godz. 14 na boisku ze sztuczn\u0105 muraw\u0105 &#8222;ORZECHOWA&#8221; po\u0142o\u017conego na terenie parku &#8222;S\u0142onecznego&#8221; odby\u0142 si\u0119 mecz pi\u0142karski pomi\u0119dzy Legend\u0105 WKS \u015al\u0105sk Wroc\u0142aw a dru\u017cyn\u0105 osiedlow\u0105. <\/p>\n\n\n\n<!--more-->\n\n\n\n<p><\/p>\n\n\n\n<p><\/p>\n\n\n\n<figure class=\"wp-block-image size-large\"><img loading=\"lazy\" decoding=\"async\" width=\"1024\" height=\"768\" src=\"http:\/\/www.tvk-gaj.pl\/~gajonline\/wp-content\/uploads\/2020\/10\/IMG_20201011_150444-1024x768.jpg\" alt=\"\" class=\"wp-image-12403\" srcset=\"https:\/\/online.tvk-gaj.pl\/wp-content\/uploads\/2020\/10\/IMG_20201011_150444-1024x768.jpg 1024w, https:\/\/online.tvk-gaj.pl\/wp-content\/uploads\/2020\/10\/IMG_20201011_150444-300x225.jpg 300w, https:\/\/online.tvk-gaj.pl\/wp-content\/uploads\/2020\/10\/IMG_20201011_150444-768x576.jpg 768w, https:\/\/online.tvk-gaj.pl\/wp-content\/uploads\/2020\/10\/IMG_20201011_150444-1536x1152.jpg 1536w, https:\/\/online.tvk-gaj.pl\/wp-content\/uploads\/2020\/10\/IMG_20201011_150444-2048x1536.jpg 2048w\" sizes=\"auto, (max-width: 1024px) 100vw, 1024px\" \/><\/figure>\n\n\n\n<p><\/p>\n\n\n\n<p><\/p>\n\n\n\n<p>Mecz zako\u0144czy\u0142&nbsp;si\u0119 wynikiem 8 do 7 dla zwyci\u0119skiej dru\u017cyny Osiedlowej.<\/p>\n\n\n\n<p><\/p>\n\n\n\n<p><\/p>\n\n\n\n<p><\/p>\n\n\n\n<p><strong>Sk\u0142ady dru\u017cyn:<\/strong><\/p>\n\n\n\n<p><\/p>\n\n\n\n<blockquote class=\"wp-block-quote is-layout-flow wp-block-quote-is-layout-flow\"><p><strong>Legenda WKS \u015al\u0105sk<\/strong><\/p><cite>1. Ryszard Brzoza &#8211; Kierownik zespo\u0142u<br>2. Ryszard Tarasiewicz &#8211; Trener uczestnik M\u015a w Meksyku<br>3. Waldemar Prusik &#8211; II Trener<br>4. Grzegorz Pietrzak<br>5. Renato D\u017cugaj<br>6. Waldemar T\u0119siorowski<br>7. Piotr T\u0119siorowski<br>8. Marek Sekunda<br>9. Dariusz Kustanowicz<br>10. Adrian Le\u015bniarek<br>11. Krzysztof Jagie\u0142\u0142o<br>12. Oliwier Pawlik<br>13. Marek Kowalczyk &#8211; kontuzja<br><\/cite><\/blockquote>\n\n\n\n<p>oraz<\/p>\n\n\n\n<p><\/p>\n\n\n\n<blockquote class=\"wp-block-quote is-layout-flow wp-block-quote-is-layout-flow\"><p><strong>Dru\u017cyna osiedlowa w sk\u0142adzie:<\/strong><\/p><cite>1. Tomasz Stasiak<br>2. Maciej Maciejewski<br>3. Roman Baranchuk<br>4. Konrad Hylewicz<br>5. Marian Iwanicki<br>6. Micha\u0142 Czechowski<br>7. Przemys\u0142aw Parzonka<br>8. Tomasz Wozniakowski<br>9. Damian Bandura<br>10. Adrian Szczepa\u0144ski<br>11. Dawid Buli\u0144ski &#8211; Trener<br><\/cite><\/blockquote>\n\n\n\n<p><\/p>\n\n\n\n<p><\/p>\n\n\n\n<p><strong>FOTORELACJA:<\/strong><\/p>\n\n\n\n<p><\/p>\n\n\n\n<p><\/p>\n\n\n\n<figure class=\"wp-block-image size-large\"><img loading=\"lazy\" decoding=\"async\" width=\"1024\" height=\"768\" src=\"http:\/\/www.tvk-gaj.pl\/~gajonline\/wp-content\/uploads\/2020\/10\/IMG_20201011_143427-1024x768.jpg\" alt=\"\" class=\"wp-image-12399\" srcset=\"https:\/\/online.tvk-gaj.pl\/wp-content\/uploads\/2020\/10\/IMG_20201011_143427-1024x768.jpg 1024w, https:\/\/online.tvk-gaj.pl\/wp-content\/uploads\/2020\/10\/IMG_20201011_143427-300x225.jpg 300w, https:\/\/online.tvk-gaj.pl\/wp-content\/uploads\/2020\/10\/IMG_20201011_143427-768x576.jpg 768w, https:\/\/online.tvk-gaj.pl\/wp-content\/uploads\/2020\/10\/IMG_20201011_143427-1536x1152.jpg 1536w, https:\/\/online.tvk-gaj.pl\/wp-content\/uploads\/2020\/10\/IMG_20201011_143427-2048x1536.jpg 2048w\" sizes=\"auto, (max-width: 1024px) 100vw, 1024px\" \/><\/figure>\n\n\n\n<p><\/p>\n\n\n\n<figure class=\"wp-block-image size-large\"><img loading=\"lazy\" decoding=\"async\" width=\"1024\" height=\"768\" src=\"http:\/\/www.tvk-gaj.pl\/~gajonline\/wp-content\/uploads\/2020\/10\/IMG_20201011_143415-1024x768.jpg\" alt=\"\" class=\"wp-image-12400\" srcset=\"https:\/\/online.tvk-gaj.pl\/wp-content\/uploads\/2020\/10\/IMG_20201011_143415-1024x768.jpg 1024w, https:\/\/online.tvk-gaj.pl\/wp-content\/uploads\/2020\/10\/IMG_20201011_143415-300x225.jpg 300w, https:\/\/online.tvk-gaj.pl\/wp-content\/uploads\/2020\/10\/IMG_20201011_143415-768x576.jpg 768w, https:\/\/online.tvk-gaj.pl\/wp-content\/uploads\/2020\/10\/IMG_20201011_143415-1536x1152.jpg 1536w, https:\/\/online.tvk-gaj.pl\/wp-content\/uploads\/2020\/10\/IMG_20201011_143415-2048x1536.jpg 2048w\" sizes=\"auto, (max-width: 1024px) 100vw, 1024px\" \/><\/figure>\n\n\n\n<p><\/p>\n\n\n\n<figure class=\"wp-block-image size-large\"><img loading=\"lazy\" decoding=\"async\" width=\"1024\" height=\"768\" src=\"http:\/\/www.tvk-gaj.pl\/~gajonline\/wp-content\/uploads\/2020\/10\/IMG_20201011_143932-1024x768.jpg\" alt=\"\" class=\"wp-image-12398\" srcset=\"https:\/\/online.tvk-gaj.pl\/wp-content\/uploads\/2020\/10\/IMG_20201011_143932-1024x768.jpg 1024w, https:\/\/online.tvk-gaj.pl\/wp-content\/uploads\/2020\/10\/IMG_20201011_143932-300x225.jpg 300w, https:\/\/online.tvk-gaj.pl\/wp-content\/uploads\/2020\/10\/IMG_20201011_143932-768x576.jpg 768w, https:\/\/online.tvk-gaj.pl\/wp-content\/uploads\/2020\/10\/IMG_20201011_143932-1536x1152.jpg 1536w, https:\/\/online.tvk-gaj.pl\/wp-content\/uploads\/2020\/10\/IMG_20201011_143932-2048x1536.jpg 2048w\" sizes=\"auto, (max-width: 1024px) 100vw, 1024px\" \/><\/figure>\n\n\n\n<p><\/p>\n\n\n\n<figure class=\"wp-block-image size-large\"><img loading=\"lazy\" decoding=\"async\" width=\"1024\" height=\"768\" src=\"http:\/\/www.tvk-gaj.pl\/~gajonline\/wp-content\/uploads\/2020\/10\/IMG_20201011_144052-1024x768.jpg\" alt=\"\" class=\"wp-image-12404\" srcset=\"https:\/\/online.tvk-gaj.pl\/wp-content\/uploads\/2020\/10\/IMG_20201011_144052-1024x768.jpg 1024w, https:\/\/online.tvk-gaj.pl\/wp-content\/uploads\/2020\/10\/IMG_20201011_144052-300x225.jpg 300w, https:\/\/online.tvk-gaj.pl\/wp-content\/uploads\/2020\/10\/IMG_20201011_144052-768x576.jpg 768w, https:\/\/online.tvk-gaj.pl\/wp-content\/uploads\/2020\/10\/IMG_20201011_144052-1536x1152.jpg 1536w, https:\/\/online.tvk-gaj.pl\/wp-content\/uploads\/2020\/10\/IMG_20201011_144052-2048x1536.jpg 2048w\" sizes=\"auto, (max-width: 1024px) 100vw, 1024px\" \/><\/figure>\n\n\n\n<p><\/p>\n\n\n\n<figure class=\"wp-block-image size-large\"><img loading=\"lazy\" decoding=\"async\" width=\"1024\" height=\"768\" src=\"http:\/\/www.tvk-gaj.pl\/~gajonline\/wp-content\/uploads\/2020\/10\/IMG_20201011_144041-1024x768.jpg\" alt=\"\" class=\"wp-image-12405\" srcset=\"https:\/\/online.tvk-gaj.pl\/wp-content\/uploads\/2020\/10\/IMG_20201011_144041-1024x768.jpg 1024w, https:\/\/online.tvk-gaj.pl\/wp-content\/uploads\/2020\/10\/IMG_20201011_144041-300x225.jpg 300w, https:\/\/online.tvk-gaj.pl\/wp-content\/uploads\/2020\/10\/IMG_20201011_144041-768x576.jpg 768w, https:\/\/online.tvk-gaj.pl\/wp-content\/uploads\/2020\/10\/IMG_20201011_144041-1536x1152.jpg 1536w, https:\/\/online.tvk-gaj.pl\/wp-content\/uploads\/2020\/10\/IMG_20201011_144041-2048x1536.jpg 2048w\" sizes=\"auto, (max-width: 1024px) 100vw, 1024px\" \/><\/figure>\n\n\n\n<p><\/p>\n\n\n\n<figure class=\"wp-block-image size-large\"><img loading=\"lazy\" decoding=\"async\" width=\"1024\" height=\"768\" src=\"http:\/\/www.tvk-gaj.pl\/~gajonline\/wp-content\/uploads\/2020\/10\/IMG_20201011_144023-1024x768.jpg\" alt=\"\" class=\"wp-image-12406\" srcset=\"https:\/\/online.tvk-gaj.pl\/wp-content\/uploads\/2020\/10\/IMG_20201011_144023-1024x768.jpg 1024w, https:\/\/online.tvk-gaj.pl\/wp-content\/uploads\/2020\/10\/IMG_20201011_144023-300x225.jpg 300w, https:\/\/online.tvk-gaj.pl\/wp-content\/uploads\/2020\/10\/IMG_20201011_144023-768x576.jpg 768w, https:\/\/online.tvk-gaj.pl\/wp-content\/uploads\/2020\/10\/IMG_20201011_144023-1536x1152.jpg 1536w, https:\/\/online.tvk-gaj.pl\/wp-content\/uploads\/2020\/10\/IMG_20201011_144023-2048x1536.jpg 2048w\" sizes=\"auto, (max-width: 1024px) 100vw, 1024px\" \/><\/figure>\n\n\n\n<p><\/p>\n\n\n\n<figure class=\"wp-block-image size-large\"><img loading=\"lazy\" decoding=\"async\" width=\"1024\" height=\"768\" src=\"http:\/\/www.tvk-gaj.pl\/~gajonline\/wp-content\/uploads\/2020\/10\/IMG_20201011_150520-1024x768.jpg\" alt=\"\" class=\"wp-image-12409\" srcset=\"https:\/\/online.tvk-gaj.pl\/wp-content\/uploads\/2020\/10\/IMG_20201011_150520-1024x768.jpg 1024w, https:\/\/online.tvk-gaj.pl\/wp-content\/uploads\/2020\/10\/IMG_20201011_150520-300x225.jpg 300w, https:\/\/online.tvk-gaj.pl\/wp-content\/uploads\/2020\/10\/IMG_20201011_150520-768x576.jpg 768w, https:\/\/online.tvk-gaj.pl\/wp-content\/uploads\/2020\/10\/IMG_20201011_150520-1536x1152.jpg 1536w, https:\/\/online.tvk-gaj.pl\/wp-content\/uploads\/2020\/10\/IMG_20201011_150520-2048x1536.jpg 2048w\" sizes=\"auto, (max-width: 1024px) 100vw, 1024px\" \/><\/figure>\n\n\n\n<p><\/p>\n\n\n\n<p><\/p>\n\n\n\n<p><\/p>\n\n\n\n<p><\/p>\n\n\n\n<p><strong>Kibicom oraz zawodnikom dzi\u0119kujemy za udzia\u0142 i wsparcie!<\/strong><\/p>\n\n\n\n<p><\/p>\n\n\n\n<p><\/p>\n","protected":false},"excerpt":{"rendered":"<p>Z okazji 10 cio-lecia Klubu pi\u0142karskiego &#8222;Silesia Wroc\u0142aw Gaj&#8221; oraz programu Funduszu Czasu Wolnego w niedziel\u0119, 11 pa\u017adziernika, o godz. 14 na boisku ze sztuczn\u0105 muraw\u0105 &#8222;ORZECHOWA&#8221; po\u0142o\u017conego na terenie parku &#8222;S\u0142onecznego&#8221; odby\u0142 si\u0119 mecz pi\u0142karski pomi\u0119dzy Legend\u0105 WKS \u015al\u0105sk Wroc\u0142aw a dru\u017cyn\u0105 osiedlow\u0105.<\/p>\n","protected":false},"author":1,"featured_media":10234,"comment_status":"open","ping_status":"open","sticky":false,"template":"","format":"standard","meta":{"footnotes":""},"categories":[14,12],"tags":[1294,714,135,1354],"class_list":["post-12397","post","type-post","status-publish","format-standard","has-post-thumbnail","hentry","category-aktualnosci","category-artykuly","tag-boisko-przy-orzechowej","tag-mecz","tag-rada-osiedla-gaj","tag-wyjatkowy-mecz-na-gaju"],"_links":{"self":[{"href":"https:\/\/online.tvk-gaj.pl\/index.php?rest_route=\/wp\/v2\/posts\/12397","targetHints":{"allow":["GET"]}}],"collection":[{"href":"https:\/\/online.tvk-gaj.pl\/index.php?rest_route=\/wp\/v2\/posts"}],"about":[{"href":"https:\/\/online.tvk-gaj.pl\/index.php?rest_route=\/wp\/v2\/types\/post"}],"author":[{"embeddable":true,"href":"https:\/\/online.tvk-gaj.pl\/index.php?rest_route=\/wp\/v2\/users\/1"}],"replies":[{"embeddable":true,"href":"https:\/\/online.tvk-gaj.pl\/index.php?rest_route=%2Fwp%2Fv2%2Fcomments&post=12397"}],"version-history":[{"count":6,"href":"https:\/\/online.tvk-gaj.pl\/index.php?rest_route=\/wp\/v2\/posts\/12397\/revisions"}],"predecessor-version":[{"id":12412,"href":"https:\/\/online.tvk-gaj.pl\/index.php?rest_route=\/wp\/v2\/posts\/12397\/revisions\/12412"}],"wp:featuredmedia":[{"embeddable":true,"href":"https:\/\/online.tvk-gaj.pl\/index.php?rest_route=\/wp\/v2\/media\/10234"}],"wp:attachment":[{"href":"https:\/\/online.tvk-gaj.pl\/index.php?rest_route=%2Fwp%2Fv2%2Fmedia&parent=12397"}],"wp:term":[{"taxonomy":"category","embeddable":true,"href":"https:\/\/online.tvk-gaj.pl\/index.php?rest_route=%2Fwp%2Fv2%2Fcategories&post=12397"},{"taxonomy":"post_tag","embeddable":true,"href":"https:\/\/online.tvk-gaj.pl\/index.php?rest_route=%2Fwp%2Fv2%2Ftags&post=12397"}],"curies":[{"name":"wp","href":"https:\/\/api.w.org\/{rel}","templated":true}]}}