{"id":12416,"date":"2020-10-28T20:17:00","date_gmt":"2020-10-28T19:17:00","guid":{"rendered":"http:\/\/www.tvk-gaj.pl\/~gajonline\/?p=12416"},"modified":"2020-10-28T20:23:12","modified_gmt":"2020-10-28T19:23:12","slug":"gaj-sprzata-groby","status":"publish","type":"post","link":"https:\/\/online.tvk-gaj.pl\/?p=12416","title":{"rendered":"Gaj sprz\u0105ta groby!"},"content":{"rendered":"\n<p>[AKCJA SPO\u0141ECZNA] Tydzie\u0144 przed \u015bwi\u0119tem Wszystkich \u015awi\u0119tych na cmentarzu &#8222;Skowronia G\u00f3ra&#8221; na Gaju odb\u0119dzie si\u0119 spo\u0142eczna akcja sprz\u0105tania nekropolii. [AKTUALIZACJA Z DNIA 28.10.2020 &#8211; fotorelacja]<\/p>\n\n\n\n<!--more-->\n\n\n\n<p><\/p>\n\n\n\n<p><\/p>\n\n\n\n<p><\/p>\n\n\n\n<figure class=\"wp-block-image size-large\"><img loading=\"lazy\" decoding=\"async\" width=\"724\" height=\"1024\" src=\"http:\/\/www.tvk-gaj.pl\/~gajonline\/wp-content\/uploads\/2020\/10\/fbsprzataniecmentarza-724x1024.jpg\" alt=\"\" class=\"wp-image-12418\" srcset=\"https:\/\/online.tvk-gaj.pl\/wp-content\/uploads\/2020\/10\/fbsprzataniecmentarza-724x1024.jpg 724w, https:\/\/online.tvk-gaj.pl\/wp-content\/uploads\/2020\/10\/fbsprzataniecmentarza-212x300.jpg 212w, https:\/\/online.tvk-gaj.pl\/wp-content\/uploads\/2020\/10\/fbsprzataniecmentarza-768x1086.jpg 768w, https:\/\/online.tvk-gaj.pl\/wp-content\/uploads\/2020\/10\/fbsprzataniecmentarza.jpg 1018w\" sizes=\"auto, (max-width: 724px) 100vw, 724px\" \/><\/figure>\n\n\n\n<p><\/p>\n\n\n\n<p><\/p>\n\n\n\n<p><\/p>\n\n\n\n<p><strong>AKTUALIZACJA Z DNIA 28.10.2020 &#8211; fotorelacja<\/strong><\/p>\n\n\n\n<p><\/p>\n\n\n\n[ngg src=&#8221;galleries&#8221; ids=&#8221;114&#8243; display=&#8221;basic_thumbnail&#8221; thumbnail_crop=&#8221;0&#8243;]\n\n\n\n<p><\/p>\n\n\n\n<p><\/p>\n\n\n\n<p><\/p>\n\n\n\n<p>Zbli\u017ca si\u0119 dzie\u0144 zaduszny, b\u0119dziemy odwiedza\u0107 swoich bliskich na cmentarzach, s\u0105 jednak groby zaniedbane, zapomniane przez wszystkich tu\u017c na naszym osiedlu\u2026<\/p>\n\n\n\n<p><br>Poka\u017cmy jedno\u015b\u0107, zapalmy \u015bwieczki na grobach \u017co\u0142nierzy radzieckich i posprz\u0105tajmy samotne groby na cmentarzu \u201eSkowronia G\u00f3ra\u201d.<br><\/p>\n\n\n\n<p>Zbi\u00f3rka 24.10.2020r godzina 10.00 przed bram\u0105 cmentarza od strony ul. Borowskiej. Potrzebne ch\u0119ci i dobry humor!&nbsp;<br><br>Zapewniamy r\u0119kawice, worki. Mile widziane znicze i kwiaty.<br><br>Przypominamy r\u00f3wnie\u017c o przestrzeganiu re\u017cimu sanitarnego podczas akcji, tj. noszenia maseczek, r\u0119kawiczek i zachowywanie dystansu spo\u0142ecznego.<\/p>\n\n\n\n<p><\/p>\n\n\n\n<p>Akcj\u0119 wspieraj\u0105 Rada osiedla Gaj oraz Miejski O\u015brodek Pomocy Spo\u0142ecznej Zesp\u00f3\u0142 Terenowej Pracy Socjalnej nr 5.<\/p>\n\n\n\n<p><br>Osoba do kontaktu Irina Brovko tel. 787918726<\/p>\n\n\n\n<p><\/p>\n\n\n\n<p><\/p>\n\n\n\n<p><strong>Zapraszamy mieszka\u0144c\u00f3w Gaju i okolic!<\/strong><\/p>\n\n\n\n<p><\/p>\n\n\n\n<p><\/p>\n\n\n\n<p><\/p>\n","protected":false},"excerpt":{"rendered":"<p>[AKCJA SPO\u0141ECZNA] Tydzie\u0144 przed \u015bwi\u0119tem Wszystkich \u015awi\u0119tych na cmentarzu &#8222;Skowronia G\u00f3ra&#8221; na Gaju odb\u0119dzie si\u0119 spo\u0142eczna akcja sprz\u0105tania nekropolii. [AKTUALIZACJA Z DNIA 28.10.2020 &#8211; fotorelacja]<\/p>\n","protected":false},"author":1,"featured_media":12417,"comment_status":"open","ping_status":"open","sticky":false,"template":"","format":"standard","meta":{"footnotes":""},"categories":[14],"tags":[546,1356,1358],"class_list":["post-12416","post","type-post","status-publish","format-standard","has-post-thumbnail","hentry","category-aktualnosci","tag-cmentarz-skowronia-gora","tag-gaj-sprzata-groby","tag-wszystkich-swietych-2020-gaj"],"_links":{"self":[{"href":"https:\/\/online.tvk-gaj.pl\/index.php?rest_route=\/wp\/v2\/posts\/12416","targetHints":{"allow":["GET"]}}],"collection":[{"href":"https:\/\/online.tvk-gaj.pl\/index.php?rest_route=\/wp\/v2\/posts"}],"about":[{"href":"https:\/\/online.tvk-gaj.pl\/index.php?rest_route=\/wp\/v2\/types\/post"}],"author":[{"embeddable":true,"href":"https:\/\/online.tvk-gaj.pl\/index.php?rest_route=\/wp\/v2\/users\/1"}],"replies":[{"embeddable":true,"href":"https:\/\/online.tvk-gaj.pl\/index.php?rest_route=%2Fwp%2Fv2%2Fcomments&post=12416"}],"version-history":[{"count":7,"href":"https:\/\/online.tvk-gaj.pl\/index.php?rest_route=\/wp\/v2\/posts\/12416\/revisions"}],"predecessor-version":[{"id":12476,"href":"https:\/\/online.tvk-gaj.pl\/index.php?rest_route=\/wp\/v2\/posts\/12416\/revisions\/12476"}],"wp:featuredmedia":[{"embeddable":true,"href":"https:\/\/online.tvk-gaj.pl\/index.php?rest_route=\/wp\/v2\/media\/12417"}],"wp:attachment":[{"href":"https:\/\/online.tvk-gaj.pl\/index.php?rest_route=%2Fwp%2Fv2%2Fmedia&parent=12416"}],"wp:term":[{"taxonomy":"category","embeddable":true,"href":"https:\/\/online.tvk-gaj.pl\/index.php?rest_route=%2Fwp%2Fv2%2Fcategories&post=12416"},{"taxonomy":"post_tag","embeddable":true,"href":"https:\/\/online.tvk-gaj.pl\/index.php?rest_route=%2Fwp%2Fv2%2Ftags&post=12416"}],"curies":[{"name":"wp","href":"https:\/\/api.w.org\/{rel}","templated":true}]}}