{"id":12423,"date":"2020-10-25T20:47:00","date_gmt":"2020-10-25T19:47:00","guid":{"rendered":"http:\/\/www.tvk-gaj.pl\/~gajonline\/?p=12423"},"modified":"2020-10-22T20:48:08","modified_gmt":"2020-10-22T18:48:08","slug":"nowe-specjalne-polaczenie-mpk-na-gaj","status":"publish","type":"post","link":"https:\/\/online.tvk-gaj.pl\/?p=12423","title":{"rendered":"Nowe, specjalne po\u0142\u0105czenie MPK na Gaj"},"content":{"rendered":"\n<p>W trosce o bezpiecze\u0144stwo personelu medycznego oraz student\u00f3w Uniwersytetu Medycznego we Wroc\u0142awiu miasto uruchamia nowe, specjalne po\u0142\u0105czenie komunikacji miejskiej pomi\u0119dzy Gajem a Placem Grunwaldzkim. <\/p>\n\n\n\n<!--more-->\n\n\n\n<p><\/p>\n\n\n\n<p><\/p>\n\n\n\n<figure class=\"wp-block-image size-large\"><img loading=\"lazy\" decoding=\"async\" width=\"960\" height=\"720\" src=\"http:\/\/www.tvk-gaj.pl\/~gajonline\/wp-content\/uploads\/2020\/10\/mpkprzejazd.jpg\" alt=\"\" class=\"wp-image-12425\" srcset=\"https:\/\/online.tvk-gaj.pl\/wp-content\/uploads\/2020\/10\/mpkprzejazd.jpg 960w, https:\/\/online.tvk-gaj.pl\/wp-content\/uploads\/2020\/10\/mpkprzejazd-300x225.jpg 300w, https:\/\/online.tvk-gaj.pl\/wp-content\/uploads\/2020\/10\/mpkprzejazd-768x576.jpg 768w\" sizes=\"auto, (max-width: 960px) 100vw, 960px\" \/><\/figure>\n\n\n\n<p><\/p>\n\n\n\n<p><\/p>\n\n\n\n<p>Od poniedzia\u0142ku, 26 pa\u017adziernika wroc\u0142awskie MPK uruchamia specjaln\u0105\u00a0lini\u0119 autobusow\u0105 dla student\u00f3w oraz pracownik\u00f3w Uniwersytetu Medycznego im. Piast\u00f3w \u015al\u0105skich we Wroc\u0142awiu.<\/p>\n\n\n\n<p>Nowa linia po\u0142\u0105czy kampus przy ul. Pasteura z Uniwersyteckim Szpitalem Klinicznym im. Jana Mikulicza-Radeckiego we Wroc\u0142awiu przy ul. Borowskiej. <\/p>\n\n\n\n<p><\/p>\n\n\n\n<p>Jak m\u00f3wi Prezydent Wroc\u0142awia Jacek Sutryk:<\/p>\n\n\n\n<p><\/p>\n\n\n\n<blockquote class=\"wp-block-quote is-layout-flow wp-block-quote-is-layout-flow\"><p>Prezydent Wroc\u0142awia Jacek Sutryk:<\/p><cite>W tym szczeg\u00f3lnym czasie pandemii jeste\u015bmy winni wsparcie wszystkim walcz\u0105cym na pierwszej linii pandemicznego frontu<\/cite><\/blockquote>\n\n\n\n<p><\/p>\n\n\n\n<p><\/p>\n\n\n\n<p>Wszystkim medykom w tym szczeg\u00f3lnym czasie dzi\u0119kujemy za ci\u0119\u017ck\u0105 prac\u0119 i po\u015bwi\u0119cenie!<\/p>\n\n\n\n<p><\/p>\n\n\n\n<p><\/p>\n\n\n\n<p><\/p>\n","protected":false},"excerpt":{"rendered":"<p>W trosce o bezpiecze\u0144stwo personelu medycznego oraz student\u00f3w Uniwersytetu Medycznego we Wroc\u0142awiu miasto uruchamia nowe, specjalne po\u0142\u0105czenie komunikacji miejskiej pomi\u0119dzy Gajem a Placem Grunwaldzkim.<\/p>\n","protected":false},"author":1,"featured_media":12424,"comment_status":"open","ping_status":"open","sticky":false,"template":"","format":"standard","meta":{"footnotes":""},"categories":[14],"tags":[413,1361,1359,1102],"class_list":["post-12423","post","type-post","status-publish","format-standard","has-post-thumbnail","hentry","category-aktualnosci","tag-mpk-wroclaw","tag-nowe-polaczenie-uniwersytet-medyczny","tag-specjalne-polaczenie-dla-medykow","tag-szpital-borowska"],"_links":{"self":[{"href":"https:\/\/online.tvk-gaj.pl\/index.php?rest_route=\/wp\/v2\/posts\/12423","targetHints":{"allow":["GET"]}}],"collection":[{"href":"https:\/\/online.tvk-gaj.pl\/index.php?rest_route=\/wp\/v2\/posts"}],"about":[{"href":"https:\/\/online.tvk-gaj.pl\/index.php?rest_route=\/wp\/v2\/types\/post"}],"author":[{"embeddable":true,"href":"https:\/\/online.tvk-gaj.pl\/index.php?rest_route=\/wp\/v2\/users\/1"}],"replies":[{"embeddable":true,"href":"https:\/\/online.tvk-gaj.pl\/index.php?rest_route=%2Fwp%2Fv2%2Fcomments&post=12423"}],"version-history":[{"count":2,"href":"https:\/\/online.tvk-gaj.pl\/index.php?rest_route=\/wp\/v2\/posts\/12423\/revisions"}],"predecessor-version":[{"id":12427,"href":"https:\/\/online.tvk-gaj.pl\/index.php?rest_route=\/wp\/v2\/posts\/12423\/revisions\/12427"}],"wp:featuredmedia":[{"embeddable":true,"href":"https:\/\/online.tvk-gaj.pl\/index.php?rest_route=\/wp\/v2\/media\/12424"}],"wp:attachment":[{"href":"https:\/\/online.tvk-gaj.pl\/index.php?rest_route=%2Fwp%2Fv2%2Fmedia&parent=12423"}],"wp:term":[{"taxonomy":"category","embeddable":true,"href":"https:\/\/online.tvk-gaj.pl\/index.php?rest_route=%2Fwp%2Fv2%2Fcategories&post=12423"},{"taxonomy":"post_tag","embeddable":true,"href":"https:\/\/online.tvk-gaj.pl\/index.php?rest_route=%2Fwp%2Fv2%2Ftags&post=12423"}],"curies":[{"name":"wp","href":"https:\/\/api.w.org\/{rel}","templated":true}]}}