{"id":12428,"date":"2020-10-25T11:25:49","date_gmt":"2020-10-25T10:25:49","guid":{"rendered":"http:\/\/www.tvk-gaj.pl\/~gajonline\/?p=12428"},"modified":"2020-10-25T11:28:31","modified_gmt":"2020-10-25T10:28:31","slug":"zmarl-maz-radnej-osiedla-gaj","status":"publish","type":"post","link":"https:\/\/online.tvk-gaj.pl\/?p=12428","title":{"rendered":"Zmar\u0142 m\u0105\u017c radnej Osiedla Gaj"},"content":{"rendered":"\n<p>Z g\u0142\u0119bokim \u017calem informujemy, \u017ce zmar\u0142 m\u0105\u017c radnej Osiedla Gaj &#8211; Pan Krzysztof Ryfa.<\/p>\n\n\n\n<!--more-->\n\n\n\n<p><\/p>\n\n\n\n<p><\/p>\n\n\n\n<p>Uroczysto\u015bci pogrzebowe odb\u0119d\u0105 si\u0119 w \u015brod\u0119, 28 pa\u017adziernika, o godzinie 13:00 na cmentarzu przy ul. Bardzkiej 80.\u00a0<\/p>\n\n\n\n<p><\/p>\n\n\n\n<p><\/p>\n\n\n\n<figure class=\"wp-block-image size-large\"><img loading=\"lazy\" decoding=\"async\" width=\"1024\" height=\"708\" src=\"http:\/\/www.tvk-gaj.pl\/~gajonline\/wp-content\/uploads\/2020\/10\/Zrzut-ekranu-2020-10-25-o-11.28.02-1024x708.png\" alt=\"\" class=\"wp-image-12432\" srcset=\"https:\/\/online.tvk-gaj.pl\/wp-content\/uploads\/2020\/10\/Zrzut-ekranu-2020-10-25-o-11.28.02-1024x708.png 1024w, https:\/\/online.tvk-gaj.pl\/wp-content\/uploads\/2020\/10\/Zrzut-ekranu-2020-10-25-o-11.28.02-300x208.png 300w, https:\/\/online.tvk-gaj.pl\/wp-content\/uploads\/2020\/10\/Zrzut-ekranu-2020-10-25-o-11.28.02-768x531.png 768w, https:\/\/online.tvk-gaj.pl\/wp-content\/uploads\/2020\/10\/Zrzut-ekranu-2020-10-25-o-11.28.02.png 1197w\" sizes=\"auto, (max-width: 1024px) 100vw, 1024px\" \/><\/figure>\n\n\n\n<p><\/p>\n\n\n\n<p><\/p>\n\n\n\n<p><\/p>\n","protected":false},"excerpt":{"rendered":"<p>Z g\u0142\u0119bokim \u017calem informujemy, \u017ce zmar\u0142 m\u0105\u017c radnej Osiedla Gaj &#8211; Pan Krzysztof Ryfa.<\/p>\n","protected":false},"author":1,"featured_media":12154,"comment_status":"open","ping_status":"open","sticky":false,"template":"","format":"standard","meta":{"footnotes":""},"categories":[14],"tags":[1149,968,1363],"class_list":["post-12428","post","type-post","status-publish","format-standard","has-post-thumbnail","hentry","category-aktualnosci","tag-kondolencje","tag-nekrolog","tag-zmarl-maz-radnej-osiedla-gaj"],"_links":{"self":[{"href":"https:\/\/online.tvk-gaj.pl\/index.php?rest_route=\/wp\/v2\/posts\/12428","targetHints":{"allow":["GET"]}}],"collection":[{"href":"https:\/\/online.tvk-gaj.pl\/index.php?rest_route=\/wp\/v2\/posts"}],"about":[{"href":"https:\/\/online.tvk-gaj.pl\/index.php?rest_route=\/wp\/v2\/types\/post"}],"author":[{"embeddable":true,"href":"https:\/\/online.tvk-gaj.pl\/index.php?rest_route=\/wp\/v2\/users\/1"}],"replies":[{"embeddable":true,"href":"https:\/\/online.tvk-gaj.pl\/index.php?rest_route=%2Fwp%2Fv2%2Fcomments&post=12428"}],"version-history":[{"count":2,"href":"https:\/\/online.tvk-gaj.pl\/index.php?rest_route=\/wp\/v2\/posts\/12428\/revisions"}],"predecessor-version":[{"id":12433,"href":"https:\/\/online.tvk-gaj.pl\/index.php?rest_route=\/wp\/v2\/posts\/12428\/revisions\/12433"}],"wp:featuredmedia":[{"embeddable":true,"href":"https:\/\/online.tvk-gaj.pl\/index.php?rest_route=\/wp\/v2\/media\/12154"}],"wp:attachment":[{"href":"https:\/\/online.tvk-gaj.pl\/index.php?rest_route=%2Fwp%2Fv2%2Fmedia&parent=12428"}],"wp:term":[{"taxonomy":"category","embeddable":true,"href":"https:\/\/online.tvk-gaj.pl\/index.php?rest_route=%2Fwp%2Fv2%2Fcategories&post=12428"},{"taxonomy":"post_tag","embeddable":true,"href":"https:\/\/online.tvk-gaj.pl\/index.php?rest_route=%2Fwp%2Fv2%2Ftags&post=12428"}],"curies":[{"name":"wp","href":"https:\/\/api.w.org\/{rel}","templated":true}]}}