{"id":12434,"date":"2020-10-24T11:31:00","date_gmt":"2020-10-24T09:31:00","guid":{"rendered":"http:\/\/www.tvk-gaj.pl\/~gajonline\/?p=12434"},"modified":"2020-11-07T18:28:19","modified_gmt":"2020-11-07T17:28:19","slug":"koronawirus-wroclaw-w-czerwonej-strefie","status":"publish","type":"post","link":"https:\/\/online.tvk-gaj.pl\/?p=12434","title":{"rendered":"Koronawirus: Wroc\u0142aw w czerwonej strefie!"},"content":{"rendered":"\n<p>[AKTUALIZACJA Z 07.11.2020r.] Od soboty, 24 pa\u017adziernika, na terenie ca\u0142ego kraju wchodz\u0105 w \u017cycie najnowsze wytyczne sanitarno-epidemiologiczne zwi\u0105zane z pandemi\u0105 koronawirusa. W czerwonej strefie obostrze\u0144 znalaz\u0142 si\u0119 r\u00f3wnie\u017c Gaj, jak i ca\u0142y Wroc\u0142aw. Artyku\u0142 b\u0119dzie uzupe\u0142niany wraz z nowymi informacjami. <\/p>\n\n\n\n<!--more-->\n\n\n\n<p><\/p>\n\n\n\n<p><\/p>\n\n\n\n<p><strong>NOWE ZASADY &#8211; OD 07.11.2020r.<\/strong><\/p>\n\n\n\n<p><\/p>\n\n\n\n<p><\/p>\n\n\n\n<figure class=\"wp-block-image size-large\"><img loading=\"lazy\" decoding=\"async\" width=\"960\" height=\"768\" src=\"http:\/\/www.tvk-gaj.pl\/~gajonline\/wp-content\/uploads\/2020\/11\/IMG_1849.jpg\" alt=\"\" class=\"wp-image-12612\" srcset=\"https:\/\/online.tvk-gaj.pl\/wp-content\/uploads\/2020\/11\/IMG_1849.jpg 960w, https:\/\/online.tvk-gaj.pl\/wp-content\/uploads\/2020\/11\/IMG_1849-300x240.jpg 300w, https:\/\/online.tvk-gaj.pl\/wp-content\/uploads\/2020\/11\/IMG_1849-768x614.jpg 768w\" sizes=\"auto, (max-width: 960px) 100vw, 960px\" \/><\/figure>\n\n\n\n<p><\/p>\n\n\n\n<p><\/p>\n\n\n\n<p><strong>NOWE ZASADY &#8211; OD 24.10.2020r.<\/strong><\/p>\n\n\n\n<p><\/p>\n\n\n\n<p><\/p>\n\n\n\n<figure class=\"wp-block-image size-large\"><img loading=\"lazy\" decoding=\"async\" width=\"1024\" height=\"819\" src=\"http:\/\/www.tvk-gaj.pl\/~gajonline\/wp-content\/uploads\/2020\/10\/wro1-1024x819.jpg\" alt=\"\" class=\"wp-image-12436\" srcset=\"https:\/\/online.tvk-gaj.pl\/wp-content\/uploads\/2020\/10\/wro1-1024x819.jpg 1024w, https:\/\/online.tvk-gaj.pl\/wp-content\/uploads\/2020\/10\/wro1-300x240.jpg 300w, https:\/\/online.tvk-gaj.pl\/wp-content\/uploads\/2020\/10\/wro1-768x614.jpg 768w, https:\/\/online.tvk-gaj.pl\/wp-content\/uploads\/2020\/10\/wro1.jpg 1280w\" sizes=\"auto, (max-width: 1024px) 100vw, 1024px\" \/><\/figure>\n\n\n\n<p><\/p>\n\n\n\n<p><\/p>\n\n\n\n<p>Wi\u0119cej szczeg\u00f3\u0142owych informacji na temat obostrze\u0144 oraz aktualnej sytuacji epidemicznej w mie\u015bcie znajdziecie na <a rel=\"noreferrer noopener\" href=\"https:\/\/www.wroclaw.pl\/portal\/zolta-strefa-polska-wroclaw\" target=\"_blank\">stronie internetowej Wroc\u0142awia.<\/a><\/p>\n\n\n\n<p><\/p>\n\n\n\n<p><\/p>\n","protected":false},"excerpt":{"rendered":"<p>[AKTUALIZACJA Z 07.11.2020r.] Od soboty, 24 pa\u017adziernika, na terenie ca\u0142ego kraju wchodz\u0105 w \u017cycie najnowsze wytyczne sanitarno-epidemiologiczne zwi\u0105zane z pandemi\u0105 koronawirusa. W czerwonej strefie obostrze\u0144 znalaz\u0142 si\u0119 r\u00f3wnie\u017c Gaj, jak i ca\u0142y Wroc\u0142aw. Artyku\u0142 b\u0119dzie uzupe\u0142niany wraz z nowymi informacjami.<\/p>\n","protected":false},"author":1,"featured_media":12435,"comment_status":"open","ping_status":"open","sticky":false,"template":"","format":"standard","meta":{"footnotes":""},"categories":[14],"tags":[1366,1266],"class_list":["post-12434","post","type-post","status-publish","format-standard","has-post-thumbnail","hentry","category-aktualnosci","tag-informacje-rada-osiedla-gaj","tag-koronawirus"],"_links":{"self":[{"href":"https:\/\/online.tvk-gaj.pl\/index.php?rest_route=\/wp\/v2\/posts\/12434","targetHints":{"allow":["GET"]}}],"collection":[{"href":"https:\/\/online.tvk-gaj.pl\/index.php?rest_route=\/wp\/v2\/posts"}],"about":[{"href":"https:\/\/online.tvk-gaj.pl\/index.php?rest_route=\/wp\/v2\/types\/post"}],"author":[{"embeddable":true,"href":"https:\/\/online.tvk-gaj.pl\/index.php?rest_route=\/wp\/v2\/users\/1"}],"replies":[{"embeddable":true,"href":"https:\/\/online.tvk-gaj.pl\/index.php?rest_route=%2Fwp%2Fv2%2Fcomments&post=12434"}],"version-history":[{"count":2,"href":"https:\/\/online.tvk-gaj.pl\/index.php?rest_route=\/wp\/v2\/posts\/12434\/revisions"}],"predecessor-version":[{"id":12613,"href":"https:\/\/online.tvk-gaj.pl\/index.php?rest_route=\/wp\/v2\/posts\/12434\/revisions\/12613"}],"wp:featuredmedia":[{"embeddable":true,"href":"https:\/\/online.tvk-gaj.pl\/index.php?rest_route=\/wp\/v2\/media\/12435"}],"wp:attachment":[{"href":"https:\/\/online.tvk-gaj.pl\/index.php?rest_route=%2Fwp%2Fv2%2Fmedia&parent=12434"}],"wp:term":[{"taxonomy":"category","embeddable":true,"href":"https:\/\/online.tvk-gaj.pl\/index.php?rest_route=%2Fwp%2Fv2%2Fcategories&post=12434"},{"taxonomy":"post_tag","embeddable":true,"href":"https:\/\/online.tvk-gaj.pl\/index.php?rest_route=%2Fwp%2Fv2%2Ftags&post=12434"}],"curies":[{"name":"wp","href":"https:\/\/api.w.org\/{rel}","templated":true}]}}