{"id":12450,"date":"2020-10-27T21:37:35","date_gmt":"2020-10-27T20:37:35","guid":{"rendered":"http:\/\/www.tvk-gaj.pl\/~gajonline\/?p=12450"},"modified":"2020-10-27T21:39:42","modified_gmt":"2020-10-27T20:39:42","slug":"sportowy-gaj-czyli-pilka-nozna-na-gaju","status":"publish","type":"post","link":"https:\/\/online.tvk-gaj.pl\/?p=12450","title":{"rendered":"&#8222;Sportowy Gaj&#8221; &#8211; czyli pi\u0142ka no\u017cna na Gaju!"},"content":{"rendered":"\n<p>Fotorelacja z pi\u0142karskiego weekendu na Gaju! W sobot\u0119 i niedziel\u0119, 24-25 pa\u017adziernika, na boisku pi\u0142karskim przy ul. Orzechowej odby\u0142y si\u0119 zaj\u0119cia i rozgrywki pi\u0142ki no\u017cnej w ramach akcji &#8222;Sportowy Gaj&#8221;.<\/p>\n\n\n\n<!--more-->\n\n\n\n<p><\/p>\n\n\n\n<p><\/p>\n\n\n\n<figure class=\"wp-block-image size-large\"><img loading=\"lazy\" decoding=\"async\" width=\"724\" height=\"1024\" src=\"http:\/\/www.tvk-gaj.pl\/~gajonline\/wp-content\/uploads\/2020\/10\/plakat2internet-724x1024.jpg\" alt=\"\" class=\"wp-image-12349\" srcset=\"https:\/\/online.tvk-gaj.pl\/wp-content\/uploads\/2020\/10\/plakat2internet-724x1024.jpg 724w, https:\/\/online.tvk-gaj.pl\/wp-content\/uploads\/2020\/10\/plakat2internet-212x300.jpg 212w, https:\/\/online.tvk-gaj.pl\/wp-content\/uploads\/2020\/10\/plakat2internet-768x1086.jpg 768w, https:\/\/online.tvk-gaj.pl\/wp-content\/uploads\/2020\/10\/plakat2internet.jpg 849w\" sizes=\"auto, (max-width: 724px) 100vw, 724px\" \/><\/figure>\n\n\n\n<p><\/p>\n\n\n\n<p><\/p>\n\n\n\n<p><\/p>\n\n\n\n<p>Kolejne zaj\u0119cia odb\u0119d\u0105 si\u0119 w weekend 7-8 listopada. <\/p>\n\n\n\n<p>Szczeg\u00f3\u0142owy program dost\u0119pny jest <a href=\"http:\/\/www.tvk-gaj.pl\/~gajonline\/?p=12345\" target=\"_blank\" rel=\"noreferrer noopener\">tutaj<\/a>. <\/p>\n\n\n\n<p>Serdecznie zapraszamy!<\/p>\n\n\n\n<p><\/p>\n\n\n\n<p><\/p>\n\n\n\n<p><\/p>\n\n\n\n<p><strong>FOTORELACJA Z WEEKENDU 24-25.10.2020r.:<\/strong><\/p>\n\n\n\n<p><\/p>\n\n\n\n[ngg src=&#8221;galleries&#8221; ids=&#8221;113&#8243; display=&#8221;basic_thumbnail&#8221; thumbnail_crop=&#8221;0&#8243;]\n\n\n\n<p><\/p>\n\n\n\n<p><\/p>\n\n\n\n<p><\/p>\n","protected":false},"excerpt":{"rendered":"<p>Fotorelacja z pi\u0142karskiego weekendu na Gaju! W sobot\u0119 i niedziel\u0119, 24-25 pa\u017adziernika, na boisku pi\u0142karskim przy ul. Orzechowej odby\u0142y si\u0119 zaj\u0119cia i rozgrywki pi\u0142ki no\u017cnej w ramach akcji &#8222;Sportowy Gaj&#8221;.<\/p>\n","protected":false},"author":1,"featured_media":12463,"comment_status":"open","ping_status":"open","sticky":false,"template":"","format":"standard","meta":{"footnotes":""},"categories":[14],"tags":[112,504,135],"class_list":["post-12450","post","type-post","status-publish","format-standard","has-post-thumbnail","hentry","category-aktualnosci","tag-gaj","tag-pilka-nozna","tag-rada-osiedla-gaj"],"_links":{"self":[{"href":"https:\/\/online.tvk-gaj.pl\/index.php?rest_route=\/wp\/v2\/posts\/12450","targetHints":{"allow":["GET"]}}],"collection":[{"href":"https:\/\/online.tvk-gaj.pl\/index.php?rest_route=\/wp\/v2\/posts"}],"about":[{"href":"https:\/\/online.tvk-gaj.pl\/index.php?rest_route=\/wp\/v2\/types\/post"}],"author":[{"embeddable":true,"href":"https:\/\/online.tvk-gaj.pl\/index.php?rest_route=\/wp\/v2\/users\/1"}],"replies":[{"embeddable":true,"href":"https:\/\/online.tvk-gaj.pl\/index.php?rest_route=%2Fwp%2Fv2%2Fcomments&post=12450"}],"version-history":[{"count":2,"href":"https:\/\/online.tvk-gaj.pl\/index.php?rest_route=\/wp\/v2\/posts\/12450\/revisions"}],"predecessor-version":[{"id":12464,"href":"https:\/\/online.tvk-gaj.pl\/index.php?rest_route=\/wp\/v2\/posts\/12450\/revisions\/12464"}],"wp:featuredmedia":[{"embeddable":true,"href":"https:\/\/online.tvk-gaj.pl\/index.php?rest_route=\/wp\/v2\/media\/12463"}],"wp:attachment":[{"href":"https:\/\/online.tvk-gaj.pl\/index.php?rest_route=%2Fwp%2Fv2%2Fmedia&parent=12450"}],"wp:term":[{"taxonomy":"category","embeddable":true,"href":"https:\/\/online.tvk-gaj.pl\/index.php?rest_route=%2Fwp%2Fv2%2Fcategories&post=12450"},{"taxonomy":"post_tag","embeddable":true,"href":"https:\/\/online.tvk-gaj.pl\/index.php?rest_route=%2Fwp%2Fv2%2Ftags&post=12450"}],"curies":[{"name":"wp","href":"https:\/\/api.w.org\/{rel}","templated":true}]}}