{"id":12482,"date":"2020-10-30T19:59:34","date_gmt":"2020-10-30T18:59:34","guid":{"rendered":"http:\/\/www.tvk-gaj.pl\/~gajonline\/?p=12482"},"modified":"2020-10-30T20:00:27","modified_gmt":"2020-10-30T19:00:27","slug":"wszystkich-swietych-cmentarze-zamkniete","status":"publish","type":"post","link":"https:\/\/online.tvk-gaj.pl\/?p=12482","title":{"rendered":"Wszystkich \u015awi\u0119tych &#8211; cmentarze zamkni\u0119te!"},"content":{"rendered":"\n<p>Nowe obostrzenia zwi\u0105zane z walk\u0105 z pandemi\u0105 koronawirusa &#8211; cmentarze pozostan\u0105\u00a0zamkni\u0119te w dniach 31.10 oraz 1.11 i 2.11. <\/p>\n\n\n\n<!--more-->\n\n\n\n<p><\/p>\n\n\n\n<p><\/p>\n\n\n\n<p><\/p>\n\n\n\n<figure class=\"wp-block-image size-large\"><img loading=\"lazy\" decoding=\"async\" width=\"1024\" height=\"768\" src=\"http:\/\/www.tvk-gaj.pl\/~gajonline\/wp-content\/uploads\/2020\/10\/14-1024x768.jpg\" alt=\"\" class=\"wp-image-12485\" srcset=\"https:\/\/online.tvk-gaj.pl\/wp-content\/uploads\/2020\/10\/14-1024x768.jpg 1024w, https:\/\/online.tvk-gaj.pl\/wp-content\/uploads\/2020\/10\/14-300x225.jpg 300w, https:\/\/online.tvk-gaj.pl\/wp-content\/uploads\/2020\/10\/14-768x576.jpg 768w, https:\/\/online.tvk-gaj.pl\/wp-content\/uploads\/2020\/10\/14-1536x1152.jpg 1536w, https:\/\/online.tvk-gaj.pl\/wp-content\/uploads\/2020\/10\/14.jpg 2048w\" sizes=\"auto, (max-width: 1024px) 100vw, 1024px\" \/><\/figure>\n\n\n\n<p><\/p>\n\n\n\n<p><\/p>\n\n\n\n<p><strong>W sobot\u0119 31 pa\u017adziernika oraz w niedziel\u0119 1 listopada i poniedzia\u0142ek 2 listopad nekropolie w ca\u0142ym kraju pozostan\u0105 zamkni\u0119te.<\/strong> <\/p>\n\n\n\n<p>Dotyczy to r\u00f3wnie\u017c cmentarzy na i w okolicy Gaju &#8211; cmentarza parafialnego &#8222;Skowronia G\u00f3ra&#8221; przy ul. Dzia\u0142kowej oraz cmentarza parafialnego \u015aw. Ducha przy ul. Bardzkiej. <\/p>\n\n\n\n<p>Zawieszone zostaj\u0105 r\u00f3wnie\u017c linie specjalne komunikacji miejskiej we Wroc\u0142awiu. <\/p>\n\n\n\n<p>Miasto zdecydowa\u0142o tak\u017ce nie wprowadza\u0107 zmian w organizacji ruchu wok\u00f3\u0142 cmentarzy. <\/p>\n\n\n\n<p><\/p>\n\n\n\n<p><\/p>\n\n\n\n<p><\/p>\n\n\n\n<figure class=\"wp-block-image size-large\"><img loading=\"lazy\" decoding=\"async\" width=\"1024\" height=\"722\" src=\"http:\/\/www.tvk-gaj.pl\/~gajonline\/wp-content\/uploads\/2020\/10\/8-1024x722.jpg\" alt=\"\" class=\"wp-image-12486\" srcset=\"https:\/\/online.tvk-gaj.pl\/wp-content\/uploads\/2020\/10\/8-1024x722.jpg 1024w, https:\/\/online.tvk-gaj.pl\/wp-content\/uploads\/2020\/10\/8-300x211.jpg 300w, https:\/\/online.tvk-gaj.pl\/wp-content\/uploads\/2020\/10\/8-768x541.jpg 768w, https:\/\/online.tvk-gaj.pl\/wp-content\/uploads\/2020\/10\/8-1536x1083.jpg 1536w, https:\/\/online.tvk-gaj.pl\/wp-content\/uploads\/2020\/10\/8.jpg 1975w\" sizes=\"auto, (max-width: 1024px) 100vw, 1024px\" \/><\/figure>\n\n\n\n<p><\/p>\n\n\n\n<p><\/p>\n\n\n\n<p><\/p>\n\n\n\n<p><strong>Zwracamy si\u0119 z apelem o wyrozumia\u0142o\u015b\u0107 oraz stosowanie si\u0119 do obostrze\u0144 sanitarno-epidemiologicznych.<\/strong><\/p>\n\n\n\n<p><\/p>\n\n\n\n<p><\/p>\n\n\n\n<p><\/p>\n","protected":false},"excerpt":{"rendered":"<p>Nowe obostrzenia zwi\u0105zane z walk\u0105 z pandemi\u0105 koronawirusa &#8211; cmentarze pozostan\u0105\u00a0zamkni\u0119te w dniach 31.10 oraz 1.11 i 2.11.<\/p>\n","protected":false},"author":1,"featured_media":12484,"comment_status":"open","ping_status":"open","sticky":false,"template":"","format":"standard","meta":{"footnotes":""},"categories":[14,12],"tags":[1346,121,1358],"class_list":["post-12482","post","type-post","status-publish","format-standard","has-post-thumbnail","hentry","category-aktualnosci","category-artykuly","tag-pandemia","tag-wszystkich-swietych","tag-wszystkich-swietych-2020-gaj"],"_links":{"self":[{"href":"https:\/\/online.tvk-gaj.pl\/index.php?rest_route=\/wp\/v2\/posts\/12482","targetHints":{"allow":["GET"]}}],"collection":[{"href":"https:\/\/online.tvk-gaj.pl\/index.php?rest_route=\/wp\/v2\/posts"}],"about":[{"href":"https:\/\/online.tvk-gaj.pl\/index.php?rest_route=\/wp\/v2\/types\/post"}],"author":[{"embeddable":true,"href":"https:\/\/online.tvk-gaj.pl\/index.php?rest_route=\/wp\/v2\/users\/1"}],"replies":[{"embeddable":true,"href":"https:\/\/online.tvk-gaj.pl\/index.php?rest_route=%2Fwp%2Fv2%2Fcomments&post=12482"}],"version-history":[{"count":3,"href":"https:\/\/online.tvk-gaj.pl\/index.php?rest_route=\/wp\/v2\/posts\/12482\/revisions"}],"predecessor-version":[{"id":12488,"href":"https:\/\/online.tvk-gaj.pl\/index.php?rest_route=\/wp\/v2\/posts\/12482\/revisions\/12488"}],"wp:featuredmedia":[{"embeddable":true,"href":"https:\/\/online.tvk-gaj.pl\/index.php?rest_route=\/wp\/v2\/media\/12484"}],"wp:attachment":[{"href":"https:\/\/online.tvk-gaj.pl\/index.php?rest_route=%2Fwp%2Fv2%2Fmedia&parent=12482"}],"wp:term":[{"taxonomy":"category","embeddable":true,"href":"https:\/\/online.tvk-gaj.pl\/index.php?rest_route=%2Fwp%2Fv2%2Fcategories&post=12482"},{"taxonomy":"post_tag","embeddable":true,"href":"https:\/\/online.tvk-gaj.pl\/index.php?rest_route=%2Fwp%2Fv2%2Ftags&post=12482"}],"curies":[{"name":"wp","href":"https:\/\/api.w.org\/{rel}","templated":true}]}}