{"id":12603,"date":"2020-11-06T21:28:03","date_gmt":"2020-11-06T20:28:03","guid":{"rendered":"http:\/\/www.tvk-gaj.pl\/~gajonline\/?p=12603"},"modified":"2020-11-06T21:29:52","modified_gmt":"2020-11-06T20:29:52","slug":"artystyczna-toaleta-i-nowe-drzewa-w-parku-skowronim","status":"publish","type":"post","link":"https:\/\/online.tvk-gaj.pl\/?p=12603","title":{"rendered":"Artystyczna toaleta i nowe drzewa w Parku Skowronim"},"content":{"rendered":"\n<p>W Parku Skowronim na Gaju pojawi\u0142y si\u0119 artystyczna toaleta publiczna oraz ponad 40 nowych drzew. Inwestycje zrealizowane zosta\u0142y przez miasto Wroc\u0142aw, a konkretnie Zarz\u0105d Zieleni Miejskiej oraz Zielony Wroc\u0142aw. w<\/p>\n\n\n\n<!--more-->\n\n\n\n<p><\/p>\n\n\n\n<p><\/p>\n\n\n\n<p><strong>Nowa toaleta publiczna w Parku Skowronim<\/strong><\/p>\n\n\n\n<p><\/p>\n\n\n\n<p><\/p>\n\n\n\n<figure class=\"wp-block-image size-large\"><img loading=\"lazy\" decoding=\"async\" width=\"960\" height=\"720\" src=\"http:\/\/www.tvk-gaj.pl\/~gajonline\/wp-content\/uploads\/2020\/11\/IMG_1824.jpg\" alt=\"\" class=\"wp-image-12604\" srcset=\"https:\/\/online.tvk-gaj.pl\/wp-content\/uploads\/2020\/11\/IMG_1824.jpg 960w, https:\/\/online.tvk-gaj.pl\/wp-content\/uploads\/2020\/11\/IMG_1824-300x225.jpg 300w, https:\/\/online.tvk-gaj.pl\/wp-content\/uploads\/2020\/11\/IMG_1824-768x576.jpg 768w\" sizes=\"auto, (max-width: 960px) 100vw, 960px\" \/><\/figure>\n\n\n\n<p><\/p>\n\n\n\n<p><\/p>\n\n\n\n<p>W Parku Skowronim na Gaju pojawi\u0142a si\u0119 nowa, inspirowana sztuk\u0105 toaleta publiczna. Inwestycja realizowana jest przez miasto Wroc\u0142aw w ramach projektu #Zielony Wroc\u0142aw.  Toaleta znajduje si\u0119 w pobli\u017cu szpitala onkologicznego Przyl\u0105dek Nadziei, a jej elewacja nawi\u0105zuje do nazwy parku.<\/p>\n\n\n\n<p><\/p>\n\n\n\n<p><\/p>\n\n\n\n<figure class=\"wp-block-image size-large\"><img loading=\"lazy\" decoding=\"async\" width=\"960\" height=\"720\" src=\"http:\/\/www.tvk-gaj.pl\/~gajonline\/wp-content\/uploads\/2020\/11\/IMG_1823.jpg\" alt=\"\" class=\"wp-image-12605\" srcset=\"https:\/\/online.tvk-gaj.pl\/wp-content\/uploads\/2020\/11\/IMG_1823.jpg 960w, https:\/\/online.tvk-gaj.pl\/wp-content\/uploads\/2020\/11\/IMG_1823-300x225.jpg 300w, https:\/\/online.tvk-gaj.pl\/wp-content\/uploads\/2020\/11\/IMG_1823-768x576.jpg 768w\" sizes=\"auto, (max-width: 960px) 100vw, 960px\" \/><\/figure>\n\n\n\n<p><\/p>\n\n\n\n<p><\/p>\n\n\n\n<blockquote class=\"wp-block-quote is-layout-flow wp-block-quote-is-layout-flow\"><p>Marek Szempli\u0144ski z Zarz\u0105du Zieleni Miejskiej we Wroc\u0142awiu:<\/p><cite>Wn\u0119trze (toalet &#8211; przyp. red.) podzielone b\u0119dzie na dwie cz\u0119\u015bci: u\u017cytkow\u0105 oraz techniczno-serwisow\u0105. W toaletach tych znajd\u0105 si\u0119 m.in.: umywalka, lustro, kran, suszarka, dozownik na myd\u0142o, uchwyt dla os\u00f3b niepe\u0142nosprawnych, przewijak dla niemowl\u0105t i automatyczny od\u015bwie\u017cacz powietrza. Nowe szalety b\u0119d\u0105 wandaloodporne i na bie\u017c\u0105co serwisowane oraz czyszczone. Puszczana b\u0119dzie w nich te\u017c muzyka.<\/cite><\/blockquote>\n\n\n\n<p>Obecnie trwa oczekiwanie na pod\u0142\u0105czenie pr\u0105du i uruchomienie toalety dla mieszka\u0144c\u00f3w. <\/p>\n\n\n\n<p><\/p>\n\n\n\n<p><\/p>\n\n\n\n<p><strong>Nowe nasadzenia w Parku Skowronim<\/strong><\/p>\n\n\n\n<p><\/p>\n\n\n\n<p><\/p>\n\n\n\n<figure class=\"wp-block-image size-large\"><img loading=\"lazy\" decoding=\"async\" width=\"1024\" height=\"768\" src=\"http:\/\/www.tvk-gaj.pl\/~gajonline\/wp-content\/uploads\/2020\/11\/123680139_2971583972943776_3501777678644934696_o-1024x768.jpg\" alt=\"\" class=\"wp-image-12606\" srcset=\"https:\/\/online.tvk-gaj.pl\/wp-content\/uploads\/2020\/11\/123680139_2971583972943776_3501777678644934696_o-1024x768.jpg 1024w, https:\/\/online.tvk-gaj.pl\/wp-content\/uploads\/2020\/11\/123680139_2971583972943776_3501777678644934696_o-300x225.jpg 300w, https:\/\/online.tvk-gaj.pl\/wp-content\/uploads\/2020\/11\/123680139_2971583972943776_3501777678644934696_o-768x576.jpg 768w, https:\/\/online.tvk-gaj.pl\/wp-content\/uploads\/2020\/11\/123680139_2971583972943776_3501777678644934696_o-1536x1152.jpg 1536w, https:\/\/online.tvk-gaj.pl\/wp-content\/uploads\/2020\/11\/123680139_2971583972943776_3501777678644934696_o.jpg 1984w\" sizes=\"auto, (max-width: 1024px) 100vw, 1024px\" \/><\/figure>\n\n\n\n<p><\/p>\n\n\n\n<p><\/p>\n\n\n\n<p>Tej jesieni do Parku Skowroniego, w ramach jesiennych nasadze\u0144,  trafi\u0142y 44 drzewa i ok. 1000 krzew\u00f3w.<\/p>\n\n\n\n<p><\/p>\n\n\n\n<p><\/p>\n\n\n\n<figure class=\"wp-block-image size-large\"><img loading=\"lazy\" decoding=\"async\" width=\"1024\" height=\"768\" src=\"http:\/\/www.tvk-gaj.pl\/~gajonline\/wp-content\/uploads\/2020\/11\/123704953_2971579416277565_4021694183975264621_o-1024x768.jpg\" alt=\"\" class=\"wp-image-12607\" srcset=\"https:\/\/online.tvk-gaj.pl\/wp-content\/uploads\/2020\/11\/123704953_2971579416277565_4021694183975264621_o-1024x768.jpg 1024w, https:\/\/online.tvk-gaj.pl\/wp-content\/uploads\/2020\/11\/123704953_2971579416277565_4021694183975264621_o-300x225.jpg 300w, https:\/\/online.tvk-gaj.pl\/wp-content\/uploads\/2020\/11\/123704953_2971579416277565_4021694183975264621_o-768x576.jpg 768w, https:\/\/online.tvk-gaj.pl\/wp-content\/uploads\/2020\/11\/123704953_2971579416277565_4021694183975264621_o-1536x1152.jpg 1536w, https:\/\/online.tvk-gaj.pl\/wp-content\/uploads\/2020\/11\/123704953_2971579416277565_4021694183975264621_o.jpg 1984w\" sizes=\"auto, (max-width: 1024px) 100vw, 1024px\" \/><\/figure>\n\n\n\n<p><\/p>\n\n\n\n<p><\/p>\n\n\n\n<p>Szczeg\u00f3lnym nasadzeniem by\u0142y 3 graby, kt\u00f3re wsadzono symbolicznie jako podzi\u0119kowanie dla solidarno\u015bci mieszka\u0144c\u00f3w Wroc\u0142awia, kt\u00f3rzy pomimo zamkni\u0119cia cmentarzy 1 listopada wspierali lokalnych sprzedawc\u00f3w kwiat\u00f3w. <\/p>\n\n\n\n<p><\/p>\n\n\n\n<p><\/p>\n\n\n\n<p><\/p>\n\n\n\n<figure class=\"wp-block-image size-large\"><img loading=\"lazy\" decoding=\"async\" width=\"1024\" height=\"768\" src=\"http:\/\/www.tvk-gaj.pl\/~gajonline\/wp-content\/uploads\/2020\/11\/P1060110-1024x768.jpg\" alt=\"\" class=\"wp-image-12608\" srcset=\"https:\/\/online.tvk-gaj.pl\/wp-content\/uploads\/2020\/11\/P1060110-1024x768.jpg 1024w, https:\/\/online.tvk-gaj.pl\/wp-content\/uploads\/2020\/11\/P1060110-300x225.jpg 300w, https:\/\/online.tvk-gaj.pl\/wp-content\/uploads\/2020\/11\/P1060110-768x576.jpg 768w, https:\/\/online.tvk-gaj.pl\/wp-content\/uploads\/2020\/11\/P1060110-1536x1152.jpg 1536w, https:\/\/online.tvk-gaj.pl\/wp-content\/uploads\/2020\/11\/P1060110.jpg 2048w\" sizes=\"auto, (max-width: 1024px) 100vw, 1024px\" \/><\/figure>\n\n\n\n<p><\/p>\n\n\n\n<p><\/p>\n\n\n\n<p>W zwi\u0105zku z nowymi inwestycjami w parku nie pozostaje nam nic innego jak tylko zaprosi\u0107 na jesienny spacer do Parku Skowroniego.<\/p>\n\n\n\n<p><\/p>\n\n\n\n<p><\/p>\n\n\n\n<p><\/p>\n\n\n\n<p><\/p>\n\n\n\n<p><em>Zdj\u0119cia pochodz\u0105 z facebook&#8217;owego profilu Prezydenta Wroc\u0142awia Jacka Sutryka oraz facebook&#8217;owego profilu ZielonyWroclaw. <\/em><\/p>\n","protected":false},"excerpt":{"rendered":"<p>W Parku Skowronim na Gaju pojawi\u0142y si\u0119 artystyczna toaleta publiczna oraz ponad 40 nowych drzew. Inwestycje zrealizowane zosta\u0142y przez miasto Wroc\u0142aw, a konkretnie Zarz\u0105d Zieleni Miejskiej oraz Zielony Wroc\u0142aw. w<\/p>\n","protected":false},"author":1,"featured_media":12610,"comment_status":"open","ping_status":"open","sticky":false,"template":"","format":"standard","meta":{"footnotes":""},"categories":[14,12],"tags":[1382,442,1377],"class_list":["post-12603","post","type-post","status-publish","format-standard","has-post-thumbnail","hentry","category-aktualnosci","category-artykuly","tag-nasadzenia-park-skowroni","tag-park-skowroni","tag-tolaeta"],"_links":{"self":[{"href":"https:\/\/online.tvk-gaj.pl\/index.php?rest_route=\/wp\/v2\/posts\/12603","targetHints":{"allow":["GET"]}}],"collection":[{"href":"https:\/\/online.tvk-gaj.pl\/index.php?rest_route=\/wp\/v2\/posts"}],"about":[{"href":"https:\/\/online.tvk-gaj.pl\/index.php?rest_route=\/wp\/v2\/types\/post"}],"author":[{"embeddable":true,"href":"https:\/\/online.tvk-gaj.pl\/index.php?rest_route=\/wp\/v2\/users\/1"}],"replies":[{"embeddable":true,"href":"https:\/\/online.tvk-gaj.pl\/index.php?rest_route=%2Fwp%2Fv2%2Fcomments&post=12603"}],"version-history":[{"count":1,"href":"https:\/\/online.tvk-gaj.pl\/index.php?rest_route=\/wp\/v2\/posts\/12603\/revisions"}],"predecessor-version":[{"id":12609,"href":"https:\/\/online.tvk-gaj.pl\/index.php?rest_route=\/wp\/v2\/posts\/12603\/revisions\/12609"}],"wp:featuredmedia":[{"embeddable":true,"href":"https:\/\/online.tvk-gaj.pl\/index.php?rest_route=\/wp\/v2\/media\/12610"}],"wp:attachment":[{"href":"https:\/\/online.tvk-gaj.pl\/index.php?rest_route=%2Fwp%2Fv2%2Fmedia&parent=12603"}],"wp:term":[{"taxonomy":"category","embeddable":true,"href":"https:\/\/online.tvk-gaj.pl\/index.php?rest_route=%2Fwp%2Fv2%2Fcategories&post=12603"},{"taxonomy":"post_tag","embeddable":true,"href":"https:\/\/online.tvk-gaj.pl\/index.php?rest_route=%2Fwp%2Fv2%2Ftags&post=12603"}],"curies":[{"name":"wp","href":"https:\/\/api.w.org\/{rel}","templated":true}]}}