{"id":12619,"date":"2020-11-14T08:17:00","date_gmt":"2020-11-14T07:17:00","guid":{"rendered":"http:\/\/www.tvk-gaj.pl\/~gajonline\/?p=12619"},"modified":"2020-11-11T13:29:57","modified_gmt":"2020-11-11T12:29:57","slug":"budowa-obwodnicy-rowerowej-na-gaju","status":"publish","type":"post","link":"https:\/\/online.tvk-gaj.pl\/?p=12619","title":{"rendered":"Budowa obwodnicy rowerowej na Gaju"},"content":{"rendered":"\n<p>Trwaj\u0105 prace budowlane zwi\u0105zane z realizacj\u0105 zwyci\u0119skich projekt\u00f3w Wroc\u0142awskiego Bud\u017cetu Obywatelskiego (projekt podzielony na cz\u0119\u015bci i lata), czyli \u015bcie\u017cki pieszo-rowerowej w ramach tzw. zielonej rowerowo-pieszej obwodnicy Wroc\u0142awia.<\/p>\n\n\n\n<!--more-->\n\n\n\n<p><\/p>\n\n\n\n<p><\/p>\n\n\n\n<figure class=\"wp-block-image size-large\"><img loading=\"lazy\" decoding=\"async\" width=\"1024\" height=\"768\" src=\"http:\/\/www.tvk-gaj.pl\/~gajonline\/wp-content\/uploads\/2020\/11\/04e17b48-d03a-4a9b-9259-fbaf91d1597e-1024x768.jpg\" alt=\"\" class=\"wp-image-12626\" srcset=\"https:\/\/online.tvk-gaj.pl\/wp-content\/uploads\/2020\/11\/04e17b48-d03a-4a9b-9259-fbaf91d1597e-1024x768.jpg 1024w, https:\/\/online.tvk-gaj.pl\/wp-content\/uploads\/2020\/11\/04e17b48-d03a-4a9b-9259-fbaf91d1597e-300x225.jpg 300w, https:\/\/online.tvk-gaj.pl\/wp-content\/uploads\/2020\/11\/04e17b48-d03a-4a9b-9259-fbaf91d1597e-768x576.jpg 768w, https:\/\/online.tvk-gaj.pl\/wp-content\/uploads\/2020\/11\/04e17b48-d03a-4a9b-9259-fbaf91d1597e-1536x1152.jpg 1536w, https:\/\/online.tvk-gaj.pl\/wp-content\/uploads\/2020\/11\/04e17b48-d03a-4a9b-9259-fbaf91d1597e.jpg 1600w\" sizes=\"auto, (max-width: 1024px) 100vw, 1024px\" \/><\/figure>\n\n\n\n<p><\/p>\n\n\n\n<p><\/p>\n\n\n\n<p>Przez teren Gaju przechodni fragment obwodnicy zlokalizowany mi\u0119dzy ulicami Bardzk\u0105 i Borowsk\u0105, biegn\u0105cy wzd\u0142u\u017c teren\u00f3w zielonych przy nasypie kolejowym oddzielaj\u0105cym Gaj od Wojszyc. <\/p>\n\n\n\n<p><\/p>\n\n\n\n<p><\/p>\n\n\n\n<figure class=\"wp-block-image size-large\"><img loading=\"lazy\" decoding=\"async\" width=\"768\" height=\"1024\" src=\"http:\/\/www.tvk-gaj.pl\/~gajonline\/wp-content\/uploads\/2020\/11\/a18cf9c6-8f05-4423-84e9-a3f3b5282a6d-768x1024.jpg\" alt=\"\" class=\"wp-image-12627\" srcset=\"https:\/\/online.tvk-gaj.pl\/wp-content\/uploads\/2020\/11\/a18cf9c6-8f05-4423-84e9-a3f3b5282a6d-768x1024.jpg 768w, https:\/\/online.tvk-gaj.pl\/wp-content\/uploads\/2020\/11\/a18cf9c6-8f05-4423-84e9-a3f3b5282a6d-225x300.jpg 225w, https:\/\/online.tvk-gaj.pl\/wp-content\/uploads\/2020\/11\/a18cf9c6-8f05-4423-84e9-a3f3b5282a6d-1152x1536.jpg 1152w, https:\/\/online.tvk-gaj.pl\/wp-content\/uploads\/2020\/11\/a18cf9c6-8f05-4423-84e9-a3f3b5282a6d.jpg 1200w\" sizes=\"auto, (max-width: 768px) 100vw, 768px\" \/><\/figure>\n\n\n\n<p><\/p>\n\n\n\n<p><\/p>\n\n\n\n<p>Docelowo obwodnica ma obejmowa\u0107 wi\u0119ksz\u0105 cz\u0119\u015b\u0107 po\u0142udnia miasta. <\/p>\n\n\n\n<p><\/p>\n\n\n\n<p><\/p>\n\n\n\n<figure class=\"wp-block-image size-large\"><img loading=\"lazy\" decoding=\"async\" width=\"768\" height=\"1024\" src=\"http:\/\/www.tvk-gaj.pl\/~gajonline\/wp-content\/uploads\/2020\/11\/IMG_1826-768x1024.jpg\" alt=\"\" class=\"wp-image-12628\" srcset=\"https:\/\/online.tvk-gaj.pl\/wp-content\/uploads\/2020\/11\/IMG_1826-768x1024.jpg 768w, https:\/\/online.tvk-gaj.pl\/wp-content\/uploads\/2020\/11\/IMG_1826-225x300.jpg 225w, https:\/\/online.tvk-gaj.pl\/wp-content\/uploads\/2020\/11\/IMG_1826-1152x1536.jpg 1152w, https:\/\/online.tvk-gaj.pl\/wp-content\/uploads\/2020\/11\/IMG_1826-1536x2048.jpg 1536w, https:\/\/online.tvk-gaj.pl\/wp-content\/uploads\/2020\/11\/IMG_1826-scaled.jpg 1920w\" sizes=\"auto, (max-width: 768px) 100vw, 768px\" \/><\/figure>\n\n\n\n<p><\/p>\n\n\n\n<p><\/p>\n\n\n\n<p>Zdj\u0119cia przedstawiaj\u0105 prace ziemne w okolicach ulic Jerzego Kukuczki oraz Srebrnog\u00f3rskiej. <\/p>\n\n\n\n<p><\/p>\n\n\n\n<p><\/p>\n\n\n\n<figure class=\"wp-block-image size-large\"><img loading=\"lazy\" decoding=\"async\" width=\"768\" height=\"1024\" src=\"http:\/\/www.tvk-gaj.pl\/~gajonline\/wp-content\/uploads\/2020\/11\/IMG_1833-768x1024.jpg\" alt=\"\" class=\"wp-image-12629\" srcset=\"https:\/\/online.tvk-gaj.pl\/wp-content\/uploads\/2020\/11\/IMG_1833-768x1024.jpg 768w, https:\/\/online.tvk-gaj.pl\/wp-content\/uploads\/2020\/11\/IMG_1833-225x300.jpg 225w, https:\/\/online.tvk-gaj.pl\/wp-content\/uploads\/2020\/11\/IMG_1833-1152x1536.jpg 1152w, https:\/\/online.tvk-gaj.pl\/wp-content\/uploads\/2020\/11\/IMG_1833-1536x2048.jpg 1536w, https:\/\/online.tvk-gaj.pl\/wp-content\/uploads\/2020\/11\/IMG_1833-scaled.jpg 1920w\" sizes=\"auto, (max-width: 768px) 100vw, 768px\" \/><\/figure>\n\n\n\n<p><\/p>\n\n\n\n<p><\/p>\n\n\n\n<p>Na zako\u0144czenie prac poczeka\u0107 trzeba do przysz\u0142ego roku.<\/p>\n\n\n\n<p><\/p>\n\n\n\n<p><\/p>\n\n\n\n<p><\/p>\n\n\n\n<p><\/p>\n\n\n\n<p><\/p>\n\n\n\n<p><em>Za cz\u0119\u015b\u0107 zdj\u0119\u0107 dzi\u0119kujemy naszemu Czytelnikowi, Joys Do\u0142ek.<\/em><\/p>\n","protected":false},"excerpt":{"rendered":"<p>Trwaj\u0105 prace budowlane zwi\u0105zane z realizacj\u0105 zwyci\u0119skich projekt\u00f3w Wroc\u0142awskiego Bud\u017cetu Obywatelskiego (projekt podzielony na cz\u0119\u015bci i lata), czyli \u015bcie\u017cki pieszo-rowerowej w ramach tzw. zielonej rowerowo-pieszej obwodnicy Wroc\u0142awia.<\/p>\n","protected":false},"author":1,"featured_media":12621,"comment_status":"open","ping_status":"open","sticky":false,"template":"","format":"standard","meta":{"footnotes":""},"categories":[14,12],"tags":[112,1055,243],"class_list":["post-12619","post","type-post","status-publish","format-standard","has-post-thumbnail","hentry","category-aktualnosci","category-artykuly","tag-gaj","tag-obwodnica-rowerowa","tag-sciezka-rowerowa"],"_links":{"self":[{"href":"https:\/\/online.tvk-gaj.pl\/index.php?rest_route=\/wp\/v2\/posts\/12619","targetHints":{"allow":["GET"]}}],"collection":[{"href":"https:\/\/online.tvk-gaj.pl\/index.php?rest_route=\/wp\/v2\/posts"}],"about":[{"href":"https:\/\/online.tvk-gaj.pl\/index.php?rest_route=\/wp\/v2\/types\/post"}],"author":[{"embeddable":true,"href":"https:\/\/online.tvk-gaj.pl\/index.php?rest_route=\/wp\/v2\/users\/1"}],"replies":[{"embeddable":true,"href":"https:\/\/online.tvk-gaj.pl\/index.php?rest_route=%2Fwp%2Fv2%2Fcomments&post=12619"}],"version-history":[{"count":3,"href":"https:\/\/online.tvk-gaj.pl\/index.php?rest_route=\/wp\/v2\/posts\/12619\/revisions"}],"predecessor-version":[{"id":12632,"href":"https:\/\/online.tvk-gaj.pl\/index.php?rest_route=\/wp\/v2\/posts\/12619\/revisions\/12632"}],"wp:featuredmedia":[{"embeddable":true,"href":"https:\/\/online.tvk-gaj.pl\/index.php?rest_route=\/wp\/v2\/media\/12621"}],"wp:attachment":[{"href":"https:\/\/online.tvk-gaj.pl\/index.php?rest_route=%2Fwp%2Fv2%2Fmedia&parent=12619"}],"wp:term":[{"taxonomy":"category","embeddable":true,"href":"https:\/\/online.tvk-gaj.pl\/index.php?rest_route=%2Fwp%2Fv2%2Fcategories&post=12619"},{"taxonomy":"post_tag","embeddable":true,"href":"https:\/\/online.tvk-gaj.pl\/index.php?rest_route=%2Fwp%2Fv2%2Ftags&post=12619"}],"curies":[{"name":"wp","href":"https:\/\/api.w.org\/{rel}","templated":true}]}}